{"id":22258,"date":"2022-11-13T16:46:51","date_gmt":"2022-11-13T13:46:51","guid":{"rendered":"http:\/\/akdenizolaygazetesi.com\/?p=22258"},"modified":"2022-11-13T16:46:51","modified_gmt":"2022-11-13T13:46:51","slug":"gokayaz-bu-festivallerin-sehrimiz-acisindan-cok-buyuk-bir-onemi-var","status":"publish","type":"post","link":"https:\/\/akdenizolaygazetesi.com\/?p=22258","title":{"rendered":"G\u00d6KAYAZ: &#8220;BU FEST\u0130VALLER\u0130N, \u015eEHR\u0130M\u0130Z A\u00c7ISINDAN \u00c7OK B\u00dcY\u00dcK B\u0130R \u00d6NEM\u0130 VAR&#8221;"},"content":{"rendered":"<p>Bu y\u0131l 8.&#8217;si d\u00fczenlenen &#8216;Uluslararas\u0131 Mersin Narenciye Festivali&#8217; renkli g\u00f6r\u00fcnt\u00fclere sahne oldu. Mersin&#8217;in yan\u0131 s\u0131ra \u00e7evre illerden insanlar\u0131n da yo\u011fun kat\u0131l\u0131m g\u00f6sterdi\u011fi festivalde, Mersin B\u00fcy\u00fck\u015fehir Belediyesi&#8217;nin ve destek verdi\u011fi \u00fcreticilerin stantlar\u0131 b\u00fcy\u00fck ilgi g\u00f6rd\u00fc. Mersin B\u00fcy\u00fck\u015fehir Belediyesi stand\u0131na gelen \u00e7ocuklara belediye \u00e7al\u0131\u015fanlar\u0131 taraf\u0131ndan narenciye aromal\u0131 kurabiye ikram edilirken, Tar\u0131msal Hizmetler Dairesi Ba\u015fkanl\u0131\u011f\u0131 taraf\u0131ndan ise vatanda\u015flara 1000 adet limon fidesi ile 5 bin paket limon da\u011f\u0131t\u0131ld\u0131.<\/p>\n<p>Mersin Valisi Ali Hamza Pehlivan da, Mersin B\u00fcy\u00fck\u015fehir Belediyesi&#8217;nin festival stand\u0131n\u0131 ziyaret ederek, Genel Sekreter Yard\u0131mc\u0131s\u0131 Serdal G\u00f6kayaz ile K\u00fclt\u00fcr ve Sosyal \u0130\u015fler Dairesi Koordinat\u00f6r\u00fc Bengi \u0130spir \u00d6zd\u00fclger&#8217;den bilgi ald\u0131.<\/p>\n<p>Mersin B\u00fcy\u00fck\u015fehir Belediyesi&#8217;nin; alan kurulumundan, sat\u0131\u015f yapmak isteyen \u00fcretici kad\u0131nlar\u0131n stantlar\u0131na kadar bir\u00e7ok noktada yer ald\u0131\u011f\u0131na dikkat \u00e7eken Genel Sekreter Yard\u0131mc\u0131s\u0131 Serdal G\u00f6kayaz, halk\u0131n, g\u00f6stermi\u015f oldu\u011fu ilgi ile bu t\u00fcr organizasyonlara ciddi anlamda ev sahipli\u011fi yapt\u0131\u011f\u0131n\u0131 s\u00f6yledi.<\/p>\n<p>G\u00f6kayaz: &#8220;Bu etkinlikleri d\u00fczenlemeye ve destek olmaya devam edece\u011fiz&#8221;<\/p>\n<p>Bu t\u00fcr festivallerin \u015fehirler a\u00e7\u0131s\u0131ndan \u00e7ok b\u00fcy\u00fck \u00f6nemi oldu\u011funu belirten Genel Sekreter Yard\u0131mc\u0131s\u0131 Serdal G\u00f6kayaz, bir\u00e7ok etkinli\u011fin bir arada yer ald\u0131\u011f\u0131 bu organizasyonlar\u0131n, vatanda\u015flar\u0131n pandemide biriktirdikleri olumsuz enerjiyi olumluya \u00e7evirme noktas\u0131nda da etkili oldu\u011funu ifade etti. Ge\u00e7en hafta 1. Uluslararas\u0131 Tarsus Festivali&#8217;ni de ger\u00e7ekle\u015ftirdiklerini kaydeden G\u00f6kayaz, &#8220;Vatanda\u015flar\u0131m\u0131z\u0131n bir araya gelmesi a\u00e7\u0131s\u0131ndan, bu festivaller inan\u0131lmaz bir f\u0131rsat sunuyor. Biz de bundan dolay\u0131 b\u00fcy\u00fck bir mutluluk duyuyoruz. Bundan sonraki s\u00fcre\u00e7te de, Mersin B\u00fcy\u00fck\u015fehir Belediyesi&#8217;nin bu t\u00fcr etkinlikleri d\u00fczenlemeye ve destek olmaya devam edece\u011fini rahatl\u0131kla s\u00f6yleyebilirim&#8221; diye konu\u015ftu. <\/p>\n<p>&#8220;Bu stantlar sayesinde daha geni\u015f kitlelere ula\u015f\u0131yoruz&#8221;<\/p>\n<p>Festivalde Mersin B\u00fcy\u00fck\u015fehir Belediyesi&#8217;nin &#8216;\u00dcretici Kad\u0131n Stand\u0131&#8217;nda&#8217; sat\u0131\u015f yapan Deniz S\u00fcmer, bu t\u00fcr etkinliklere kat\u0131l\u0131mlar\u0131n\u0131n sa\u011flanmas\u0131ndan dolay\u0131 \u00e7ok mutlu oldu\u011funu s\u00f6yleyerek, &#8220;B\u00fcy\u00fck\u015fehir Belediyesi&#8217;nin bizi d\u00fc\u015f\u00fcn\u00fcp b\u00f6yle bir stant a\u00e7mas\u0131ndan \u00e7ok memnunuz. \u00c7\u00fcnk\u00fc, biz evde \u00fcreten kad\u0131nlar, stantlar sayesinde daha geni\u015f kitlelere hitap ediyor ve ula\u015f\u0131yoruz. Ge\u00e7imimi buradan sa\u011fl\u0131yorum. \u00c7ok g\u00fczel i\u015f kap\u0131s\u0131 olarak d\u00fc\u015f\u00fcn\u00fcyorum. Zaten Ba\u015fkan\u0131m\u0131z\u0131n bizleri d\u00fc\u015f\u00fcnerek yapm\u0131\u015f oldu\u011fu \u015feyler \u00e7ok g\u00fczel&#8221; dedi.<br \/>\n&#8220;Y\u00f6resel \u00fcr\u00fcnlerimizi tan\u0131tma f\u0131rsat\u0131 buluyoruz&#8221;<\/p>\n<p>\u00dcretti\u011fi portakall\u0131 cezerye ile festivale gelenlerden b\u00fcy\u00fck be\u011feni toplayan Efekan Ak\u00e7a isimli esnaf ise, &#8220;Festivalden \u00e7ok memnunum. Ayn\u0131 zamanda cezeryemizi tan\u0131tmam\u0131z i\u00e7in \u00e7ok g\u00fczel bir f\u0131rsat oldu. Buraya \u00f6zel, portakaldan cezerye yapt\u0131k ve talep \u00e7ok yo\u011fundu. Belediyemiz, insanlara y\u00f6resel \u00fcr\u00fcnlerimizi tan\u0131tma f\u0131rsat\u0131 sunuyor. Piyasa ko\u015fullar\u0131 zaten ortada. Bize maddi a\u00e7\u0131dan da \u00e7ok b\u00fcy\u00fck destek oldular, markam\u0131z\u0131n b\u00fcy\u00fcmesi i\u00e7in \u00e7ok faydal\u0131 oldu&#8221; \u015feklinde konu\u015ftu.<\/p>\n<p>&#8220;B\u00fct\u00e7emize katk\u0131da bulunmak istiyorum&#8221;<\/p>\n<p>2 \u00e7ocu\u011fu oldu\u011funu ve okula gittikleri i\u00e7in masraflar\u0131n\u0131n y\u00fcksek oldu\u011funu s\u00f6yleyen &#8216;Do\u011fal Sabun&#8217; \u00fcreticisi T\u00fclin Evren ise, Mersin B\u00fcy\u00fck\u015fehir Belediyesi&#8217;nin \u00fcretici kad\u0131n stantlar\u0131 sayesinde ev ekonomisine katk\u0131 sa\u011flad\u0131\u011f\u0131n\u0131 s\u00f6yledi. Evren, &#8220;Biz \u00fcretimlerimizi evde yap\u0131yoruz, herhangi bir at\u00f6lyemiz falan yok. Belediye de bize bu tarz etkinliklerde yer verdi\u011fi i\u00e7in, \u00fcretti\u011fimiz \u00fcr\u00fcnlerimizi ancak b\u00f6yle yerlerde satabiliyoruz. Bu anlamda \u00e7ok mutluyuz. Benim burada stant kurmam\u0131n en b\u00fcy\u00fck sebeplerinden biri, tabii ki de sat\u0131\u015f. E\u015fim \u00e7al\u0131\u015f\u0131yor, ona destek olmak ve b\u00fct\u00e7emize katk\u0131da bulunmak istiyorum&#8221; dedi.<\/p>\n<p>&#8220;B\u00fcy\u00fck\u015fehir, bizi t\u00fcketiciyle bulu\u015fturuyor&#8221;<\/p>\n<p>B\u00fcy\u00fck\u015fehir Belediyesi&#8217;nin kurdu\u011fu \u00dcretici Kad\u0131n Stantlar\u0131&#8217;n\u0131n, \u00fcretti\u011fi \u00fcr\u00fcnleri tan\u0131tmas\u0131na ve satmas\u0131na b\u00fcy\u00fck katk\u0131 sa\u011flad\u0131\u011f\u0131n\u0131 s\u00f6yleyen \u00d6zlem Da\u011fl\u0131o\u011flu ise, &#8220;Keyifle \u00fcretmeye ve \u00f6\u011fretmeye devam ediyorum. \u015eu an burada kart da\u011f\u0131tarak, \u00f6\u011frenci ve m\u00fc\u015fteri kazan\u0131yorum. B\u00fcy\u00fck\u015fehir Belediyesi bizi t\u00fcketiciyle bulu\u015fturuyor. Bu y\u00f6nden belediyemizin bize katk\u0131s\u0131 \u00e7ok b\u00fcy\u00fck. Bizi her etkinlikte \u00e7a\u011f\u0131r\u0131yorlar, bu da bizim i\u00e7in \u00e7ok b\u00fcy\u00fck bir ayr\u0131cal\u0131k bence&#8221; ifadelerini kulland\u0131.<\/p>\n<p>&#8220;Her iste\u011fimiz ve beklentimiz kar\u015f\u0131lan\u0131yor&#8221;<\/p>\n<p>Bu t\u00fcr festivallerin kendilerine ek gelir sa\u011flad\u0131\u011f\u0131n\u0131 kaydeden bir di\u011fer \u00fcretici kad\u0131n T\u00fclay Pekol, &#8220;B\u00fcy\u00fck\u015fehir&#8217;in sundu\u011fu bu imkanla, kendi \u00fcr\u00fcnlerimizi satma f\u0131rsat\u0131 yakalad\u0131k.  Ben evimde kendi \u00fcrettiklerimle, aileme katk\u0131da bulunuyorum. Burada her iste\u011fimiz ve beklentimiz kar\u015f\u0131lan\u0131yor. Belediyemizin bizlere vermi\u015f oldu\u011fu imkanlarla birlikte ge\u00e7imimi sa\u011fl\u0131yorum&#8221; dedi.<\/p>\n","protected":false},"excerpt":{"rendered":"<p>Bu y\u0131l 8.&#8217;si d\u00fczenlenen &#8216;Uluslararas\u0131 Mersin Narenciye Festivali&#8217; renkli g\u00f6r\u00fcnt\u00fclere sahne oldu. Mersin&#8217;in yan\u0131 s\u0131ra \u00e7evre illerden insanlar\u0131n da yo\u011fun kat\u0131l\u0131m g\u00f6sterdi\u011fi festivalde, Mersin B\u00fcy\u00fck\u015fehir Belediyesi&#8217;nin ve destek verdi\u011fi \u00fcreticilerin &hellip; <a href=\"https:\/\/akdenizolaygazetesi.com\/?p=22258\" class=\"more-link\">Devam\u0131n\u0131 Oku&#8230;<\/a><\/p>\n","protected":false},"author":2,"featured_media":22259,"comment_status":"open","ping_status":"open","sticky":false,"template":"","format":"standard","meta":[],"categories":[3],"tags":[],"_links":{"self":[{"href":"https:\/\/akdenizolaygazetesi.com\/index.php?rest_route=\/wp\/v2\/posts\/22258"}],"collection":[{"href":"https:\/\/akdenizolaygazetesi.com\/index.php?rest_route=\/wp\/v2\/posts"}],"about":[{"href":"https:\/\/akdenizolaygazetesi.com\/index.php?rest_route=\/wp\/v2\/types\/post"}],"author":[{"embeddable":true,"href":"https:\/\/akdenizolaygazetesi.com\/index.php?rest_route=\/wp\/v2\/users\/2"}],"replies":[{"embeddable":true,"href":"https:\/\/akdenizolaygazetesi.com\/index.php?rest_route=%2Fwp%2Fv2%2Fcomments&post=22258"}],"version-history":[{"count":1,"href":"https:\/\/akdenizolaygazetesi.com\/index.php?rest_route=\/wp\/v2\/posts\/22258\/revisions"}],"predecessor-version":[{"id":22260,"href":"https:\/\/akdenizolaygazetesi.com\/index.php?rest_route=\/wp\/v2\/posts\/22258\/revisions\/22260"}],"wp:featuredmedia":[{"embeddable":true,"href":"https:\/\/akdenizolaygazetesi.com\/index.php?rest_route=\/wp\/v2\/media\/22259"}],"wp:attachment":[{"href":"https:\/\/akdenizolaygazetesi.com\/index.php?rest_route=%2Fwp%2Fv2%2Fmedia&parent=22258"}],"wp:term":[{"taxonomy":"category","embeddable":true,"href":"https:\/\/akdenizolaygazetesi.com\/index.php?rest_route=%2Fwp%2Fv2%2Fcategories&post=22258"},{"taxonomy":"post_tag","embeddable":true,"href":"https:\/\/akdenizolaygazetesi.com\/index.php?rest_route=%2Fwp%2Fv2%2Ftags&post=22258"}],"curies":[{"name":"wp","href":"https:\/\/api.w.org\/{rel}","templated":true}]}}