{"id":22271,"date":"2022-11-14T13:14:48","date_gmt":"2022-11-14T10:14:48","guid":{"rendered":"http:\/\/akdenizolaygazetesi.com\/?p=22271"},"modified":"2022-11-14T13:14:48","modified_gmt":"2022-11-14T10:14:48","slug":"yenisehir-belediyesi-festivalde-binlerce-ziyaretciyi-agirladi","status":"publish","type":"post","link":"https:\/\/akdenizolaygazetesi.com\/?p=22271","title":{"rendered":"Yeni\u015fehir Belediyesi festivalde binlerce ziyaret\u00e7iyi a\u011f\u0131rlad\u0131"},"content":{"rendered":"<p>Mersin Yeni\u015fehir Belediyesi, bu y\u0131l 8\u2019incisi ger\u00e7ekle\u015fen Mersin Uluslararas\u0131 Narenciye Festivali\u2019nde iki g\u00fcn boyunca binlerce vatanda\u015f\u0131 a\u011f\u0131rlad\u0131. Festivale ak\u0131n eden Mersinliler Yeni\u015fehir Belediyesinin haz\u0131rlad\u0131\u011f\u0131 alanda canl\u0131 m\u00fczik dinletileri ve dans g\u00f6sterileriyle doyas\u0131ya e\u011flendi.<br \/>\nAdnan Menderes Bulvar\u0131\u2019n\u0131n sahil \u015feridinde 70 bin d\u00f6n\u00fcml\u00fck alan \u00fczerinde d\u00fczenlenen 8. Mersin Uluslararas\u0131 Narenciye Festivali iki g\u00fcn boyunca binlerce ziyaret\u00e7iyi a\u011f\u0131rlad\u0131. 100bin ton narenciye kullan\u0131larak haz\u0131rlanan fig\u00fcrlerle s\u00fcslenen alanda konserler, m\u00fczik dinletileri, gastroshowlar, narenciye temal\u0131 kost\u00fcmlerin sergilendi\u011fi defile ve flyboard g\u00f6sterileri gibi etkinlikler bu y\u0131l da fark yaratt\u0131.<br \/>\nYafa portakal\u0131ndan yap\u0131lan baklava ikram edildi<br \/>\nYeni\u015fehir Belediyesi de festivalde renkli bir alan haz\u0131rlayarak \u00e7ocuklara ve yeti\u015fkinlere y\u00f6nelik e\u011flenceli etkinlikler d\u00fczenledi. Binlerce ziyaret\u00e7iyi a\u011f\u0131rlayan Yeni\u015fehir Belediyesi, il\u00e7eye ba\u011fl\u0131 \u00c7avak Mahallesi\u2019nde yeti\u015ftirilen Yafa cinsi portakaldan \u00fcretilen baklava ve limonata ikram\u0131nda bulundu. Mersin Valisi Ali Hamza Pehlivan, CHP Mersin milletvekilleri Ali Mahir Ba\u015far\u0131r, Alpay Antmen, Cengiz G\u00f6k\u00e7el, Mezitli Belediye Ba\u015fkan\u0131 Ne\u015fet Tarhan, Narenciye Festivali \u0130cra Komitesi ve Mersin Ticaret Borsas\u0131 Ba\u015fkan\u0131 Abdullah \u00d6zdemir ile \u00e7ok say\u0131da sivil toplum kurulu\u015funun ba\u015fkan ve temsilcileri de Yeni\u015fehir Belediyesinin stand\u0131n\u0131 ziyaret etti.<br \/>\nBa\u015fkan \u00d6zyi\u011fit, \u201cNarenciye demek Mersin demek\u201d<br \/>\nYeni\u015fehir Belediye Ba\u015fkan\u0131 Abdullah \u00d6zyi\u011fit de iki g\u00fcn boyunca festival alan\u0131nda vatanda\u015flarla bulu\u015ftu. Festivalin Mersin\u2019in ve narenciyenin tan\u0131t\u0131m\u0131na katk\u0131 sundu\u011funa dikkat \u00e7eken Ba\u015fkan Abdullah \u00d6zyi\u011fit, \u201c Pandemi nedeniyle verilen aran\u0131n ard\u0131ndan bu y\u0131l d\u00fczenlenen festival \u00e7ok co\u015fkulu ge\u00e7iyor. \u00c7ok y\u00fcksek bir ilgi var, hem\u015fehrilerimiz festivali \u00f6zlemi\u015f. Narenciye demek Mersin demek. Mersin\u2019in bu de\u011ferini korumal\u0131y\u0131z ve tan\u0131tmal\u0131y\u0131z. Narenciye festivali de buna b\u00fcy\u00fck bir katk\u0131 sunuyor. Elbette festival kapsam\u0131nda d\u00fczenlenen etkinliklerle de vatanda\u015flar\u0131m\u0131z e\u011flenceli vakit ge\u00e7iriyor, sosyalle\u015fme a\u00e7\u0131s\u0131ndan bu da \u00e7ok k\u0131ymetli. Yeni\u015fehir Belediyesi olarak biz de buraday\u0131z, vatanda\u015flar\u0131m\u0131z i\u00e7in g\u00fczel bir alan haz\u0131rlad\u0131k. Festivalin d\u00fczenlenmesinde eme\u011fi ge\u00e7en herkese \u00e7ok te\u015fekk\u00fcr ediyorum.\u201d diye konu\u015ftu. <\/p>\n","protected":false},"excerpt":{"rendered":"<p>Mersin Yeni\u015fehir Belediyesi, bu y\u0131l 8\u2019incisi ger\u00e7ekle\u015fen Mersin Uluslararas\u0131 Narenciye Festivali\u2019nde iki g\u00fcn boyunca binlerce vatanda\u015f\u0131 a\u011f\u0131rlad\u0131. Festivale ak\u0131n eden Mersinliler Yeni\u015fehir Belediyesinin haz\u0131rlad\u0131\u011f\u0131 alanda canl\u0131 m\u00fczik dinletileri ve dans &hellip; <a href=\"https:\/\/akdenizolaygazetesi.com\/?p=22271\" class=\"more-link\">Devam\u0131n\u0131 Oku&#8230;<\/a><\/p>\n","protected":false},"author":2,"featured_media":22272,"comment_status":"open","ping_status":"open","sticky":false,"template":"","format":"standard","meta":[],"categories":[2,3,5],"tags":[],"_links":{"self":[{"href":"https:\/\/akdenizolaygazetesi.com\/index.php?rest_route=\/wp\/v2\/posts\/22271"}],"collection":[{"href":"https:\/\/akdenizolaygazetesi.com\/index.php?rest_route=\/wp\/v2\/posts"}],"about":[{"href":"https:\/\/akdenizolaygazetesi.com\/index.php?rest_route=\/wp\/v2\/types\/post"}],"author":[{"embeddable":true,"href":"https:\/\/akdenizolaygazetesi.com\/index.php?rest_route=\/wp\/v2\/users\/2"}],"replies":[{"embeddable":true,"href":"https:\/\/akdenizolaygazetesi.com\/index.php?rest_route=%2Fwp%2Fv2%2Fcomments&post=22271"}],"version-history":[{"count":1,"href":"https:\/\/akdenizolaygazetesi.com\/index.php?rest_route=\/wp\/v2\/posts\/22271\/revisions"}],"predecessor-version":[{"id":22273,"href":"https:\/\/akdenizolaygazetesi.com\/index.php?rest_route=\/wp\/v2\/posts\/22271\/revisions\/22273"}],"wp:featuredmedia":[{"embeddable":true,"href":"https:\/\/akdenizolaygazetesi.com\/index.php?rest_route=\/wp\/v2\/media\/22272"}],"wp:attachment":[{"href":"https:\/\/akdenizolaygazetesi.com\/index.php?rest_route=%2Fwp%2Fv2%2Fmedia&parent=22271"}],"wp:term":[{"taxonomy":"category","embeddable":true,"href":"https:\/\/akdenizolaygazetesi.com\/index.php?rest_route=%2Fwp%2Fv2%2Fcategories&post=22271"},{"taxonomy":"post_tag","embeddable":true,"href":"https:\/\/akdenizolaygazetesi.com\/index.php?rest_route=%2Fwp%2Fv2%2Ftags&post=22271"}],"curies":[{"name":"wp","href":"https:\/\/api.w.org\/{rel}","templated":true}]}}