{"id":22274,"date":"2022-11-14T13:16:33","date_gmt":"2022-11-14T10:16:33","guid":{"rendered":"http:\/\/akdenizolaygazetesi.com\/?p=22274"},"modified":"2022-11-14T13:16:33","modified_gmt":"2022-11-14T10:16:33","slug":"buyuksehirden-okullara-rehberlik-hizmeti","status":"publish","type":"post","link":"https:\/\/akdenizolaygazetesi.com\/?p=22274","title":{"rendered":"B\u00dcY\u00dcK\u015eEH\u0130R&#8217;DEN OKULLARA REHBERL\u0130K H\u0130ZMET\u0130"},"content":{"rendered":"<p>Mersin B\u00fcy\u00fck\u015fehir Belediyesi, hayata ge\u00e7irdi\u011fi yeni hizmeti ile LGS \u00f6\u011frencilerinin yan\u0131nda olmaya devam ediyor. \u0130l Milli E\u011fitim M\u00fcd\u00fcrl\u00fc\u011f\u00fc ile imzalad\u0131\u011f\u0131 protokol kapsam\u0131nda, Mersin genelinde rehber \u00f6\u011fretmeni olmayan okullara rehberlik \u00f6\u011fretmeni deste\u011fi verecek olan B\u00fcy\u00fck\u015fehir Belediyesi, \u00f6\u011frencilerin s\u0131nava daha donan\u0131ml\u0131 girmesini sa\u011flayacak.<br \/>\nRehber \u00f6\u011fretmeni olmad\u0131\u011f\u0131 i\u00e7in LGS hakk\u0131nda daha az bilgisi olan \u00f6\u011frenciler, B\u00fcy\u00fck\u015fehir Belediyesi&#8217;nin rehber \u00f6\u011fretmenleri sayesinde s\u0131nava dair her \u015feyi \u00f6\u011frenecek. Yeni ba\u015flat\u0131lan proje kapsam\u0131nda rehberlik hizmetinin verildi\u011fi okullardan biri de, Tarsus&#8217;ta \u00d6\u011fretmenler Mahallesi&#8217;nde bulunan Eczac\u0131 Sabri Ayd\u0131n Ortaokulu oldu.<br \/>\nKaraku\u015f: &#8220;Rehber \u00f6\u011fretmeni olmayan okullar\u0131m\u0131zda rehberlik hizmeti sunaca\u011f\u0131z&#8221;<br \/>\nE\u011fitimin daha sa\u011flam ilerleyebilmesi i\u00e7in veli, \u00f6\u011frenci ve okul \u00fc\u00e7l\u00fcs\u00fcn\u00fcn birlikteli\u011finin sa\u011flam olmas\u0131 gerekti\u011fini ifade eden Sosyal Hizmetler Dairesi E\u011fitim Hizmetleri \u015eube M\u00fcd\u00fcr\u00fc Cem Karaku\u015f, &#8220;Bizler okullar\u0131m\u0131za destek olmak amac\u0131nday\u0131z. Tam da bu noktada Mersin B\u00fcy\u00fck\u015fehir Belediyesi olarak, Milli E\u011fitim M\u00fcd\u00fcrl\u00fc\u011f\u00fcm\u00fczle yapm\u0131\u015f oldu\u011fumuz i\u015fbirli\u011fi protokol\u00fcm\u00fczde, rehber \u00f6\u011fretmeni olmayan okullar\u0131m\u0131zda rehberlik hizmeti sunaca\u011f\u0131z. Bu rehberlik hizmetimizi de, kurs merkezlerimizde bulunan rehber \u00f6\u011fretmenlerimiz y\u00fcr\u00fctecek&#8221; dedi.<br \/>\nProtokol imzaland\u0131ktan sonra rehber \u00f6\u011fretmenlerle bir araya gelerek, rehber \u00f6\u011fretmeni olmayan okullar\u0131 listelediklerini ve seminer \u00e7al\u0131\u015fmalar\u0131 i\u00e7in start verdilerini aktaran Karaku\u015f, bu projenin t\u00fcm il\u00e7elerde, rehber \u00f6\u011fretmeni olmayan okullarda devam edece\u011fini belirterek, &#8220;Buradaki amac\u0131m\u0131z, \u00f6\u011frenci ve velilerimize rehberlik hizmetini, seminerlerini sunabilmek ve bu sayede e\u011fitimde f\u0131rsat e\u015fitli\u011fini yaratmak&#8221; diye konu\u015ftu.<br \/>\nK\u0131rat: &#8220;Bu e\u011fitimi almak onlar\u0131n da hakk\u0131&#8221;<br \/>\nB\u00fcy\u00fck\u015fehir Belediyesi E\u011fitim Hizmetlerinde Rehber \u00d6\u011fretmen olarak g\u00f6rev yapan Yaren K\u0131rat, proje kapsam\u0131nda ger\u00e7ekle\u015ftirdikleri ilk tan\u0131t\u0131m seminerini anlatarak, &#8220;Bu projede rehberlik hizmeti alamayan okullara eri\u015fiyoruz ve \u00f6\u011frencilerimize rehberlik hizmeti sunuyoruz. \u00d6zellikle 8. s\u0131n\u0131flara y\u00f6nelik LGS tan\u0131t\u0131m\u0131 ve motivasyon sunumu ger\u00e7ekle\u015ftiriyoruz. Bu e\u011fitimi almak onlar\u0131n da hakk\u0131&#8221; diye konu\u015ftu.<br \/>\n&#8220;S\u0131nav \u00f6ncesi bilgi sahibi olduk. Bize \u00e7ok katk\u0131 sa\u011flad\u0131&#8221;<br \/>\n8. s\u0131n\u0131fa giden Mehmet Eren Yi\u011fiter, verilen rehberlik hizmetini &#8220;LGS ile ilgili yeni bilgiler \u00f6\u011frendik. Ka\u00e7 soru, ka\u00e7 dakika oldu\u011funu \u00f6\u011frendik&#8221; c\u00fcmleleriyle anlat\u0131rken, 8. s\u0131n\u0131fa giden bir di\u011fer \u00f6\u011frenci Ahmet Altundal ise, &#8220;Okulumuzda rehber \u00f6\u011fretmen olmad\u0131\u011f\u0131 i\u00e7in Belediye Ba\u015fkan\u0131m\u0131z rehber \u00f6\u011fretmen g\u00f6nderdi ve s\u0131nav \u00f6ncesi bilgi sahibi olduk. Bize \u00e7ok katk\u0131 sa\u011flad\u0131&#8221; dedi.<br \/>\nYaren Gedik ise &#8220;Okulumuzda rehber \u00f6\u011fretmeni yok. Bize s\u0131navda ne yapaca\u011f\u0131m\u0131z\u0131, nas\u0131l olaca\u011f\u0131n\u0131 \u00f6\u011frettiler&#8221; diye konu\u015ftu.<\/p>\n","protected":false},"excerpt":{"rendered":"<p>Mersin B\u00fcy\u00fck\u015fehir Belediyesi, hayata ge\u00e7irdi\u011fi yeni hizmeti ile LGS \u00f6\u011frencilerinin yan\u0131nda olmaya devam ediyor. \u0130l Milli E\u011fitim M\u00fcd\u00fcrl\u00fc\u011f\u00fc ile imzalad\u0131\u011f\u0131 protokol kapsam\u0131nda, Mersin genelinde rehber \u00f6\u011fretmeni olmayan okullara rehberlik \u00f6\u011fretmeni &hellip; <a href=\"https:\/\/akdenizolaygazetesi.com\/?p=22274\" class=\"more-link\">Devam\u0131n\u0131 Oku&#8230;<\/a><\/p>\n","protected":false},"author":2,"featured_media":22275,"comment_status":"open","ping_status":"open","sticky":false,"template":"","format":"standard","meta":[],"categories":[2,3],"tags":[],"_links":{"self":[{"href":"https:\/\/akdenizolaygazetesi.com\/index.php?rest_route=\/wp\/v2\/posts\/22274"}],"collection":[{"href":"https:\/\/akdenizolaygazetesi.com\/index.php?rest_route=\/wp\/v2\/posts"}],"about":[{"href":"https:\/\/akdenizolaygazetesi.com\/index.php?rest_route=\/wp\/v2\/types\/post"}],"author":[{"embeddable":true,"href":"https:\/\/akdenizolaygazetesi.com\/index.php?rest_route=\/wp\/v2\/users\/2"}],"replies":[{"embeddable":true,"href":"https:\/\/akdenizolaygazetesi.com\/index.php?rest_route=%2Fwp%2Fv2%2Fcomments&post=22274"}],"version-history":[{"count":1,"href":"https:\/\/akdenizolaygazetesi.com\/index.php?rest_route=\/wp\/v2\/posts\/22274\/revisions"}],"predecessor-version":[{"id":22276,"href":"https:\/\/akdenizolaygazetesi.com\/index.php?rest_route=\/wp\/v2\/posts\/22274\/revisions\/22276"}],"wp:featuredmedia":[{"embeddable":true,"href":"https:\/\/akdenizolaygazetesi.com\/index.php?rest_route=\/wp\/v2\/media\/22275"}],"wp:attachment":[{"href":"https:\/\/akdenizolaygazetesi.com\/index.php?rest_route=%2Fwp%2Fv2%2Fmedia&parent=22274"}],"wp:term":[{"taxonomy":"category","embeddable":true,"href":"https:\/\/akdenizolaygazetesi.com\/index.php?rest_route=%2Fwp%2Fv2%2Fcategories&post=22274"},{"taxonomy":"post_tag","embeddable":true,"href":"https:\/\/akdenizolaygazetesi.com\/index.php?rest_route=%2Fwp%2Fv2%2Ftags&post=22274"}],"curies":[{"name":"wp","href":"https:\/\/api.w.org\/{rel}","templated":true}]}}