{"id":22289,"date":"2022-11-14T17:13:44","date_gmt":"2022-11-14T14:13:44","guid":{"rendered":"http:\/\/akdenizolaygazetesi.com\/?p=22289"},"modified":"2022-11-14T17:13:44","modified_gmt":"2022-11-14T14:13:44","slug":"narenciye-festivali-mersinlileri-mutlu-etti","status":"publish","type":"post","link":"https:\/\/akdenizolaygazetesi.com\/?p=22289","title":{"rendered":"NARENC\u0130YE FEST\u0130VAL\u0130 MERS\u0130NL\u0130LER\u0130 MUTLU ETT\u0130"},"content":{"rendered":"<p>8. Mersin Narenciye Festivali&#8217;nde e\u011flenceli zaman ge\u00e7iren vatanda\u015flar, organizasyonda eme\u011fi ge\u00e7en herkese te\u015fekk\u00fcr etti.<\/p>\n<p>Festival Mersin ve \u00e7evre illerden binlerce insan\u0131 konuk etti. Konserler ve farkl\u0131 etkinliklerle ho\u015f vakit ge\u00e7irmek isteyen vatanda\u015flar, sahil band\u0131n\u0131 h\u0131nca h\u0131n\u00e7 doldurdu. Festivalin Mersin i\u00e7in \u00f6nemli bir de\u011fer oldu\u011funu belirten vatanda\u015flar, &#8220;Narenciye kenti Mersin&#8217;de bu topraklar\u0131n \u00fcr\u00fcn\u00fcn\u00fc kullanarak bir organizasyon yap\u0131lmas\u0131n\u0131 takdir ediyoruz. Greyfurt ve limonlarla s\u00fcslenen fig\u00fcrler \u00e7ok dikkat \u00e7ekiyor. Festival alan\u0131nda g\u00fczel zaman ge\u00e7irdik, \u00e7ok e\u011flendik. Organizasyonun yo\u011fun ilgi g\u00f6rmesi bizleri memnun etti. Sosyalle\u015fmeye \u00f6nemli katk\u0131 sa\u011flayan bu tarz etkinliklerin devam\u0131n\u0131 diliyor, gelecek y\u0131l yap\u0131lacak festivali heyecanla bekliyoruz&#8221; dedi.<\/p>\n<p>GELENEK BOZULMADI<br \/>\n\u00d6te yandan fig\u00fcrleri s\u00fcsleyen 100 bin kilogram a\u011f\u0131rl\u0131\u011f\u0131ndaki narenciye \u00fcr\u00fcnleri halka da\u011f\u0131t\u0131ld\u0131. Fig\u00fcrlerin \u00f6n\u00fcnde s\u0131raya giren vatanda\u015flar, plastik kasalara doldurulan greyfurt ve limonlarla evlerinin yolunu tuttu.<\/p>\n","protected":false},"excerpt":{"rendered":"<p>8. Mersin Narenciye Festivali&#8217;nde e\u011flenceli zaman ge\u00e7iren vatanda\u015flar, organizasyonda eme\u011fi ge\u00e7en herkese te\u015fekk\u00fcr etti. Festival Mersin ve \u00e7evre illerden binlerce insan\u0131 konuk etti. Konserler ve farkl\u0131 etkinliklerle ho\u015f vakit ge\u00e7irmek &hellip; <a href=\"https:\/\/akdenizolaygazetesi.com\/?p=22289\" class=\"more-link\">Devam\u0131n\u0131 Oku&#8230;<\/a><\/p>\n","protected":false},"author":2,"featured_media":22290,"comment_status":"open","ping_status":"open","sticky":false,"template":"","format":"standard","meta":[],"categories":[3],"tags":[],"_links":{"self":[{"href":"https:\/\/akdenizolaygazetesi.com\/index.php?rest_route=\/wp\/v2\/posts\/22289"}],"collection":[{"href":"https:\/\/akdenizolaygazetesi.com\/index.php?rest_route=\/wp\/v2\/posts"}],"about":[{"href":"https:\/\/akdenizolaygazetesi.com\/index.php?rest_route=\/wp\/v2\/types\/post"}],"author":[{"embeddable":true,"href":"https:\/\/akdenizolaygazetesi.com\/index.php?rest_route=\/wp\/v2\/users\/2"}],"replies":[{"embeddable":true,"href":"https:\/\/akdenizolaygazetesi.com\/index.php?rest_route=%2Fwp%2Fv2%2Fcomments&post=22289"}],"version-history":[{"count":1,"href":"https:\/\/akdenizolaygazetesi.com\/index.php?rest_route=\/wp\/v2\/posts\/22289\/revisions"}],"predecessor-version":[{"id":22291,"href":"https:\/\/akdenizolaygazetesi.com\/index.php?rest_route=\/wp\/v2\/posts\/22289\/revisions\/22291"}],"wp:featuredmedia":[{"embeddable":true,"href":"https:\/\/akdenizolaygazetesi.com\/index.php?rest_route=\/wp\/v2\/media\/22290"}],"wp:attachment":[{"href":"https:\/\/akdenizolaygazetesi.com\/index.php?rest_route=%2Fwp%2Fv2%2Fmedia&parent=22289"}],"wp:term":[{"taxonomy":"category","embeddable":true,"href":"https:\/\/akdenizolaygazetesi.com\/index.php?rest_route=%2Fwp%2Fv2%2Fcategories&post=22289"},{"taxonomy":"post_tag","embeddable":true,"href":"https:\/\/akdenizolaygazetesi.com\/index.php?rest_route=%2Fwp%2Fv2%2Ftags&post=22289"}],"curies":[{"name":"wp","href":"https:\/\/api.w.org\/{rel}","templated":true}]}}