{"id":22298,"date":"2022-11-15T12:58:45","date_gmt":"2022-11-15T09:58:45","guid":{"rendered":"http:\/\/akdenizolaygazetesi.com\/?p=22298"},"modified":"2022-11-15T12:58:45","modified_gmt":"2022-11-15T09:58:45","slug":"bakanligin-mezun-olan-binlerce-ziraat-muhendisinin-istihdam-edilmesi-icin-bir-calismasi-var-mi","status":"publish","type":"post","link":"https:\/\/akdenizolaygazetesi.com\/?p=22298","title":{"rendered":"&#8216;Bakanl\u0131\u011f\u0131n mezun olan binlerce ziraat m\u00fchendisinin istihdam edilmesi i\u00e7in bir \u00e7al\u0131\u015fmas\u0131 var m\u0131?&#8217;"},"content":{"rendered":"<p>HDP Mersin Milletvekili, Ekonomi ve Tar\u0131m Politikalar\u0131ndan Sorumlu E\u015f Genel Ba\u015fkan Yard\u0131mc\u0131s\u0131 Dr. R\u0131dvan, ziraat m\u00fchendislerinin sorunlar\u0131n\u0131 TBMM g\u00fcndemine ta\u015f\u0131d\u0131.<br \/>\nHDP Mersin Milletvekili Dr. R\u0131dvan Turan, konuyla ilgili Tar\u0131m ve Orman Bakan\u0131 Vahit K\u0130R\u0130\u015e\u00c7\u0130\u2019nin yan\u0131tlamas\u0131 i\u00e7in soru \u00f6nergesi verdi.<br \/>\nDr. R\u0131dvan Turan soru \u00f6nergesinde \u015funlar\u0131 s\u00f6yledi:<br \/>\n\u201cT\u00fcrkiye\u2019de 2022 y\u0131l\u0131 itibar\u0131yla 40 Ziraat Fak\u00fcltesi\u2019nde (4\u2019\u00fcnde hen\u00fcz e\u011fitim yok) ziraat m\u00fchendisleri yeti\u015fmektedir. Y\u00d6K verilerine g\u00f6re yakla\u015f\u0131k 4 binin \u00fczerinde \u00f6\u011frenci her y\u0131l ziraat fak\u00fcltelerine yerle\u015fmektedir. Fak\u00fcltelerde toplamda 32 bin civar\u0131nda \u00f6\u011frenci bulunmakta, 222 programdan her y\u0131l yakla\u015f\u0131k 5 bin m\u00fchendis mezun olmaktad\u0131r.<br \/>\n\u00dclkemizde 120 binin \u00fczerinde ziraat m\u00fchendisi oldu\u011fu belirtilmekle beraber yakla\u015f\u0131k 16 bin ziraat m\u00fchendisi kamuda g\u00f6rev yapmaktad\u0131r. Ziraat m\u00fchendisleri 2 y\u0131lda bir defa yap\u0131lan KPSS-Lisans s\u0131nav\u0131na girebilmektedir. Her KPSS s\u00fcrecinde 40 binin \u00fczerinde ziraat m\u00fchendisi atanmak umuduyla s\u0131nava girmektedir. Son 3 y\u0131lda yap\u0131lan istihdam g\u00f6z \u00f6n\u00fcne al\u0131nd\u0131\u011f\u0131nda ve s\u0131nava giren aday miktar\u0131 de\u011ferlendirildi\u011finde kamuda ziraat m\u00fchendislerinin istihdam oran\u0131 %1,3&#8217;\u00fcn alt\u0131ndad\u0131r.  Ziraat m\u00fchendisleri hayat ko\u015fullar\u0131 gere\u011fi vale, garson, hamal, sekt\u00f6r d\u0131\u015f\u0131 fabrika i\u015f\u00e7isi vb. i\u015f kollar\u0131nda asgari \u00fccretle \u00e7al\u0131\u015fmak zorunda kalmaktad\u0131r.<br \/>\nZiraat m\u00fchendislerinin atanmaya hak sahibi oldu\u011fu kurumlar aras\u0131nda olan Tar\u0131msal i\u015fletmeler Genel M\u00fcd\u00fcrl\u00fc\u011f\u00fc (TiGEM)- Tar\u0131m Kredi Kooperatifleri- Devlet Su i\u015fletmeleri (DS\u0130) gibi kurumlar yer almaktad\u0131r.  KPSS puan s\u0131ralamas\u0131na g\u00f6re al\u0131m yap\u0131lan bu kurumlarda ayr\u0131ca m\u00fclakat uygulanmaktad\u0131r. \u0130lgili kurum ve kurulu\u015flar merkezi atamaya tabi olarak personel al\u0131m\u0131na ge\u00e7meli ve m\u00fclakat uygulamas\u0131 kald\u0131r\u0131lmal\u0131d\u0131r. Tar\u0131m ve Orman Bakanl\u0131\u011f\u0131 atama bekleyen binlerce ziraat m\u00fchendisini istihdam etmeli ve haklar\u0131 olan kadrolara yerle\u015ftirmelidir.\u201d<br \/>\nDr. R\u0131dvan Turan \u00f6nergesinde \u015fu sorulara yer verdi:<br \/>\n1)\tBakanl\u0131\u011f\u0131n\u0131z\u0131n mezun olan binlerce ziraat m\u00fchendisinin istihdam edilmesi i\u00e7in bir \u00e7al\u0131\u015fmas\u0131 var m\u0131d\u0131r? Varsa nelerdir?<br \/>\n2)\tBakanl\u0131k b\u00fcnyesinde personel al\u0131m say\u0131s\u0131 neden \u00e7ok d\u00fc\u015f\u00fckt\u00fcr?<br \/>\n3)\tKPSS puan s\u0131ralamas\u0131na g\u00f6re adaylar kurumlara al\u0131n\u0131rken ayr\u0131ca neden m\u00fclakat yap\u0131lmaktad\u0131r? M\u00fclakat kriterleri nelerdir?<br \/>\n4)\tZiraat m\u00fchendisli\u011fi mesle\u011finin itibar\u0131n\u0131n zedelenmemesi i\u00e7in Bakanl\u0131\u011f\u0131n\u0131z hangi \u00e7al\u0131\u015fmalar\u0131 yapmaktad\u0131r? <\/p>\n","protected":false},"excerpt":{"rendered":"<p>HDP Mersin Milletvekili, Ekonomi ve Tar\u0131m Politikalar\u0131ndan Sorumlu E\u015f Genel Ba\u015fkan Yard\u0131mc\u0131s\u0131 Dr. R\u0131dvan, ziraat m\u00fchendislerinin sorunlar\u0131n\u0131 TBMM g\u00fcndemine ta\u015f\u0131d\u0131. HDP Mersin Milletvekili Dr. R\u0131dvan Turan, konuyla ilgili Tar\u0131m ve &hellip; <a href=\"https:\/\/akdenizolaygazetesi.com\/?p=22298\" class=\"more-link\">Devam\u0131n\u0131 Oku&#8230;<\/a><\/p>\n","protected":false},"author":2,"featured_media":22299,"comment_status":"open","ping_status":"open","sticky":false,"template":"","format":"standard","meta":[],"categories":[2,3],"tags":[],"_links":{"self":[{"href":"https:\/\/akdenizolaygazetesi.com\/index.php?rest_route=\/wp\/v2\/posts\/22298"}],"collection":[{"href":"https:\/\/akdenizolaygazetesi.com\/index.php?rest_route=\/wp\/v2\/posts"}],"about":[{"href":"https:\/\/akdenizolaygazetesi.com\/index.php?rest_route=\/wp\/v2\/types\/post"}],"author":[{"embeddable":true,"href":"https:\/\/akdenizolaygazetesi.com\/index.php?rest_route=\/wp\/v2\/users\/2"}],"replies":[{"embeddable":true,"href":"https:\/\/akdenizolaygazetesi.com\/index.php?rest_route=%2Fwp%2Fv2%2Fcomments&post=22298"}],"version-history":[{"count":1,"href":"https:\/\/akdenizolaygazetesi.com\/index.php?rest_route=\/wp\/v2\/posts\/22298\/revisions"}],"predecessor-version":[{"id":22300,"href":"https:\/\/akdenizolaygazetesi.com\/index.php?rest_route=\/wp\/v2\/posts\/22298\/revisions\/22300"}],"wp:featuredmedia":[{"embeddable":true,"href":"https:\/\/akdenizolaygazetesi.com\/index.php?rest_route=\/wp\/v2\/media\/22299"}],"wp:attachment":[{"href":"https:\/\/akdenizolaygazetesi.com\/index.php?rest_route=%2Fwp%2Fv2%2Fmedia&parent=22298"}],"wp:term":[{"taxonomy":"category","embeddable":true,"href":"https:\/\/akdenizolaygazetesi.com\/index.php?rest_route=%2Fwp%2Fv2%2Fcategories&post=22298"},{"taxonomy":"post_tag","embeddable":true,"href":"https:\/\/akdenizolaygazetesi.com\/index.php?rest_route=%2Fwp%2Fv2%2Ftags&post=22298"}],"curies":[{"name":"wp","href":"https:\/\/api.w.org\/{rel}","templated":true}]}}