{"id":22301,"date":"2022-11-15T13:00:25","date_gmt":"2022-11-15T10:00:25","guid":{"rendered":"http:\/\/akdenizolaygazetesi.com\/?p=22301"},"modified":"2022-11-15T13:00:25","modified_gmt":"2022-11-15T10:00:25","slug":"baskan-ozyigit-yenisehirde-yesil-alan-sayisini-arttirdik","status":"publish","type":"post","link":"https:\/\/akdenizolaygazetesi.com\/?p=22301","title":{"rendered":"Ba\u015fkan \u00d6zyi\u011fit, \u201cYeni\u015fehir\u2019de ye\u015fil alan say\u0131s\u0131n\u0131 artt\u0131rd\u0131k\u201d"},"content":{"rendered":"<p>Mersin Yeni\u015fehir Belediyesi gelecek nesillere daha ye\u015fil bir kent b\u0131rakmak i\u00e7in \u00e7al\u0131\u015fmalar\u0131n\u0131 s\u00fcrd\u00fcr\u00fcyor. Yeni\u015fehir Belediye Ba\u015fkan\u0131 Abdullah \u00d6zyi\u011fit, Toros \u00dcniversitesi \u00f6\u011frencileri ile birlikte 50.Y\u0131l Mahallesi\u2019nde turun\u00e7, jakaranda ve orkide fidanlar\u0131 toprakla bulu\u015fturdu. Ba\u015fkan \u00d6zyi\u011fit \u201cYeni\u015fehir\u2019imizde bulunan ye\u015fil alan say\u0131s\u0131n\u0131 artt\u0131rd\u0131k, vatanda\u015flar\u0131m\u0131z daha ye\u015fil bir Yeni\u015fehir\u2019de ya\u015fas\u0131n diye \u00e7al\u0131\u015fmalar\u0131m\u0131z\u0131 s\u00fcrd\u00fcrece\u011fiz.\u201d dedi.<br \/>\nYeni\u015fehir Belediye Ba\u015fkan\u0131 Abdullah \u00d6zyi\u011fit, 11 Kas\u0131m Milli A\u011fa\u00e7land\u0131rma g\u00fcn\u00fc etkinlikleri kapsam\u0131nda Toros \u00dcniversitesi Sa\u011fl\u0131k Hizmetleri Toplulu\u011fu \u00f6\u011frencileri ile birlikte orkide, jakaranda ve turun\u00e7 fidanlar\u0131n\u0131 toprakla bulu\u015fturdu. 50.Y\u0131l Mahallesi\u2019ndeki fidan dikim etkinli\u011finde \u00f6\u011frencilerle birlikte fidanlara can suyu veren Ba\u015fkan Abdullah \u00d6zyi\u011fit, Yeni\u015fehir Belediyesi olarak \u0130klim ve Enerji i\u00e7in Avrupa Belediye Ba\u015fkanlar\u0131 S\u00f6zle\u015fmesi\u2019ne imza att\u0131klar\u0131n\u0131 da hat\u0131rlatt\u0131. Ba\u015fkan \u00d6zyi\u011fit, \u201cYapt\u0131\u011f\u0131m\u0131z i\u015flerle do\u011faya katk\u0131 sunmam\u0131z gerekiyor. Bug\u00fcn olu\u015fturdu\u011fumuz korulukta insanlar\u0131m\u0131z rahat bir nefes alacak, y\u00fcr\u00fcy\u00fc\u015f yapabilecek ve bu a\u011fa\u00e7lar do\u011faya katk\u0131 sunacak. Buras\u0131 art\u0131k bizim ve buraya g\u00f6z\u00fcm\u00fcz gibi bakaca\u011f\u0131z. Gen\u00e7lerimizin de burada sorumlulu\u011fu var. Onlarda buraya g\u00f6z\u00fc gibi bakacaklard\u0131r. Yeni\u015fehir,  Mersin\u2019in n\u00fcfus yo\u011funlu\u011fu en y\u00fcksek il\u00e7esi. Yeni\u015fehir\u2019de ye\u015fil alanlar\u0131 art\u0131rmak gibi bir zorunlulu\u011fumuz var. Bu konuda \u00e7abalar\u0131m\u0131z s\u00fcr\u00fcyor. Ye\u015fil alan ve park alanlar\u0131 olu\u015fumu noktas\u0131nda ekiplerimiz yo\u011fun \u00e7al\u0131\u015f\u0131yor. Bunun gibi di\u011fer ye\u015fil alan art\u0131rma \u00e7al\u0131\u015fmalar\u0131m\u0131z\u0131 gen\u00e7ler ile birlikte yapaca\u011f\u0131z. Onlara g\u00fcveniyoruz ve bu sorumlulu\u011fu almalar\u0131 gerekiyor. Bu etkinlikte eme\u011fi ge\u00e7en t\u00fcm ekip arkada\u015flar\u0131m\u0131za ve Toros \u00dcniversitesi Sa\u011fl\u0131k Hizmetleri \u00d6\u011frenci Toplulu\u011funa te\u015fekk\u00fcr ediyorum.\u201d \u015feklinde konu\u015ftu.<br \/>\nYap\u0131 kullanma izinlerinde a\u011fa\u00e7 dikim zorunlulu\u011fu<br \/>\nYeni\u015fehir\u2019de yap\u0131 kullanma izni \u015fartlar\u0131 aras\u0131nda a\u011fa\u00e7 dikim zorunlulu\u011fu da getirdiklerini kaydeden Ba\u015fkan \u00d6zyi\u011fit, \u201c Yeni\u015fehir\u2019de bina oturumu d\u0131\u015f\u0131nda kalan alanda her 15 metrekareye bir a\u011fa\u00e7 dikilmesi zorunlulu\u011fu getirdik. Beton d\u00f6k\u00fcyorsak, ye\u015fillendirme de yapmal\u0131y\u0131z. Do\u011fadan ald\u0131\u011f\u0131m\u0131z\u0131n yerine koymam\u0131z gerekiyor. S\u00fcrd\u00fcr\u00fclebilirli\u011fi ancak bu \u015fekilde sa\u011flayabiliriz.\u201d dedi.<br \/>\nToros \u00dcniversitesi T\u00fcrk Dili ve Edebiyat\u0131 \u00d6\u011fretim G\u00f6revlisi Nevzat Erol, Toros \u00dcniversitesi olarak a\u011fa\u00e7land\u0131rma konusuna \u00e7ok \u00f6nem verdiklerini belirterek ge\u00e7ti\u011fimiz y\u0131llarda da Yeni\u015fehir Belediyesi ile birlikte a\u011fa\u00e7land\u0131rma etkinli\u011fi yapt\u0131klar\u0131n\u0131 hat\u0131rlatt\u0131. Erol \u201cGe\u00e7ti\u011fimiz y\u0131llarda Yeni\u015fehir Belediyesinin de payda\u015f\u0131 oldu\u011fu a\u011fa\u00e7land\u0131rma etkinli\u011finde 3 bin 700 \u00e7am a\u011fac\u0131n\u0131 toprakla bulu\u015fturmu\u015ftuk. Bu sene de \u00f6\u011frencilerimiz  \u2018Benim de dikili bir a\u011fac\u0131m var\u2019 diyebilsin diye bu etkinli\u011fi d\u00fczenledik.\u201d ifadelerine yer verdi. Toros \u00dcniversitesi \u00d6\u011fretim G\u00f6revlisi Tiin\u00e7e Aksak ise \u00f6\u011frencilerin do\u011fa ile bulu\u015fmas\u0131n\u0131n \u00e7ok k\u0131ymetli oldu\u011funu s\u00f6yleyerek \u201cMilli A\u011fa\u00e7land\u0131rma G\u00fcn\u00fc ile ilgili b\u00f6yle bir etkinlik d\u00fczenledik. Bu etkinlikte bize destek olduklar\u0131 i\u00e7in Yeni\u015fehir Belediyemize te\u015fekk\u00fcr ederiz. A\u011fa\u00e7land\u0131rmam\u0131z\u0131 ger\u00e7ekle\u015ftirdik, eme\u011fi ge\u00e7enlere te\u015fekk\u00fcr ederiz.\u201d dedi. Toros \u00dcniversitesi \u00f6\u011frencisi \u00c7a\u011fla Turgut ise etkinlikten \u00e7ok keyif ald\u0131klar\u0131n\u0131, dikili bir a\u011fac\u0131m olsun demenin \u00f6nemli oldu\u011funu s\u00f6yledi. <\/p>\n","protected":false},"excerpt":{"rendered":"<p>Mersin Yeni\u015fehir Belediyesi gelecek nesillere daha ye\u015fil bir kent b\u0131rakmak i\u00e7in \u00e7al\u0131\u015fmalar\u0131n\u0131 s\u00fcrd\u00fcr\u00fcyor. Yeni\u015fehir Belediye Ba\u015fkan\u0131 Abdullah \u00d6zyi\u011fit, Toros \u00dcniversitesi \u00f6\u011frencileri ile birlikte 50.Y\u0131l Mahallesi\u2019nde turun\u00e7, jakaranda ve orkide fidanlar\u0131 &hellip; <a href=\"https:\/\/akdenizolaygazetesi.com\/?p=22301\" class=\"more-link\">Devam\u0131n\u0131 Oku&#8230;<\/a><\/p>\n","protected":false},"author":2,"featured_media":22302,"comment_status":"open","ping_status":"open","sticky":false,"template":"","format":"standard","meta":[],"categories":[1,2,3,5],"tags":[],"_links":{"self":[{"href":"https:\/\/akdenizolaygazetesi.com\/index.php?rest_route=\/wp\/v2\/posts\/22301"}],"collection":[{"href":"https:\/\/akdenizolaygazetesi.com\/index.php?rest_route=\/wp\/v2\/posts"}],"about":[{"href":"https:\/\/akdenizolaygazetesi.com\/index.php?rest_route=\/wp\/v2\/types\/post"}],"author":[{"embeddable":true,"href":"https:\/\/akdenizolaygazetesi.com\/index.php?rest_route=\/wp\/v2\/users\/2"}],"replies":[{"embeddable":true,"href":"https:\/\/akdenizolaygazetesi.com\/index.php?rest_route=%2Fwp%2Fv2%2Fcomments&post=22301"}],"version-history":[{"count":1,"href":"https:\/\/akdenizolaygazetesi.com\/index.php?rest_route=\/wp\/v2\/posts\/22301\/revisions"}],"predecessor-version":[{"id":22303,"href":"https:\/\/akdenizolaygazetesi.com\/index.php?rest_route=\/wp\/v2\/posts\/22301\/revisions\/22303"}],"wp:featuredmedia":[{"embeddable":true,"href":"https:\/\/akdenizolaygazetesi.com\/index.php?rest_route=\/wp\/v2\/media\/22302"}],"wp:attachment":[{"href":"https:\/\/akdenizolaygazetesi.com\/index.php?rest_route=%2Fwp%2Fv2%2Fmedia&parent=22301"}],"wp:term":[{"taxonomy":"category","embeddable":true,"href":"https:\/\/akdenizolaygazetesi.com\/index.php?rest_route=%2Fwp%2Fv2%2Fcategories&post=22301"},{"taxonomy":"post_tag","embeddable":true,"href":"https:\/\/akdenizolaygazetesi.com\/index.php?rest_route=%2Fwp%2Fv2%2Ftags&post=22301"}],"curies":[{"name":"wp","href":"https:\/\/api.w.org\/{rel}","templated":true}]}}