{"id":22304,"date":"2022-11-15T13:01:48","date_gmt":"2022-11-15T10:01:48","guid":{"rendered":"http:\/\/akdenizolaygazetesi.com\/?p=22304"},"modified":"2022-11-15T13:01:48","modified_gmt":"2022-11-15T10:01:48","slug":"berdan-baraji-mesire-alanindaki-tuvaletlerin-kapisi-sokuldu-taslarla-lavabolar-kirildi","status":"publish","type":"post","link":"https:\/\/akdenizolaygazetesi.com\/?p=22304","title":{"rendered":"BERDAN BARAJI MES\u0130RE ALANINDAK\u0130 TUVALETLER\u0130N KAPISI S\u00d6K\u00dcLD\u00dc, TA\u015eLARLA LAVABOLAR KIRILDI"},"content":{"rendered":"<p>Mersin B\u00fcy\u00fck\u015fehir Belediyesi&#8217;nin, sosyal alanlarda vatanda\u015flar\u0131n kullan\u0131m\u0131na sundu\u011fu hizmetlere sald\u0131r\u0131lar devam ediyor.<\/p>\n<p>B\u00fcy\u00fck\u015fehir Belediyesi taraf\u0131ndan Tarsus&#8217;ta Berdan Baraj\u0131 b\u00f6lgesinde yer alan Devlet Park\u0131 mesire alan\u0131nda bulunan tuvaletlerde, ge\u00e7ti\u011fimiz aylarda oldu\u011fu gibi yine tahribat yarat\u0131ld\u0131. Kad\u0131n ve erkek tuvaletlerinde \u00f6zel gereksinimli bireyler i\u00e7in yap\u0131lan alanda t\u00fcm aparatlar yerinden s\u00f6k\u00fclerek ya tahrip edildi ya da \u00e7al\u0131nd\u0131.<\/p>\n<p>Kimli\u011fi belirsiz ki\u015fi veya ki\u015filer taraf\u0131ndan ger\u00e7ekle\u015ftirilen vandal sald\u0131r\u0131da t\u00fcm b\u00f6l\u00fcmlerdeki kap\u0131lar yerinden s\u00f6k\u00fcl\u00fcp \u00e7al\u0131n\u0131rken, lavabolar ve klozetler ise ta\u015flarla k\u0131r\u0131ld\u0131.<\/p>\n<p>Fayanslar\u0131n da tahrip edildi\u011fi tuvaletlerin elektrik aksam\u0131 da b\u00fcy\u00fck zarar g\u00f6rd\u00fc. Ge\u00e7ti\u011fimiz aylarda da benzer sald\u0131r\u0131da, s\u00f6z konusu tuvaletlerin asma tavan\u0131 s\u00f6k\u00fcl\u00fcp, PVC aksamlar\u0131 tahrip edilmi\u015fti.<\/p>\n","protected":false},"excerpt":{"rendered":"<p>Mersin B\u00fcy\u00fck\u015fehir Belediyesi&#8217;nin, sosyal alanlarda vatanda\u015flar\u0131n kullan\u0131m\u0131na sundu\u011fu hizmetlere sald\u0131r\u0131lar devam ediyor. B\u00fcy\u00fck\u015fehir Belediyesi taraf\u0131ndan Tarsus&#8217;ta Berdan Baraj\u0131 b\u00f6lgesinde yer alan Devlet Park\u0131 mesire alan\u0131nda bulunan tuvaletlerde, ge\u00e7ti\u011fimiz aylarda oldu\u011fu &hellip; <a href=\"https:\/\/akdenizolaygazetesi.com\/?p=22304\" class=\"more-link\">Devam\u0131n\u0131 Oku&#8230;<\/a><\/p>\n","protected":false},"author":2,"featured_media":22305,"comment_status":"open","ping_status":"open","sticky":false,"template":"","format":"standard","meta":[],"categories":[2,3,5],"tags":[],"_links":{"self":[{"href":"https:\/\/akdenizolaygazetesi.com\/index.php?rest_route=\/wp\/v2\/posts\/22304"}],"collection":[{"href":"https:\/\/akdenizolaygazetesi.com\/index.php?rest_route=\/wp\/v2\/posts"}],"about":[{"href":"https:\/\/akdenizolaygazetesi.com\/index.php?rest_route=\/wp\/v2\/types\/post"}],"author":[{"embeddable":true,"href":"https:\/\/akdenizolaygazetesi.com\/index.php?rest_route=\/wp\/v2\/users\/2"}],"replies":[{"embeddable":true,"href":"https:\/\/akdenizolaygazetesi.com\/index.php?rest_route=%2Fwp%2Fv2%2Fcomments&post=22304"}],"version-history":[{"count":1,"href":"https:\/\/akdenizolaygazetesi.com\/index.php?rest_route=\/wp\/v2\/posts\/22304\/revisions"}],"predecessor-version":[{"id":22306,"href":"https:\/\/akdenizolaygazetesi.com\/index.php?rest_route=\/wp\/v2\/posts\/22304\/revisions\/22306"}],"wp:featuredmedia":[{"embeddable":true,"href":"https:\/\/akdenizolaygazetesi.com\/index.php?rest_route=\/wp\/v2\/media\/22305"}],"wp:attachment":[{"href":"https:\/\/akdenizolaygazetesi.com\/index.php?rest_route=%2Fwp%2Fv2%2Fmedia&parent=22304"}],"wp:term":[{"taxonomy":"category","embeddable":true,"href":"https:\/\/akdenizolaygazetesi.com\/index.php?rest_route=%2Fwp%2Fv2%2Fcategories&post=22304"},{"taxonomy":"post_tag","embeddable":true,"href":"https:\/\/akdenizolaygazetesi.com\/index.php?rest_route=%2Fwp%2Fv2%2Ftags&post=22304"}],"curies":[{"name":"wp","href":"https:\/\/api.w.org\/{rel}","templated":true}]}}