{"id":22311,"date":"2022-11-16T13:05:40","date_gmt":"2022-11-16T10:05:40","guid":{"rendered":"http:\/\/akdenizolaygazetesi.com\/?p=22311"},"modified":"2022-11-16T13:05:40","modified_gmt":"2022-11-16T10:05:40","slug":"baskan-secer-kktcnin-39uncu-kurulus-yildonumu-tebrik-kabulune-katildi","status":"publish","type":"post","link":"https:\/\/akdenizolaygazetesi.com\/?p=22311","title":{"rendered":"BA\u015eKAN SE\u00c7ER, KKTC&#8217;N\u0130N 39&#8217;UNCU KURULU\u015e YILD\u00d6N\u00dcM\u00dc TEBR\u0130K KABUL\u00dcNE KATILDI"},"content":{"rendered":"<p>Mersin B\u00fcy\u00fck\u015fehir Belediye Ba\u015fkan\u0131 Vahap Se\u00e7er, Kuzey K\u0131br\u0131s T\u00fcrk Cumhuriyeti&#8217;nin (KKTC) 39&#8217;uncu kurulu\u015f y\u0131ld\u00f6n\u00fcm\u00fc dolay\u0131s\u0131yla d\u00fczenlenen tebrik kabul\u00fcne kat\u0131larak, KKTC Mersin Ba\u015fkonsolosu Zalihe Mendeli&#8217;yi kutlad\u0131.<br \/>\nBa\u015fkan Se\u00e7er: &#8220;2 ayr\u0131 devlet de olsak, bir milletiz&#8221;<br \/>\nKKTC Mersin Ba\u015fkonsoloslu\u011fu&#8217;nda ger\u00e7ekle\u015fen tebrik kabul\u00fcnde yapt\u0131\u011f\u0131 konu\u015fmaya, 39 y\u0131l \u00f6nce kurulan Kuzey K\u0131br\u0131s T\u00fcrk Cumhuriyeti&#8217;nin ba\u011f\u0131ms\u0131zl\u0131k m\u00fccadelesine katk\u0131 veren Rauf Denkta\u015f, Faz\u0131l K\u00fc\u00e7\u00fck ba\u015fta olmak \u00fczere, t\u00fcm kahramanlar\u0131 sayg\u0131yla ve minnetle and\u0131\u011f\u0131n\u0131 belirterek ba\u015flayan Ba\u015fkan Se\u00e7er, &#8220;Her ne kadar 2 ayr\u0131 devlet de olsak, bir milletiz. Biz K\u0131br\u0131s&#8217;\u0131, bizim bir par\u00e7am\u0131z olarak g\u00f6r\u00fcyoruz. Zaten co\u011frafya olarak da kendi ilimize, ya\u015fad\u0131\u011f\u0131m\u0131z ilimize \u00e7ok yak\u0131n bir yer. Fiziki yak\u0131nl\u0131k da, Mersinliler olarak bize daha farkl\u0131 bir duygu veriyor&#8221; dedi.<br \/>\nBirlik ve beraberlik i\u00e7erisinde her zaman yavru vatan\u0131n menfaatleri i\u00e7in \u00fczerlerine d\u00fc\u015fen ne varsa yapmaya haz\u0131r olduklar\u0131n\u0131 kaydeden Ba\u015fkan Se\u00e7er, &#8220;Ben de bir kez daha bayram\u0131n\u0131z\u0131 kutluyorum ve Kuzey K\u0131br\u0131s T\u00fcrk Cumhuriyeti&#8217;nin kurulma a\u015famas\u0131na kadar m\u00fccadele eden, can\u0131n\u0131 veren, gazi olan b\u00fct\u00fcn kahramanlara sayg\u0131lar\u0131m\u0131 sunuyorum&#8221; diye konu\u015ftu.<br \/>\nBa\u015fkonsolos Mendeli: &#8220;39 y\u0131l \u00f6nce, K\u0131br\u0131s T\u00fcrk halk\u0131 i\u00e7in bir d\u00f6n\u00fcm noktas\u0131yd\u0131&#8221;<br \/>\nBa\u015fkan Se\u00e7er&#8217;i Ba\u015fkonsolosluk&#8217;ta g\u00f6rmekten dolay\u0131 duydu\u011fu mutlulu\u011fu ve onuru ifade ederken, bu y\u0131lki kutlamalar\u0131n \u0130stanbul&#8217;daki ter\u00f6r olay\u0131 nedeniyle gerek Mersin&#8217;de gerekse de Kuzey K\u0131br\u0131s T\u00fcrk Cumhuriyeti&#8217;nde daha buruk ge\u00e7ti\u011fini ifade eden KKTC Mersin Ba\u015fkonsolosu Zalihe Mendeli, &#8220;\u0130n\u015fallah bundan sonraki d\u00f6nemlerde de Anavatan\u0131m\u0131z\u0131n deste\u011fiyle, tan\u0131nma yolunda da at\u0131lan ad\u0131mlar\u0131 daha da geli\u015ftirerek, g\u00fc\u00e7lendirerek ileriye aktaraca\u011f\u0131z. K\u0131br\u0131s T\u00fcrk halk\u0131 1963 ve 1974 y\u0131llar\u0131 aras\u0131ndaki 11 y\u0131l boyunca yokluk, izolasyon, \u00f6l\u00fcm tehlikesi, korku ve \u015fiddetle m\u00fccadele ederek bug\u00fcnlere geldi. 39 y\u0131l \u00f6nce Kurucu Cumhurba\u015fkan\u0131m\u0131z, o g\u00fcn Kuzey K\u0131br\u0131s T\u00fcrk Cumhuriyeti&#8217;nin ilan\u0131n\u0131 t\u00fcm d\u00fcnyaya duyururken, K\u0131br\u0131s T\u00fcrk halk\u0131 i\u00e7in bu bir d\u00f6n\u00fcm noktas\u0131yd\u0131 ve bu tarihten sonra bizler siyasi e\u015fitli\u011fimizden, kendi y\u00f6netimimizden ve anavatan\u0131m\u0131zdan ayr\u0131lmayaca\u011f\u0131m\u0131z\u0131 t\u00fcm d\u00fcnyaya duyurduk&#8221; ifadelerini kulland\u0131.<\/p>\n","protected":false},"excerpt":{"rendered":"<p>Mersin B\u00fcy\u00fck\u015fehir Belediye Ba\u015fkan\u0131 Vahap Se\u00e7er, Kuzey K\u0131br\u0131s T\u00fcrk Cumhuriyeti&#8217;nin (KKTC) 39&#8217;uncu kurulu\u015f y\u0131ld\u00f6n\u00fcm\u00fc dolay\u0131s\u0131yla d\u00fczenlenen tebrik kabul\u00fcne kat\u0131larak, KKTC Mersin Ba\u015fkonsolosu Zalihe Mendeli&#8217;yi kutlad\u0131. Ba\u015fkan Se\u00e7er: &#8220;2 ayr\u0131 devlet &hellip; <a href=\"https:\/\/akdenizolaygazetesi.com\/?p=22311\" class=\"more-link\">Devam\u0131n\u0131 Oku&#8230;<\/a><\/p>\n","protected":false},"author":2,"featured_media":22312,"comment_status":"open","ping_status":"open","sticky":false,"template":"","format":"standard","meta":[],"categories":[2,3,5],"tags":[],"_links":{"self":[{"href":"https:\/\/akdenizolaygazetesi.com\/index.php?rest_route=\/wp\/v2\/posts\/22311"}],"collection":[{"href":"https:\/\/akdenizolaygazetesi.com\/index.php?rest_route=\/wp\/v2\/posts"}],"about":[{"href":"https:\/\/akdenizolaygazetesi.com\/index.php?rest_route=\/wp\/v2\/types\/post"}],"author":[{"embeddable":true,"href":"https:\/\/akdenizolaygazetesi.com\/index.php?rest_route=\/wp\/v2\/users\/2"}],"replies":[{"embeddable":true,"href":"https:\/\/akdenizolaygazetesi.com\/index.php?rest_route=%2Fwp%2Fv2%2Fcomments&post=22311"}],"version-history":[{"count":1,"href":"https:\/\/akdenizolaygazetesi.com\/index.php?rest_route=\/wp\/v2\/posts\/22311\/revisions"}],"predecessor-version":[{"id":22313,"href":"https:\/\/akdenizolaygazetesi.com\/index.php?rest_route=\/wp\/v2\/posts\/22311\/revisions\/22313"}],"wp:featuredmedia":[{"embeddable":true,"href":"https:\/\/akdenizolaygazetesi.com\/index.php?rest_route=\/wp\/v2\/media\/22312"}],"wp:attachment":[{"href":"https:\/\/akdenizolaygazetesi.com\/index.php?rest_route=%2Fwp%2Fv2%2Fmedia&parent=22311"}],"wp:term":[{"taxonomy":"category","embeddable":true,"href":"https:\/\/akdenizolaygazetesi.com\/index.php?rest_route=%2Fwp%2Fv2%2Fcategories&post=22311"},{"taxonomy":"post_tag","embeddable":true,"href":"https:\/\/akdenizolaygazetesi.com\/index.php?rest_route=%2Fwp%2Fv2%2Ftags&post=22311"}],"curies":[{"name":"wp","href":"https:\/\/api.w.org\/{rel}","templated":true}]}}