{"id":22323,"date":"2022-11-16T13:11:21","date_gmt":"2022-11-16T10:11:21","guid":{"rendered":"http:\/\/akdenizolaygazetesi.com\/?p=22323"},"modified":"2022-11-16T13:11:21","modified_gmt":"2022-11-16T10:11:21","slug":"doga-bizi-cagiriyor-bu-kez-ara-tatile-ozel-gerceklesti","status":"publish","type":"post","link":"https:\/\/akdenizolaygazetesi.com\/?p=22323","title":{"rendered":"&#8216;DO\u011eA B\u0130Z\u0130 \u00c7A\u011eIRIYOR&#8217;, BU KEZ ARA TAT\u0130LE \u00d6ZEL GER\u00c7EKLE\u015eT\u0130"},"content":{"rendered":"<p>Mersin B\u00fcy\u00fck\u015fehir Belediyesi Kad\u0131n ve Aile Hizmetleri Dairesi b\u00fcnyesinde geleneksel hale getirilen &#8216;Do\u011fa Bizi \u00c7a\u011f\u0131r\u0131yor&#8217; etkinli\u011fi kapsam\u0131nda, bu kez ara tatile \u00f6zel olarak aileler ve \u00e7ocuklar\u0131 Dar\u0131sekisi \u00d6rnek K\u00f6y\u00fc&#8217;n\u00fc gezerek, do\u011fay\u0131 ke\u015ffetme imk\u00e2n\u0131 buldu. Aileler ve \u00e7ocuklar\u0131 do\u011fa ile i\u00e7 i\u00e7e bir g\u00fcn ge\u00e7irdi.<br \/>\nEtkinlikte \u00e7ocuklar dans edip oyunlar oynarken, \u00e7ocuklar\u0131yla birlikte geziye kat\u0131lan aileler de Dar\u0131sekisi \u00d6rnek K\u00f6y\u00fc&#8217;n\u00fcn keyfini \u00e7\u0131kard\u0131.<br \/>\nDo\u011fa Bizi \u00c7a\u011f\u0131r\u0131yor etkinliklerinde her defas\u0131nda yeni bir rotaya gidiliyor<br \/>\nDo\u011fa Bizi \u00c7a\u011f\u0131r\u0131yor etkinlikleri ile do\u011faseverler her defas\u0131nda yeni bir rota ile farkl\u0131 bir do\u011fal g\u00fczelli\u011fin ke\u015ffine \u00e7\u0131k\u0131yor.<br \/>\n\u00dccretsiz olarak d\u00fczenlenen etkinlik \u00f6ncesinde kay\u0131t yapt\u0131rarak ba\u015fvuran vatanda\u015flar i\u00e7in, saat 08.30&#8217;da Mersin Forum AVM ba\u011flant\u0131 k\u00f6pr\u00fcs\u00fc alt\u0131ndan ve yine saat 08.30&#8217;da Tarsus K\u00fclt\u00fcr Merkezi \u00f6n\u00fcnden servis kald\u0131r\u0131ld\u0131.  Etkinlik, sabah 08.30 ile 16.00 saatleri aras\u0131nda devam etti.<br \/>\n\u00c7ocuklar etkinli\u011fi \u00e7ok sevdi<br \/>\nEtkinli\u011fe kat\u0131lan \u00e7ocuklardan Mina Y\u0131ld\u0131z, &#8220;\u00c7ok mutluyum, \u00e7ok e\u011flenceli. Danslar ettik, oyunlar oynad\u0131k, yani \u00e7ok e\u011flendik. Buradan Vahap amcaya \u00e7ok te\u015fekk\u00fcr ederiz&#8221; dedi.  \u00c7ocuklardan Civan Y\u0131ld\u0131z da, &#8220;Buradaki etkinlikleri \u00e7ok be\u011fendim, \u00e7ok sevdim. Dans etmeyi de \u00e7ok sevdim, oyun oynamay\u0131 da sevdim. Etkinli\u011fi g\u00fczel buldum&#8221; ifadelerini kulland\u0131.<br \/>\n\u00c7ocuklardan Defne Ender de etkinli\u011fi \u00e7ok be\u011fendi\u011finden s\u00f6z ederek, &#8220;Oyunlar oynad\u0131k, gezdik, g\u00f6rd\u00fck, dans ettik. Burada \u00e7ok e\u011flenceli \u015feyleri g\u00f6rd\u00fck. Vahap amcaya te\u015fekk\u00fcr ediyoruz bu gezi i\u00e7in&#8221; diye konu\u015furken, 6 ya\u015f\u0131ndaki Nilsu Ender ise &#8220;Bug\u00fcn \u00e7ok e\u011flendik. O y\u00fczden \u00e7ok te\u015fekk\u00fcr ederim. Etkinlik g\u00fczel. Hep oynad\u0131k, e\u011flendik&#8221; ifadelerine yer verdi.<br \/>\n&#8220;\u00c7ocuklar mutlu, biz mutlu&#8221;<br \/>\nTarsus&#8217;tan geziye kat\u0131lan \u00f6\u011frenci velilerden Selin An\u0131to\u011flu, &#8220;Bu ara tatilde bize bu g\u00fczelli\u011fi ya\u015fatan Ba\u015fkan\u0131m\u0131z Vahap Se\u00e7er&#8217;e ger\u00e7ekten \u00e7ok te\u015fekk\u00fcr ediyoruz. \u00c7ocuklar mutlu, biz mutlu. Ger\u00e7ekten \u00e7ok e\u011flendik. \u00c7ok g\u00fczel bir etkinlik oldu. Devam\u0131n\u0131 bekliyoruz&#8221; dedi.<br \/>\nEtkinli\u011fe kat\u0131lan annelerden Fidan Y\u0131ld\u0131z da, geziye 2 \u00e7ocu\u011fu ile birlikte geldi\u011fini s\u00f6ylerken, &#8220;\u00c7ok e\u011flenceli ve \u00e7ok keyifli ge\u00e7ti. \u00d6rnek K\u00f6y&#8217;\u00fc \u00e7ok be\u011fendik. B\u00fct\u00fcn Mersin halk\u0131n\u0131n ger\u00e7ekten de gelip g\u00f6rmesi gereken bir yer. \u00c7ocuklar i\u00e7in de \u00e7ok farkl\u0131 bir etkinlik oldu.  Do\u011fal ortamda, aileleriyle beraber g\u00fczel vakit ge\u00e7irdiler&#8221; diye konu\u015ftu.<\/p>\n","protected":false},"excerpt":{"rendered":"<p>Mersin B\u00fcy\u00fck\u015fehir Belediyesi Kad\u0131n ve Aile Hizmetleri Dairesi b\u00fcnyesinde geleneksel hale getirilen &#8216;Do\u011fa Bizi \u00c7a\u011f\u0131r\u0131yor&#8217; etkinli\u011fi kapsam\u0131nda, bu kez ara tatile \u00f6zel olarak aileler ve \u00e7ocuklar\u0131 Dar\u0131sekisi \u00d6rnek K\u00f6y\u00fc&#8217;n\u00fc gezerek, &hellip; <a href=\"https:\/\/akdenizolaygazetesi.com\/?p=22323\" class=\"more-link\">Devam\u0131n\u0131 Oku&#8230;<\/a><\/p>\n","protected":false},"author":2,"featured_media":22324,"comment_status":"open","ping_status":"open","sticky":false,"template":"","format":"standard","meta":[],"categories":[2,3],"tags":[],"_links":{"self":[{"href":"https:\/\/akdenizolaygazetesi.com\/index.php?rest_route=\/wp\/v2\/posts\/22323"}],"collection":[{"href":"https:\/\/akdenizolaygazetesi.com\/index.php?rest_route=\/wp\/v2\/posts"}],"about":[{"href":"https:\/\/akdenizolaygazetesi.com\/index.php?rest_route=\/wp\/v2\/types\/post"}],"author":[{"embeddable":true,"href":"https:\/\/akdenizolaygazetesi.com\/index.php?rest_route=\/wp\/v2\/users\/2"}],"replies":[{"embeddable":true,"href":"https:\/\/akdenizolaygazetesi.com\/index.php?rest_route=%2Fwp%2Fv2%2Fcomments&post=22323"}],"version-history":[{"count":1,"href":"https:\/\/akdenizolaygazetesi.com\/index.php?rest_route=\/wp\/v2\/posts\/22323\/revisions"}],"predecessor-version":[{"id":22325,"href":"https:\/\/akdenizolaygazetesi.com\/index.php?rest_route=\/wp\/v2\/posts\/22323\/revisions\/22325"}],"wp:featuredmedia":[{"embeddable":true,"href":"https:\/\/akdenizolaygazetesi.com\/index.php?rest_route=\/wp\/v2\/media\/22324"}],"wp:attachment":[{"href":"https:\/\/akdenizolaygazetesi.com\/index.php?rest_route=%2Fwp%2Fv2%2Fmedia&parent=22323"}],"wp:term":[{"taxonomy":"category","embeddable":true,"href":"https:\/\/akdenizolaygazetesi.com\/index.php?rest_route=%2Fwp%2Fv2%2Fcategories&post=22323"},{"taxonomy":"post_tag","embeddable":true,"href":"https:\/\/akdenizolaygazetesi.com\/index.php?rest_route=%2Fwp%2Fv2%2Ftags&post=22323"}],"curies":[{"name":"wp","href":"https:\/\/api.w.org\/{rel}","templated":true}]}}