{"id":22398,"date":"2022-11-20T14:20:33","date_gmt":"2022-11-20T11:20:33","guid":{"rendered":"http:\/\/akdenizolaygazetesi.com\/?p=22398"},"modified":"2022-11-20T14:20:33","modified_gmt":"2022-11-20T11:20:33","slug":"kariyer-merkezinden-turizm-sektorune-yonelik-istihdam-projesi","status":"publish","type":"post","link":"https:\/\/akdenizolaygazetesi.com\/?p=22398","title":{"rendered":"KAR\u0130YER MERKEZ\u0130&#8217;NDEN TUR\u0130ZM SEKT\u00d6R\u00dcNE Y\u00d6NEL\u0130K \u0130ST\u0130HDAM PROJES\u0130"},"content":{"rendered":"<p>Mersin B\u00fcy\u00fck\u015fehir Belediyesi Kariyer Merkezinin \u00f6nc\u00fcl\u00fck etti\u011fi Yetenek D\u00f6n\u00fc\u015f\u00fcm Projesi, sekt\u00f6r\u00fcn ihtiya\u00e7lar\u0131na y\u00f6nelik &#8220;Finans-Muhasebe, Y\u00f6netim-Organizasyon, Sat\u0131\u015f-Pazarlama- D\u0131\u015f Ticaret-Lojistik&#8221; alanlar\u0131nda ger\u00e7ekle\u015ftirdi\u011fi mesleki e\u011fitim seferberli\u011fine &#8216;Turizm&#8217; alan\u0131n\u0131 da ekledi. B\u00fcy\u00fck\u015fehir Belediyesi Kariyer Merkezi, Yeni\u015fehir Halk E\u011fitim Merkezi ve Mersin Divan Otel i\u015fbirli\u011finde a\u00e7\u0131lan Servis Eleman\u0131 (Garson) sertifikasyon program\u0131yla, turizm i\u015fletmelerinin personel ihtiya\u00e7lar\u0131na \u00e7\u00f6z\u00fcm sunuyor.<\/p>\n<p>Servis Eleman\u0131 (Garson) sertifikasyon program\u0131na ev sahipli\u011fi yapan Mersin Divan Otel&#8217;de belgelerini alan kursiyerler, e\u011fitimde g\u00f6rd\u00fckleri konularda da h\u00fcnerlerini sergilediler. Kursiyerler, e\u011fitmen e\u015fli\u011finde &#8216;Servis \u00e7e\u015fitleri, masa \u00f6rt\u00fc ve pe\u00e7ete katlama \u00e7e\u015fitleri, kuver a\u00e7ma, sunum&#8217; gibi konularda \u00f6rnekler sergilediler.<\/p>\n<p>\u00d6zada: &#8220;\u0130stihdama katk\u0131 sunacak projeleri hayata ge\u00e7irmeye \u00e7al\u0131\u015f\u0131yoruz&#8221;<\/p>\n<p>Hedeflerinin, yeni d\u00fcnya d\u00fczenine Mersin olarak i\u015fg\u00fcc\u00fcn\u00fc adapte edebilmek, i\u015fg\u00fcc\u00fc piyasas\u0131n\u0131n ihtiya\u00e7lar\u0131na y\u00f6nelik mesleki e\u011fitim kurslar\u0131 d\u00fczenlemek oldu\u011funu ifade eden ve bu do\u011frultuda \u0130l Milli E\u011fitim M\u00fcd\u00fcrl\u00fc\u011f\u00fc ve \u0130\u015fkur ile gerekli protokolleri imzalad\u0131klar\u0131n\u0131 belirten B\u00fcy\u00fck\u015fehir Belediyesi Kariyer Merkezi M\u00fcd\u00fcr\u00fc Serkan \u00d6zada, &#8220;\u0130l Milli E\u011fitimle imzalam\u0131\u015f oldu\u011fumuz protokol mesleki e\u011fitim kurslar\u0131na, ayr\u0131ca ortak kariyer etkinlikleri d\u00fczenlemeye y\u00f6nelik. \u0130\u015fkur&#8217;la imzalam\u0131\u015f oldu\u011fumuz protokol ise, adaylar\u0131n i\u015f arama s\u00fcrecinde dan\u0131\u015fmanl\u0131k yapmam\u0131za y\u00f6nelik. &#8216;Yetenek D\u00f6n\u00fc\u015f\u00fcm Projesi&#8217;nin fark\u0131 da burada ortaya \u00e7\u0131k\u0131yor. Bizler hobi kurslar\u0131ndan ziyade;  i\u015fg\u00fcc\u00fc piyasas\u0131n\u0131n, firmalar\u0131n, i\u015fverenlerin beklentilerine ayak uydurabilecek, istihdama katk\u0131 sunacak projeleri hayata ge\u00e7irmeye \u00e7al\u0131\u015f\u0131yoruz&#8221; dedi.<br \/>\nBir\u00e7ok sekt\u00f6r\u00fcn ihtiya\u00e7lar\u0131na y\u00f6nelik mesleki e\u011fitim programlar\u0131n\u0131 hayata ge\u00e7irdiklerini kaydeden \u00d6zada, &#8220;\u00d6n\u00fcm\u00fczdeki s\u00fcre\u00e7te Kariyer Merkezi olarak, turizm sekt\u00f6r\u00fcn\u00fcn personel ihtiya\u00e7lar\u0131na y\u00f6nelik olarak rezervasyon eleman\u0131, kat g\u00f6revlisi, \u00f6n b\u00fcro memuru gibi alanlarda da sertifika programlar\u0131 a\u00e7may\u0131 planl\u0131yoruz&#8221; ifadelerini kulland\u0131.<\/p>\n<p>Tuncer: &#8220;Bu programlar, sekt\u00f6re kaliteli personel yeti\u015ftiriyor&#8221;<\/p>\n<p>Projenin kat\u0131l\u0131mc\u0131lara \u00e7ok \u00f6zel bir imkan ve f\u0131rsat sundu\u011funa dikkat \u00e7eken Divan Otel Mersin Genel M\u00fcd\u00fcr\u00fc Berati Tuncer, &#8220;Bu t\u00fcr sertifika programlar\u0131, i\u00e7inden ge\u00e7ti\u011fimiz \u015fu s\u00fcre\u00e7te, ihtiya\u00e7 duydu\u011fumuz arkada\u015flar\u0131m\u0131z\u0131n yeti\u015fmesinde pay sahibi oluyor. Hayat\u0131n\u0131z\u0131n bundan sonras\u0131nda \u00f6nemli olan \u015feyler, m\u00fccadele ve g\u00fcler y\u00fcz. \u00c7\u00fcnk\u00fc bizim i\u015fimizin en \u00f6nemli noktas\u0131ndan bir tanesi g\u00fcler y\u00fcz ve samimiyet&#8221; diye konu\u015ftu.<\/p>\n<p>Avc\u0131: &#8220;Do\u011fru personeli, do\u011fru yerden almak \u00e7ok \u00f6nemli&#8221;<\/p>\n<p>Projenin sekt\u00f6r i\u00e7in \u00e7ok \u00f6nemli ve ihtiya\u00e7 kar\u015f\u0131layacak bir yap\u0131da oldu\u011funu ve kursiyerler ile mutlaka i\u015f g\u00f6r\u00fc\u015fmesi yapaca\u011f\u0131n\u0131 s\u00f6yleyen Forum Suit Otel Yetkilisi Didem Avc\u0131, &#8220;\u00c7al\u0131\u015fmay\u0131 \u00e7ok be\u011fendim. \u00c7\u00fcnk\u00fc, ger\u00e7ekten sekt\u00f6r\u00fcn ihtiyac\u0131 olan bir s\u00fcre\u00e7teyiz. Turizm sekt\u00f6r\u00fc olarak personel ihtiyac\u0131 \u00e7ok fazla, \u00e7ok a\u00e7\u0131k var. Do\u011fru personeli, do\u011fru yerden alabilmek \u00f6nemli. Bunun i\u00e7in bu e\u011fitim \u00e7ok iyi olmu\u015f. S\u00fcrekli\u011fini \u00fcmit ediyoruz. Do\u011fru insan\u0131 bu \u015fekilde bulaca\u011f\u0131m\u0131za inan\u0131yoruz&#8221; dedi.<\/p>\n<p>K\u00fcpeli: &#8220;Sekt\u00f6r\u00fcn b\u00f6yle bir projeye ihtiyac\u0131 vard\u0131&#8221;<\/p>\n<p>Hosta Park Otel Genel M\u00fcd\u00fcr\u00fc Serdar K\u00fcpeli ise, sekt\u00f6r\u00fcn b\u00f6yle bir projeye ger\u00e7ekten \u00e7ok ihtiyac\u0131 oldu\u011funa dikkat \u00e7ekerek, &#8220;Sekt\u00f6r\u00fcn ana temas\u0131 ve ihtiyac\u0131 olan bir e\u011fitim olmu\u015f. Kat\u0131l\u0131mc\u0131 arkada\u015flar, sekt\u00f6re yeni giren arkada\u015flar ilerde daha ba\u015far\u0131l\u0131 olacaklar. Gen\u00e7lerimiz, art\u0131k ufuklar\u0131 a\u00e7\u0131k bir \u015fekilde in\u015fallah ba\u015far\u0131l\u0131 olacakt\u0131r. Bu t\u00fcr projelerin devam\u0131n\u0131 diliyorum&#8221; diye konu\u015ftu.<\/p>\n<p>Kat\u0131l\u0131mc\u0131lar, ald\u0131klar\u0131 e\u011fitimden son derece memnun<\/p>\n<p>Kariyer Merkezi&#8217;nin d\u00fczenledi\u011fi programlar\u0131n kaliteli oldu\u011funu sosyal medya hesaplar\u0131ndan g\u00f6rd\u00fc\u011f\u00fcn\u00fc ve bu nedenle kursa kat\u0131ld\u0131\u011f\u0131n\u0131 s\u00f6yleyen Mert \u00dcst\u00fcn, &#8220;Bu sertifikadan sonra, bize istihdam sa\u011flanaca\u011f\u0131 bilgisi verildi. \u00dcniversitede de turizm alan\u0131nda ilerleyece\u011fimden dolay\u0131, b\u00f6yle bir kursa kat\u0131ld\u0131m. B\u00fcy\u00fck\u015fehir Belediyesi&#8217;nin, d\u0131\u015far\u0131daki kurslara g\u00f6re daha kapsaml\u0131 bir e\u011fitim verdi\u011fini g\u00f6rd\u00fcm ve kursa kat\u0131ld\u0131m&#8221; \u015feklinde konu\u015ftu.<\/p>\n<p>Ald\u0131klar\u0131 e\u011fitimin \u00e7ok kaliteli oldu\u011funu s\u00f6yleyen Kudret Yal\u00e7\u0131nkaya, &#8220;Turizm otelcilik deneyimim daha \u00f6nce vard\u0131, ama sertifikalar\u0131m eksik oldu\u011fu i\u00e7in i\u015f deneyimlerinde biraz sorun ya\u015f\u0131yordum. O y\u00fczden bu kursa kat\u0131l\u0131m sa\u011flad\u0131m. Hedefim turizm ve otelcilik. D\u0131\u015far\u0131daki kurslardan daha profesyonel oldu\u011funu d\u00fc\u015f\u00fcn\u00fcyorum. Ayr\u0131ca m\u00fcfredat Milli E\u011fitime uygun oldu\u011fundan dolay\u0131, benim i\u00e7in \u00e7ok b\u00fcy\u00fck bir art\u0131s\u0131 var&#8221; dedi.<\/p>\n<p>Verilen e\u011fitim sayesinde, bildi\u011fini sand\u0131\u011f\u0131, ama ger\u00e7ekte bilmedi\u011fi bir\u00e7ok bilgiyi edindi\u011fini s\u00f6yleyen Serhat La\u015fer Can Duman ise, &#8220;Hedefim bu sekt\u00f6r \u00fczerine yo\u011funla\u015f\u0131p, m\u00fcmk\u00fcnse i\u015fe girip hayat\u0131ma devam etmek. A\u00e7\u0131k\u00e7as\u0131 d\u0131\u015far\u0131dan alaca\u011f\u0131m\u0131z kurslar\u0131n bu kadar etkili ve g\u00fczel olaca\u011f\u0131n\u0131 d\u00fc\u015f\u00fcnm\u00fcyorum. Ayr\u0131ca d\u0131\u015far\u0131dan alaca\u011f\u0131m\u0131z e\u011fitimlerin, belli bir maliyeti oluyor. B\u00fcy\u00fck\u015fehir Belediyemiz sa\u011f olsun, kursu bize \u00fccretsiz sa\u011flad\u0131&#8221; ifadelerini kulland\u0131.<\/p>\n","protected":false},"excerpt":{"rendered":"<p>Mersin B\u00fcy\u00fck\u015fehir Belediyesi Kariyer Merkezinin \u00f6nc\u00fcl\u00fck etti\u011fi Yetenek D\u00f6n\u00fc\u015f\u00fcm Projesi, sekt\u00f6r\u00fcn ihtiya\u00e7lar\u0131na y\u00f6nelik &#8220;Finans-Muhasebe, Y\u00f6netim-Organizasyon, Sat\u0131\u015f-Pazarlama- D\u0131\u015f Ticaret-Lojistik&#8221; alanlar\u0131nda ger\u00e7ekle\u015ftirdi\u011fi mesleki e\u011fitim seferberli\u011fine &#8216;Turizm&#8217; alan\u0131n\u0131 da ekledi. B\u00fcy\u00fck\u015fehir Belediyesi Kariyer &hellip; <a href=\"https:\/\/akdenizolaygazetesi.com\/?p=22398\" class=\"more-link\">Devam\u0131n\u0131 Oku&#8230;<\/a><\/p>\n","protected":false},"author":2,"featured_media":22399,"comment_status":"open","ping_status":"open","sticky":false,"template":"","format":"standard","meta":[],"categories":[3],"tags":[],"_links":{"self":[{"href":"https:\/\/akdenizolaygazetesi.com\/index.php?rest_route=\/wp\/v2\/posts\/22398"}],"collection":[{"href":"https:\/\/akdenizolaygazetesi.com\/index.php?rest_route=\/wp\/v2\/posts"}],"about":[{"href":"https:\/\/akdenizolaygazetesi.com\/index.php?rest_route=\/wp\/v2\/types\/post"}],"author":[{"embeddable":true,"href":"https:\/\/akdenizolaygazetesi.com\/index.php?rest_route=\/wp\/v2\/users\/2"}],"replies":[{"embeddable":true,"href":"https:\/\/akdenizolaygazetesi.com\/index.php?rest_route=%2Fwp%2Fv2%2Fcomments&post=22398"}],"version-history":[{"count":1,"href":"https:\/\/akdenizolaygazetesi.com\/index.php?rest_route=\/wp\/v2\/posts\/22398\/revisions"}],"predecessor-version":[{"id":22400,"href":"https:\/\/akdenizolaygazetesi.com\/index.php?rest_route=\/wp\/v2\/posts\/22398\/revisions\/22400"}],"wp:featuredmedia":[{"embeddable":true,"href":"https:\/\/akdenizolaygazetesi.com\/index.php?rest_route=\/wp\/v2\/media\/22399"}],"wp:attachment":[{"href":"https:\/\/akdenizolaygazetesi.com\/index.php?rest_route=%2Fwp%2Fv2%2Fmedia&parent=22398"}],"wp:term":[{"taxonomy":"category","embeddable":true,"href":"https:\/\/akdenizolaygazetesi.com\/index.php?rest_route=%2Fwp%2Fv2%2Fcategories&post=22398"},{"taxonomy":"post_tag","embeddable":true,"href":"https:\/\/akdenizolaygazetesi.com\/index.php?rest_route=%2Fwp%2Fv2%2Ftags&post=22398"}],"curies":[{"name":"wp","href":"https:\/\/api.w.org\/{rel}","templated":true}]}}