{"id":22407,"date":"2022-11-21T12:39:21","date_gmt":"2022-11-21T09:39:21","guid":{"rendered":"http:\/\/akdenizolaygazetesi.com\/?p=22407"},"modified":"2022-11-21T12:39:21","modified_gmt":"2022-11-21T09:39:21","slug":"tarsus-festivaline-esnaflardan-tam-not","status":"publish","type":"post","link":"https:\/\/akdenizolaygazetesi.com\/?p=22407","title":{"rendered":"TARSUS FEST\u0130VAL\u0130&#8217;NE ESNAFLARDAN TAM NOT"},"content":{"rendered":"<p>Mersin B\u00fcy\u00fck\u015fehir Belediyesi taraf\u0131ndan bu y\u0131l ilk kez d\u00fczenlenen &#8220;Uluslararas\u0131 Tarsus Festivali&#8221; kentte sosyal hayat\u0131n canlanmas\u0131n\u0131n yan\u0131 s\u0131ra, esnaflara da b\u00fcy\u00fck katk\u0131 sa\u011flad\u0131.<\/p>\n<p>&#8220;Kleopatra Y\u0131l\u0131&#8221; ana temas\u0131yla 1.&#8217;si d\u00fczenlenen Uluslararas\u0131 Tarsus Festivali&#8217;ne, 27 farkl\u0131 \u00fclkeden kat\u0131lan folklor ekipleri, birbirinden g\u00fczel danslar\u0131 ve g\u00f6sterisiyle renk katt\u0131.<\/p>\n<p>Konserlerden e\u011flencelere, kad\u0131n stantlar\u0131ndan Slow Food Yery\u00fcz\u00fc Pazar\u0131&#8217;na, resim sergilerinden s\u00f6yle\u015filere, yama\u00e7 para\u015f\u00fct\u00fcnden kortej y\u00fcr\u00fcy\u00fc\u015f\u00fcne kadar onlarca etkinli\u011fin ard\u0131 ard\u0131na d\u00fczenlendi\u011fi festivalde, Tarsus&#8217;un y\u00f6resel yemeklerinin ve yine kente \u00f6zg\u00fc e\u015fyalar\u0131n, farkl\u0131 kesimlerce tan\u0131nmas\u0131 sa\u011fland\u0131.<\/p>\n<p>Olduk\u00e7a geni\u015f bir alana yay\u0131lan etkinlik programlar\u0131na kat\u0131lan binlerce ki\u015fi, esnaflardan da al\u0131\u015fveri\u015f yaparak, gecenin ge\u00e7 saatlerine kadar canl\u0131l\u0131k yaratt\u0131lar.<\/p>\n<p>&#8220;Tarsus, Tarsus olal\u0131 ilk defa b\u00f6yle bir \u015fey g\u00f6rd\u00fcm&#8221;<\/p>\n<p>Yarenlik Alan\u0131&#8217;nda bal\u0131k\u00e7\u0131l\u0131k yapan Ya\u015far \u00d6mgen, normalde i\u015f yo\u011funlu\u011funun ak\u015fam saat 17 s\u0131ralar\u0131nda azalmaya ba\u015flad\u0131\u011f\u0131n\u0131, fakat festivalde gece 24&#8217;e kadar i\u015f yapt\u0131\u011f\u0131n\u0131 belirterek, &#8220;Gayet mutluyduk, g\u00fczel bir i\u015f oldu. Y\u0131llard\u0131r buraday\u0131z, ilk defa b\u00f6yle bir kalabal\u0131k g\u00f6rd\u00fck. Tarsus, Tarsus olal\u0131 ilk defa b\u00f6yle bir \u015fey g\u00f6rd\u00fcm. Normalde saat 5 veya 6&#8217;da kapatt\u0131\u011f\u0131m\u0131z d\u00fckkan\u0131, ak\u015fam 11-12&#8217;ye kadar hep a\u00e7\u0131k tuttuk. Umar\u0131m bu festivaller hep b\u00f6yle devam eder&#8221; dedi.<\/p>\n<p>&#8220;Bu ekonomik durgunlukta, festival iyi geldi&#8221;<\/p>\n<p>Yine Yarenlik Alan\u0131&#8217;nda b\u00f6rek\u00e7ilik yapan esnaflardan G\u00f6khan Yaygan, &#8220;Festival \u00e7ok g\u00fczeldi, \u00e7ok kalabal\u0131kt\u0131. Festivalin, ekonominin b\u00f6yle k\u00f6t\u00fc oldu\u011fu, al\u0131\u015fveri\u015fin az oldu\u011fu bir zamanda denk gelmesi \u00e7ok g\u00fczel oldu. Her zaman olmas\u0131 bizim i\u00e7in faydal\u0131 bence, herkes i\u00e7in faydal\u0131&#8221; ifadelerini kulland\u0131.<\/p>\n<p>&#8220;Festivalde i\u015f yapmaktan oturamad\u0131k, nefes alamad\u0131k&#8221;<\/p>\n<p>Tarsus&#8217;a \u00f6zg\u00fc f\u0131nd\u0131k lahmacun ustas\u0131 Murat G\u00fcl ise, Tarsus&#8217;ta B\u00fcy\u00fck\u015fehir taraf\u0131ndan b\u00f6yle bir festival d\u00fczenlenmesinden dolay\u0131 mutluluk ya\u015fad\u0131\u011f\u0131n\u0131 belirterek, &#8220;Ben bu festival i\u00e7in \u00f6ncelikle B\u00fcy\u00fck\u015fehir Belediye Ba\u015fkan\u0131m\u0131z sevgili Vahap Se\u00e7er&#8217;e \u00e7ok te\u015fekk\u00fcr ediyorum. Yo\u011fun bir insan kat\u0131l\u0131m\u0131 oldu. Biz nefes almad\u0131k o g\u00fcn. Bir dakika oturamad\u0131k. D\u0131\u015far\u0131dan gelen insanlar\u0131n, yapt\u0131\u011f\u0131m\u0131z \u00fcr\u00fcnleri yedi\u011fi zaman &#8216;ustac\u0131\u011f\u0131m ellerinize sa\u011fl\u0131k&#8217; demesi, onlar\u0131n be\u011fenmesi, Tarsus&#8217;u be\u011fenmesi bizi daha \u00e7ok motive etti. Y\u0131llard\u0131r b\u00f6yle bir \u015fey ya\u015famad\u0131\u011f\u0131m\u0131z i\u00e7in, biz de \u015fa\u015f\u0131rd\u0131k a\u00e7\u0131k\u00e7as\u0131, ama g\u00fczel oldu&#8221; \u015feklinde konu\u015ftu.<\/p>\n<p>&#8220;Bu festival Tarsus&#8217;u ger\u00e7ekten T\u00fcrkiye&#8217;ye tan\u0131tt\u0131&#8221;<\/p>\n<p>Tarsus&#8217;un tan\u0131nm\u0131\u015f ayranc\u0131lar\u0131ndan olan ve tarihi Abac\u0131 Han b\u00f6lgesinde 1977 y\u0131l\u0131ndan bu yana esnafl\u0131k yapan Orhan De\u011fer, &#8220;Tarsus&#8217;un en eski esnaflar\u0131ndan biriyiz. \u00c7ok m\u00fcthi\u015f bir insan patlamas\u0131 ya\u015fand\u0131. Her y\u00f6reden insanlar geldi. Ayran\u0131m\u0131z\u0131, lahmacunumuzu tatt\u0131lar ve buran\u0131n yemeklerinin ne kadar g\u00fczel, lezzetli oldu\u011funu g\u00f6rd\u00fcler. Tarihi yerlerimizi gezdiler. Tarsusumuza \u00e7ok b\u00fcy\u00fck bir katk\u0131s\u0131 oldu. Ben 77&#8217;den bu yana b\u00f6yle bir kalabal\u0131k, b\u00f6yle bir insan toplulu\u011fu g\u00f6rmedim. Her \u00e7e\u015fit insanla tan\u0131\u015ft\u0131k. Bizim i\u00e7in m\u00fckemmel oldu. Bu festival Tarsus&#8217;u ger\u00e7ekten T\u00fcrkiye&#8217;ye tan\u0131tt\u0131&#8221; diye konu\u015ftu.<\/p>\n<p>&#8220;B\u00fcy\u00fck bir hareketlilik ve co\u015fku ya\u015fad\u0131k&#8221;<\/p>\n<p>Yine Tarsuslu humus ustas\u0131 B\u00fclent D\u00f6ven, &#8220;Halk\u0131m\u0131z co\u015ftu, co\u015fkunluk vard\u0131. Hareketlilik ya\u015fad\u0131k, \u00e7ok g\u00fczel ilgi ve sevgi ald\u0131k. Belediye Ba\u015fkan\u0131m\u0131za bu y\u00f6nden \u00e7ok te\u015fekk\u00fcr ederiz. Bir co\u015fku vard\u0131. Yabanc\u0131lar geldi buraya, onlara g\u00fczel hizmet verdik. Art\u0131 Vahap Ba\u015fkan\u0131m\u0131z buraya geldi, kendi elleriyle humus yapt\u0131 ve \u00e7ok mutlu oldu. Biz de ondan dolay\u0131 \u00e7ok mutlu olduk&#8221; dedi.<\/p>\n<p>&#8220;Festivalde \u00e7ok g\u00fczel i\u015f yapt\u0131k&#8221;<\/p>\n<p>Tarsus&#8217;ta 50 y\u0131l\u0131 a\u015fk\u0131n bir s\u00fcredir \u015falvar ve y\u00f6reye \u00f6zg\u00fc sekiz k\u00f6\u015fe kasket satan esnaflardan Yusuf Sucularl\u0131, festivalde g\u00fczel i\u015f yapt\u0131\u011f\u0131n\u0131 vurgulayarak, &#8220;Festival \u00e7ok g\u00fczel oldu, \u00e7ok iyi \u015feyler oldu. Lokantac\u0131dan k\u00fcnefeciye, tatl\u0131c\u0131dan \u015falvarc\u0131ya herkes i\u015f yapt\u0131. \u00c7ok memnun kald\u0131k, devam\u0131n\u0131 diliyoruz. \u00d6zellikle Vahap Bey&#8217;e te\u015fekk\u00fcr ediyorum&#8221; ifadelerini kulland\u0131.<\/p>\n<p>&#8220;Tarsus&#8217;un tan\u0131t\u0131m\u0131 i\u00e7in \u00e7ok g\u00fczel bir etkinlikti&#8221;<\/p>\n<p>Festivalde arkada\u015flar\u0131yla birlikte doyas\u0131ya e\u011flendi\u011fini belirten gen\u00e7lerden Merdan Kesici &#8220;\u00c7ok g\u00fczeldi. \u0130nsanlar Hatay&#8217;dan, Mersin&#8217;den, Adana&#8217;dan geldi. Her sene olmas\u0131n\u0131 isteriz. Gurur duyduk Tarsus&#8217;la&#8221; derken; festivalde, ba\u015fta kortej y\u00fcr\u00fcy\u00fc\u015f\u00fc olmak \u00fczere, di\u011fer sosyal etkinliklere kat\u0131ld\u0131\u011f\u0131n\u0131 s\u00f6yleyen \u00d6zg\u00fcr G\u00fclbahar, &#8220;Kat\u0131l\u0131mda inan\u0131lmaz bir co\u015fku vard\u0131. Gece g\u00fcnd\u00fcz kamp yap\u0131ld\u0131. Yama\u00e7 para\u015f\u00fct\u00fc etkinlikleri yap\u0131ld\u0131. Tarsus&#8217;un tan\u0131t\u0131m\u0131 i\u00e7in \u00e7ok g\u00fczel bir etkinlikti. Yani ola\u011fan\u00fcst\u00fc bir havada ge\u00e7ti&#8221; \u015feklinde konu\u015ftu.<\/p>\n","protected":false},"excerpt":{"rendered":"<p>Mersin B\u00fcy\u00fck\u015fehir Belediyesi taraf\u0131ndan bu y\u0131l ilk kez d\u00fczenlenen &#8220;Uluslararas\u0131 Tarsus Festivali&#8221; kentte sosyal hayat\u0131n canlanmas\u0131n\u0131n yan\u0131 s\u0131ra, esnaflara da b\u00fcy\u00fck katk\u0131 sa\u011flad\u0131. &#8220;Kleopatra Y\u0131l\u0131&#8221; ana temas\u0131yla 1.&#8217;si d\u00fczenlenen Uluslararas\u0131 &hellip; <a href=\"https:\/\/akdenizolaygazetesi.com\/?p=22407\" class=\"more-link\">Devam\u0131n\u0131 Oku&#8230;<\/a><\/p>\n","protected":false},"author":2,"featured_media":22408,"comment_status":"open","ping_status":"open","sticky":false,"template":"","format":"standard","meta":[],"categories":[2,3],"tags":[],"_links":{"self":[{"href":"https:\/\/akdenizolaygazetesi.com\/index.php?rest_route=\/wp\/v2\/posts\/22407"}],"collection":[{"href":"https:\/\/akdenizolaygazetesi.com\/index.php?rest_route=\/wp\/v2\/posts"}],"about":[{"href":"https:\/\/akdenizolaygazetesi.com\/index.php?rest_route=\/wp\/v2\/types\/post"}],"author":[{"embeddable":true,"href":"https:\/\/akdenizolaygazetesi.com\/index.php?rest_route=\/wp\/v2\/users\/2"}],"replies":[{"embeddable":true,"href":"https:\/\/akdenizolaygazetesi.com\/index.php?rest_route=%2Fwp%2Fv2%2Fcomments&post=22407"}],"version-history":[{"count":1,"href":"https:\/\/akdenizolaygazetesi.com\/index.php?rest_route=\/wp\/v2\/posts\/22407\/revisions"}],"predecessor-version":[{"id":22409,"href":"https:\/\/akdenizolaygazetesi.com\/index.php?rest_route=\/wp\/v2\/posts\/22407\/revisions\/22409"}],"wp:featuredmedia":[{"embeddable":true,"href":"https:\/\/akdenizolaygazetesi.com\/index.php?rest_route=\/wp\/v2\/media\/22408"}],"wp:attachment":[{"href":"https:\/\/akdenizolaygazetesi.com\/index.php?rest_route=%2Fwp%2Fv2%2Fmedia&parent=22407"}],"wp:term":[{"taxonomy":"category","embeddable":true,"href":"https:\/\/akdenizolaygazetesi.com\/index.php?rest_route=%2Fwp%2Fv2%2Fcategories&post=22407"},{"taxonomy":"post_tag","embeddable":true,"href":"https:\/\/akdenizolaygazetesi.com\/index.php?rest_route=%2Fwp%2Fv2%2Ftags&post=22407"}],"curies":[{"name":"wp","href":"https:\/\/api.w.org\/{rel}","templated":true}]}}