{"id":22426,"date":"2022-11-22T12:22:04","date_gmt":"2022-11-22T09:22:04","guid":{"rendered":"http:\/\/akdenizolaygazetesi.com\/?p=22426"},"modified":"2022-11-22T12:22:04","modified_gmt":"2022-11-22T09:22:04","slug":"uluslararasi-nukleer-enerji-forumu-atomexpo-basladi","status":"publish","type":"post","link":"https:\/\/akdenizolaygazetesi.com\/?p=22426","title":{"rendered":"ULUSLARARASI N\u00dcKLEER ENERJ\u0130 FORUMU \u201cATOMEXPO\u201d BA\u015eLADI"},"content":{"rendered":"<p>Uluslararas\u0131 n\u00fckleer enerji forumu &#8220;Atomexpo 2022&#8243; Rusya&#8217;n\u0131n So\u00e7i kentinde ba\u015flad\u0131.<\/p>\n<p>Ana temas\u0131 \u201cN\u00fckleer Bahar\u0131: S\u00fcrd\u00fcr\u00fclebilir Bir Gelecek Yaratmak\u201d olarak belirlenen forum, 65 \u00fclkeden \u00f6nde gelen uzmanlar\u0131 bir araya getiriyor. Bu y\u0131lki forumda 2.500&#8217;den fazla kat\u0131l\u0131mc\u0131n\u0131n yer alaca\u011f\u0131 30&#8217;dan fazla i\u015f etkinli\u011fi planland\u0131. <\/p>\n<p>Genel oturumlar, yuvarlak masa toplant\u0131lar\u0131 ve panellerin yer alaca\u011f\u0131 iki g\u00fcn s\u00fcrecek forumda n\u00fckleer enerjinin k\u00fcresel iklim de\u011fi\u015fikli\u011finin \u00e7\u00f6z\u00fcm\u00fcndeki rol\u00fc ile n\u00fckleer teknolojilerin BM S\u00fcrd\u00fcr\u00fclebilir Kalk\u0131nma Hedeflerine ula\u015f\u0131lmas\u0131na katk\u0131s\u0131n\u0131 tart\u0131\u015fmak \u00fczere d\u00fcnyan\u0131n d\u00f6rt bir yan\u0131ndan \u00e7ok say\u0131da uzman bulu\u015fuyor. <\/p>\n<p>Tart\u0131\u015fmalarda ayr\u0131ca ye\u015fil ve mavi ekonomi, yapay zekan\u0131n n\u00fckleer enerji end\u00fcstrisindeki rol\u00fc ve yeri, kapal\u0131 yak\u0131t \u00e7evrimindeki beklentiler ve sunaca\u011f\u0131 yeni f\u0131rsatlar, modern hayat\u0131n getirdi\u011fi \u015fartlar kar\u015f\u0131s\u0131nda end\u00fcstrinin dijitalle\u015fmesinin zorluklar\u0131 ve bir dizi di\u011fer g\u00fcncel konu ele al\u0131nacak. Forumun d\u00fczenlendi\u011fi 21-22 Kas\u0131m tarihlerinde yakla\u015f\u0131k 40 etkinlik planlan\u0131yor.<\/p>\n<p>ATOMEXPO 2022&#8217;de ye\u015fil enerjiye ge\u00e7i\u015f i\u00e7in \u00e7e\u015fitlendirici \u00e7\u00f6z\u00fcmler konulu bir yuvarlak masa toplant\u0131s\u0131 da d\u00fczenleniyor <\/p>\n<p>Uzmanlar, yenilenebilir enerji kaynaklar\u0131 geli\u015ftiren \u00fclkelerin kar\u015f\u0131la\u015ft\u0131\u011f\u0131 zorluklar\u0131n yan\u0131 s\u0131ra elektrik arz ve t\u00fcketim dengesizlikleri, telafi kapasitesi ve enerji kaynaklar\u0131n\u0131n \u00e7e\u015fitlendirilmesi, emisyon azaltma gereklilikleri ve ara\u00e7lar\u0131, \u201cye\u015fil\u201d tarifeler ve yenilenebilir enerji d\u00fczenlemesi gibi konulara ili\u015fkin yakla\u015f\u0131mlar\u0131 tart\u0131\u015facak. <\/p>\n<p>Ayr\u0131ca, istikrarl\u0131 bir enerji arz\u0131 ve etkili bir enerji ge\u00e7i\u015fi sa\u011flamak i\u00e7in r\u00fczg\u00e2r, su, enerji depolama gibi farkl\u0131 \u201cye\u015fil&#8221; \u00fcretim t\u00fcrlerini birle\u015ftirmeye y\u00f6nelik teknolojik yakla\u015f\u0131mlar\u0131n hayata ge\u00e7irilmesi ve beklentileri de ele al\u0131nacak. <\/p>\n<p>Etkinli\u011fin a\u00e7\u0131l\u0131\u015f\u0131 Rosatom Genel M\u00fcd\u00fcr\u00fc Aleksey Likhachev, UAEA Genel M\u00fcd\u00fcr Yard\u0131mc\u0131s\u0131 Mikhail Chudakov ve Africa4Nuclear\u2019in kurucusu Prenses Mtombeni taraf\u0131ndan yap\u0131ld\u0131.<\/p>\n<p>Likhachev genel oturumunda yapt\u0131\u011f\u0131 konu\u015fmada \u015funlar\u0131 s\u00f6yledi: \u201cUAEK tahminlerine g\u00f6re 2050 y\u0131l\u0131na kadar d\u00fcnyada en az 600 GW n\u00fckleer enerji kapasitesi in\u015fa edilmelidir. Bunun i\u00e7in en az binlerce in\u015faat projesi, on binlerce insan ve bu tesisleri i\u015fletecek milyonlarca insan gerekecektir. B\u00f6yle niteliksel bir de\u011fi\u015fimin e\u015fi\u011findeyiz.\u201d<\/p>\n","protected":false},"excerpt":{"rendered":"<p>Uluslararas\u0131 n\u00fckleer enerji forumu &#8220;Atomexpo 2022&#8243; Rusya&#8217;n\u0131n So\u00e7i kentinde ba\u015flad\u0131. Ana temas\u0131 \u201cN\u00fckleer Bahar\u0131: S\u00fcrd\u00fcr\u00fclebilir Bir Gelecek Yaratmak\u201d olarak belirlenen forum, 65 \u00fclkeden \u00f6nde gelen uzmanlar\u0131 bir araya getiriyor. Bu &hellip; <a href=\"https:\/\/akdenizolaygazetesi.com\/?p=22426\" class=\"more-link\">Devam\u0131n\u0131 Oku&#8230;<\/a><\/p>\n","protected":false},"author":2,"featured_media":22427,"comment_status":"open","ping_status":"open","sticky":false,"template":"","format":"standard","meta":[],"categories":[3,11],"tags":[],"_links":{"self":[{"href":"https:\/\/akdenizolaygazetesi.com\/index.php?rest_route=\/wp\/v2\/posts\/22426"}],"collection":[{"href":"https:\/\/akdenizolaygazetesi.com\/index.php?rest_route=\/wp\/v2\/posts"}],"about":[{"href":"https:\/\/akdenizolaygazetesi.com\/index.php?rest_route=\/wp\/v2\/types\/post"}],"author":[{"embeddable":true,"href":"https:\/\/akdenizolaygazetesi.com\/index.php?rest_route=\/wp\/v2\/users\/2"}],"replies":[{"embeddable":true,"href":"https:\/\/akdenizolaygazetesi.com\/index.php?rest_route=%2Fwp%2Fv2%2Fcomments&post=22426"}],"version-history":[{"count":1,"href":"https:\/\/akdenizolaygazetesi.com\/index.php?rest_route=\/wp\/v2\/posts\/22426\/revisions"}],"predecessor-version":[{"id":22428,"href":"https:\/\/akdenizolaygazetesi.com\/index.php?rest_route=\/wp\/v2\/posts\/22426\/revisions\/22428"}],"wp:featuredmedia":[{"embeddable":true,"href":"https:\/\/akdenizolaygazetesi.com\/index.php?rest_route=\/wp\/v2\/media\/22427"}],"wp:attachment":[{"href":"https:\/\/akdenizolaygazetesi.com\/index.php?rest_route=%2Fwp%2Fv2%2Fmedia&parent=22426"}],"wp:term":[{"taxonomy":"category","embeddable":true,"href":"https:\/\/akdenizolaygazetesi.com\/index.php?rest_route=%2Fwp%2Fv2%2Fcategories&post=22426"},{"taxonomy":"post_tag","embeddable":true,"href":"https:\/\/akdenizolaygazetesi.com\/index.php?rest_route=%2Fwp%2Fv2%2Ftags&post=22426"}],"curies":[{"name":"wp","href":"https:\/\/api.w.org\/{rel}","templated":true}]}}