{"id":22429,"date":"2022-11-22T12:24:02","date_gmt":"2022-11-22T09:24:02","guid":{"rendered":"http:\/\/akdenizolaygazetesi.com\/?p=22429"},"modified":"2022-11-22T12:24:02","modified_gmt":"2022-11-22T09:24:02","slug":"mersin-buyuksehir-belediye-meclisinin-kasim-ayi-ikinci-birlesimi-yapildi","status":"publish","type":"post","link":"https:\/\/akdenizolaygazetesi.com\/?p=22429","title":{"rendered":"MERS\u0130N B\u00dcY\u00dcK\u015eEH\u0130R BELED\u0130YE MECL\u0130S\u0130&#8217;N\u0130N KASIM AYI \u0130K\u0130NC\u0130 B\u0130RLE\u015e\u0130M\u0130 YAPILDI"},"content":{"rendered":"<p>Mersin B\u00fcy\u00fck\u015fehir Belediye Meclisi&#8217;nin Kas\u0131m ay\u0131 2. Birle\u015fim Toplant\u0131s\u0131, Mersin B\u00fcy\u00fck\u015fehir Belediye Ba\u015fkan\u0131 Vahap Se\u00e7er ba\u015fkanl\u0131\u011f\u0131nda ger\u00e7ekle\u015ftirildi. Meclis&#8217;te birimlerden gelen 42, komisyonlara havale edilen 4 olmak \u00fczere 46 madde g\u00f6r\u00fc\u015f\u00fcld\u00fc.<\/p>\n<p>Ba\u015fkan Se\u00e7er Meclis Toplant\u0131s\u0131&#8217;na, ge\u00e7ti\u011fimiz hafta \u0130stanbul \u0130stiklal Caddesi&#8217;nde ger\u00e7ekle\u015fen ter\u00f6r sald\u0131r\u0131s\u0131 ile Karkam\u0131\u015f il\u00e7esine yap\u0131lan roketli sald\u0131r\u0131da hayat\u0131n\u0131 kaybeden vatanda\u015flar\u0131m\u0131za Allah&#8217;tan rahmet, yaralanan vatanda\u015flar\u0131m\u0131za da acil \u015fifa dileyerek ba\u015flad\u0131.<\/p>\n<p>Maddelere ge\u00e7ilmeden \u00f6nce Ba\u015fkan Se\u00e7er, g\u00fcndem d\u0131\u015f\u0131 konular hakk\u0131nda Meclis \u00dcyeleri&#8217;ne s\u00f6z hakk\u0131 vererek, Meclis \u00dcyeleri&#8217;nden gelen taleplere ve baz\u0131 konularla ilgili de\u011ferlendirmelere yan\u0131t verdi.<\/p>\n<p>Bakanl\u0131k karar\u0131 gere\u011fi Zafer \u00c7ar\u015f\u0131s\u0131 esnaf\u0131na tebligatlar\u0131 g\u00f6ndermeye ba\u015flad\u0131klar\u0131n\u0131 s\u00f6yleyen Ba\u015fkan Se\u00e7er, &#8220;Buradan Zafer \u00c7ar\u015f\u0131s\u0131 esnaf\u0131na sesleniyorum. Sizler, r\u0131zk\u0131n\u0131 oradan \u00e7\u0131karan esnaflars\u0131n\u0131z. Bir kamu y\u00f6neticisi olarak sizleri alelacele soka\u011fa atma gibi d\u00fc\u015f\u00fcncemiz olamaz. \u0130\u015fbirli\u011fi i\u00e7erisinde ben size yard\u0131mc\u0131 olma s\u00f6z\u00fc verdim&#8221; dedi.<\/p>\n<p>Zafer \u00c7ar\u015f\u0131s\u0131 esnaf\u0131na yeni yer yapma zorunlulu\u011fu olmad\u0131\u011f\u0131 halde, bir kamu y\u00f6neticisi olarak makul, mant\u0131kl\u0131 ve vicdanl\u0131 davranmak gerekti\u011fini ifade eden Ba\u015fkan Se\u00e7er, &#8220;\u015eu anda en uygun yer Tevfik S\u0131rr\u0131 G\u00fcr Lisesi&#8217;nin, katl\u0131 otopark\u0131n yan\u0131ndaki alan. Bunun tahsisi konusunda Milli Emlak&#8217;a yaz\u0131m\u0131z\u0131 yazd\u0131k. Netice bekliyoruz&#8221; ifadelerini kulland\u0131.<\/p>\n<p>Tevfik S\u0131rr\u0131 G\u00fcr Katl\u0131 Otopark\u0131&#8217;n\u0131n son durumu ile ilgili de bilgilendirme yapan Ba\u015fkan Se\u00e7er,  &#8220;Buray\u0131 da hizmete a\u00e7mak i\u00e7in Milli Emlak, \u00c7evre Bakanl\u0131\u011f\u0131 \u0130l M\u00fcd\u00fcrl\u00fc\u011f\u00fc&#8217;n\u00fcn imzas\u0131n\u0131 bekliyoruz. Evrak imzalan\u0131r imzalanmaz gerekli \u00e7al\u0131\u015fmalar yap\u0131l\u0131p, Tevfik S\u0131rr\u0131 G\u00fcr Katl\u0131 Otopark\u0131&#8217;n\u0131 hizmete a\u00e7aca\u011f\u0131z&#8221; diye konu\u015ftu.<\/p>\n<p>Madde ba\u011f\u0131ml\u0131l\u0131\u011f\u0131yla m\u00fccadelenin hassas bir konu oldu\u011funu belirten Ba\u015fkan Se\u00e7er, &#8220;Biz \u00f6nleyici safhada, ilgili t\u00fcm birimlerimizle \u00e7al\u0131\u015f\u0131yoruz. \u00d6neri projeniz varsa, \u00f6rnek projeniz varsa seve seve de kabul ederiz, ama bize ait olmayan baz\u0131 g\u00f6rev alanlar\u0131nda da durumdan vazife \u00e7\u0131karamay\u0131z&#8221; dedi.<\/p>\n<p>Sosyal konut projeleri ile ilgili olarak da bir de\u011ferlendirmede bulunan Ba\u015fkan Se\u00e7er, &#8220;S\u00f6z\u00fcmd\u00fcr; Allah nasip eder, sa\u011fl\u0131\u011f\u0131m\u0131zda bir sorun olmaz aday olur, halk\u0131n kar\u015f\u0131s\u0131na \u00e7\u0131kt\u0131\u011f\u0131m\u0131zda, se\u00e7im manifestomuzda yer alacak maj\u00f6r projelerin ba\u015f\u0131nda, sosyal konut hamlesi olacak&#8221; ifadelerini kulland\u0131.<\/p>\n<p>G\u00fcndem d\u0131\u015f\u0131 konular aras\u0131nda yer alan Zafer \u00c7ar\u015f\u0131s\u0131&#8217;n\u0131n y\u0131k\u0131l\u0131p yerine kent meydan\u0131 yap\u0131lmas\u0131 ile ilgili proje hakk\u0131nda Meclis \u00dcyeleri&#8217;ne bilgi veren Ba\u015fkan Se\u00e7er, &#8220;Zafer \u00c7ar\u015f\u0131s\u0131&#8217;n\u0131 bo\u015faltaca\u011f\u0131z. K\u0131rm\u0131z\u0131 Lacivert binas\u0131n\u0131 da y\u0131kaca\u011f\u0131z ve oraya bir kent meydan\u0131 yapaca\u011f\u0131z. \u0130stiklal Caddesi d\u00fczenlemeleri zaten devam ediyor. Ben ne dediysem onu yerine getiriyorum&#8221; dedi.<br \/>\nBa\u015fkan Se\u00e7er: &#8220;Zafer \u00c7ar\u015f\u0131s\u0131 esnaf\u0131na en uygun yer Tevfik S\u0131rr\u0131 G\u00fcr Lisesi yan\u0131&#8221;<br \/>\nY\u0131k\u0131lacak Zafer \u00c7ar\u015f\u0131s\u0131&#8217;ndaki esnaf\u0131n, B\u00fcy\u00fck\u015fehir Belediyesi&#8217;nin kirac\u0131s\u0131 oldu\u011funu ve esnafa yeni bir yer yapmak istediklerini kaydeden Ba\u015fkan Se\u00e7er, Bakanl\u0131k karar\u0131 gere\u011fi esnafa tebligatlar\u0131 g\u00f6ndermeye ba\u015flad\u0131klar\u0131n\u0131 s\u00f6yledi. Ba\u015fkan Se\u00e7er, &#8220;Oray\u0131 ta\u015f\u0131mak zorunday\u0131m, ard\u0131ndan da o y\u0131k\u0131m karar\u0131 gere\u011fince y\u0131k\u0131m\u0131 yapmak zorunday\u0131m. Buradan Zafer \u00c7ar\u015f\u0131s\u0131 esnaf\u0131na sesleniyorum. Sizler, r\u0131zk\u0131n\u0131 oradan \u00e7\u0131karan esnaflars\u0131n\u0131z. Bir kamu y\u00f6neticisi olarak sizleri alelacele soka\u011fa atma gibi d\u00fc\u015f\u00fcncemiz olamaz. Ancak i\u015fbirli\u011fi i\u00e7erisinde ben size yard\u0131mc\u0131 olma s\u00f6z\u00fc verdim&#8221; dedi. Zafer \u00c7ar\u015f\u0131s\u0131 esnaf\u0131na yeni yer yapma zorunlulu\u011fu olmad\u0131\u011f\u0131 halde, bir kamu y\u00f6neticisi olarak makul, mant\u0131kl\u0131 ve vicdanl\u0131 davranmak gerekti\u011fini ifade eden Ba\u015fkan Se\u00e7er, &#8220;Size \u015fehir merkezinde, al\u0131\u015fveri\u015fin yo\u011fun oldu\u011fu bir yer yapmam laz\u0131m, ama yer sorunu ya\u015f\u0131yorum. \u015eu anda en uygun yer Tevfik S\u0131rr\u0131 G\u00fcr Lisesi&#8217;nin, katl\u0131 otopark\u0131n yan\u0131ndaki alan. Bunun tahsisi konusunda Milli Emlak&#8217;a yaz\u0131m\u0131z\u0131 yazd\u0131k. Netice bekliyoruz&#8221; ifadelerini kulland\u0131.<\/p>\n<p>&#8220;Tevfik S\u0131rr\u0131 G\u00fcr Katl\u0131 Otopark\u0131 hizmete a\u00e7\u0131l\u0131yor&#8221;<br \/>\nTevfik S\u0131rr\u0131 G\u00fcr Katl\u0131 Otopark\u0131&#8217;n\u0131n son durumu ile ilgili de bilgilendirme yapan Ba\u015fkan Se\u00e7er,  &#8220;Buray\u0131 da hizmete a\u00e7mak i\u00e7in Milli Emlak, \u00c7evre Bakanl\u0131\u011f\u0131 \u0130l M\u00fcd\u00fcrl\u00fc\u011f\u00fc&#8217;n\u00fcn imzas\u0131n\u0131 bekliyoruz. Vali&#8217;nin g\u00f6r\u00fc\u015f\u00fcne sunulmu\u015f. Bu hafta i\u00e7erisinde evra\u011f\u0131n imzalanaca\u011f\u0131 bilgisini verdiler. Evrak imzalan\u0131r imzalanmaz gerekli \u00e7al\u0131\u015fmalar yap\u0131l\u0131p, Tevfik S\u0131rr\u0131 G\u00fcr Katl\u0131 Otopark\u0131&#8217;n\u0131 hizmete a\u00e7aca\u011f\u0131z&#8221; dedi.<\/p>\n<p>&#8220;Madde ba\u011f\u0131ml\u0131l\u0131\u011f\u0131yla m\u00fccadelede, \u00fczerimize d\u00fc\u015feni t\u00fcm birimlerimizle yap\u0131yoruz&#8221;<br \/>\nBir Meclis \u00fcyesinin madde ba\u011f\u0131ml\u0131l\u0131\u011f\u0131 ile m\u00fccadele eden \u00e7ocuklar\u0131n tedaviden sonra topluma kazand\u0131r\u0131lmas\u0131 ile ilgili B\u00fcy\u00fck\u015fehir Belediyesi&#8217;nin bir projesi olup olmayaca\u011f\u0131 ile ilgili sorusu \u00fczerine Ba\u015fkan Se\u00e7er, &#8220;Madde ba\u011f\u0131ml\u0131l\u0131\u011f\u0131yla m\u00fccadele bir ihtisas konusu. Bunlar belirli yasal prosed\u00fcr \u00e7er\u00e7evesinde olan i\u015fler. Her kamu kurumu istedi\u011fi gibi bir icraat yapamaz. Bu m\u00fccadele i\u00e7erisinde \u00fc\u00e7 safha var. Bir \u00f6nleyici safha, bir tedavi edici, bir de sosyalle\u015ftirici safha. Biz \u00f6nleyici safhada, ilgili t\u00fcm birimlerimizle \u00e7al\u0131\u015f\u0131yoruz. \u00d6neri projeniz varsa, \u00f6rnek projeniz varsa seve seve de kabul ederiz, ama bize ait olmayan baz\u0131 g\u00f6rev alanlar\u0131nda da durumdan vazife \u00e7\u0131karamay\u0131z&#8221; ifadelerine yer verdi.<\/p>\n<p>&#8220;Bir sonraki d\u00f6nemde maj\u00f6r projelerin ba\u015f\u0131nda sosyal konut hamlesi olacak&#8221;<br \/>\nSosyal konut projeleri ile ilgili olarak da bir de\u011ferlendirmede bulunan Ba\u015fkan Se\u00e7er, g\u00f6reve ba\u015flamadan \u00f6nce, 5 y\u0131ll\u0131k s\u00fcre\u00e7 i\u00e7erisinde toplu konut i\u015fine veya sosyal konut projelerine giremeyece\u011fini s\u00f6yledi\u011fini belirterek, &#8220;Geriden gelen 550 milyon dolarl\u0131k bir bor\u00e7 devrald\u0131m ve bu borcu \u015fu anda 150 milyon dolar seviyelerine d\u00fc\u015f\u00fcrd\u00fck. Yakla\u015f\u0131k 400 milyon dolarl\u0131k bor\u00e7 \u00f6derken, ayn\u0131 zamanda Anamur&#8217;dan Tarsus&#8217;a her alanda kaliteli hizmet yapmak kolay i\u015f de\u011fil. Ama s\u00f6z\u00fcmd\u00fcr; Allah nasip eder, sa\u011fl\u0131\u011f\u0131m\u0131zda bir sorun olmaz aday olur, halk\u0131n kar\u015f\u0131s\u0131na \u00e7\u0131kt\u0131\u011f\u0131m\u0131zda, se\u00e7im manifestomuzda yer alacak maj\u00f6r projelerin ba\u015f\u0131nda sosyal konut hamlesi olacak&#8221;dedi.<\/p>\n<p>G\u00fcndem d\u0131\u015f\u0131 konular\u0131n ard\u0131ndan komisyonlara havale edilen 42, birimlerden gelen 4 madde olmak \u00fczere toplam 46 madde oyland\u0131.<\/p>\n","protected":false},"excerpt":{"rendered":"<p>Mersin B\u00fcy\u00fck\u015fehir Belediye Meclisi&#8217;nin Kas\u0131m ay\u0131 2. Birle\u015fim Toplant\u0131s\u0131, Mersin B\u00fcy\u00fck\u015fehir Belediye Ba\u015fkan\u0131 Vahap Se\u00e7er ba\u015fkanl\u0131\u011f\u0131nda ger\u00e7ekle\u015ftirildi. Meclis&#8217;te birimlerden gelen 42, komisyonlara havale edilen 4 olmak \u00fczere 46 madde g\u00f6r\u00fc\u015f\u00fcld\u00fc. &hellip; <a href=\"https:\/\/akdenizolaygazetesi.com\/?p=22429\" class=\"more-link\">Devam\u0131n\u0131 Oku&#8230;<\/a><\/p>\n","protected":false},"author":2,"featured_media":22430,"comment_status":"open","ping_status":"open","sticky":false,"template":"","format":"standard","meta":[],"categories":[8,3,5],"tags":[],"_links":{"self":[{"href":"https:\/\/akdenizolaygazetesi.com\/index.php?rest_route=\/wp\/v2\/posts\/22429"}],"collection":[{"href":"https:\/\/akdenizolaygazetesi.com\/index.php?rest_route=\/wp\/v2\/posts"}],"about":[{"href":"https:\/\/akdenizolaygazetesi.com\/index.php?rest_route=\/wp\/v2\/types\/post"}],"author":[{"embeddable":true,"href":"https:\/\/akdenizolaygazetesi.com\/index.php?rest_route=\/wp\/v2\/users\/2"}],"replies":[{"embeddable":true,"href":"https:\/\/akdenizolaygazetesi.com\/index.php?rest_route=%2Fwp%2Fv2%2Fcomments&post=22429"}],"version-history":[{"count":1,"href":"https:\/\/akdenizolaygazetesi.com\/index.php?rest_route=\/wp\/v2\/posts\/22429\/revisions"}],"predecessor-version":[{"id":22431,"href":"https:\/\/akdenizolaygazetesi.com\/index.php?rest_route=\/wp\/v2\/posts\/22429\/revisions\/22431"}],"wp:featuredmedia":[{"embeddable":true,"href":"https:\/\/akdenizolaygazetesi.com\/index.php?rest_route=\/wp\/v2\/media\/22430"}],"wp:attachment":[{"href":"https:\/\/akdenizolaygazetesi.com\/index.php?rest_route=%2Fwp%2Fv2%2Fmedia&parent=22429"}],"wp:term":[{"taxonomy":"category","embeddable":true,"href":"https:\/\/akdenizolaygazetesi.com\/index.php?rest_route=%2Fwp%2Fv2%2Fcategories&post=22429"},{"taxonomy":"post_tag","embeddable":true,"href":"https:\/\/akdenizolaygazetesi.com\/index.php?rest_route=%2Fwp%2Fv2%2Ftags&post=22429"}],"curies":[{"name":"wp","href":"https:\/\/api.w.org\/{rel}","templated":true}]}}