{"id":22432,"date":"2022-11-22T12:25:44","date_gmt":"2022-11-22T09:25:44","guid":{"rendered":"http:\/\/akdenizolaygazetesi.com\/?p=22432"},"modified":"2022-11-22T12:25:44","modified_gmt":"2022-11-22T09:25:44","slug":"hicbir-belediye-baskani-yuksek-bir-fatura-tahakkuk-etmek-istemez","status":"publish","type":"post","link":"https:\/\/akdenizolaygazetesi.com\/?p=22432","title":{"rendered":"&#8220;H\u0130\u00c7B\u0130R BELED\u0130YE BA\u015eKANI Y\u00dcKSEK B\u0130R FATURA TAHAKKUK ETMEK \u0130STEMEZ&#8221;"},"content":{"rendered":"<p>MESK\u0130 Genel M\u00fcd\u00fcrl\u00fc\u011f\u00fc&#8217;n\u00fcn Kas\u0131m Ay\u0131 Ola\u011fan Genel Kurul Toplant\u0131s\u0131&#8217;n\u0131n 2. Birle\u015fimi ger\u00e7ekle\u015ftirildi. Toplant\u0131da konu\u015fan Mersin B\u00fcy\u00fck\u015fehir Belediye Ba\u015fkan\u0131 Vahap Se\u00e7er, mali veriler hakk\u0131nda meclis \u00fcyelerini bilgilendirdi. MESK\u0130&#8217;nin de\u011ferli ve \u00f6nemli bir kurum oldu\u011funu belirten Ba\u015fkan Se\u00e7er, &#8216;Su, \u00e7evre sa\u011fl\u0131\u011f\u0131, insan sa\u011fl\u0131\u011f\u0131 e\u015fittir MESK\u0130&#8217; ifadelerini kulland\u0131.<br \/>\nPamukluk Baraj\u0131&#8217;n\u0131n devreye al\u0131nmas\u0131 halinde elektrik maliyetlerinde ciddi oranda tasarruf sa\u011flayacaklar\u0131n\u0131 ve bunun da faturalara yakla\u015f\u0131k y\u00fczde 11&#8217;lik indirim olarak yans\u0131yaca\u011f\u0131n\u0131 s\u00f6yleyen Ba\u015fkan Se\u00e7er, kay\u0131p-ka\u00e7ak oran\u0131n\u0131n d\u00fc\u015f\u00fcr\u00fclmesi ile de 256 bin ki\u015finin 1 y\u0131ll\u0131k su t\u00fcketimi oran\u0131nda tasarruf sa\u011fland\u0131\u011f\u0131n\u0131 kaydetti.<br \/>\n MESK\u0130&#8217;nin \u015fu ana kadar toplamda 181 projeden 96&#8217;s\u0131n\u0131 tamamlad\u0131\u011f\u0131n\u0131 kaydeden Ba\u015fkan Se\u00e7er, &#8220;Devam eden 38 proje ve planlanan 47 projemiz var&#8221; ifadelerini kulland\u0131.<br \/>\nToplamda 67 milyon Euro olan d\u0131\u015f kredi borcunun, 2022 Ekim ay\u0131 sonu itibariyle 29 milyon Euro&#8217;ya indirildi\u011fini ifade eden Ba\u015fkan Se\u00e7er, &#8220;O g\u00fcnk\u00fc 422 milyon liraya denk gelen TL baz\u0131ndaki d\u0131\u015f kredi borcu, 38 milyon Euro \u00f6deme yapmam\u0131za ra\u011fmen, kur farklar\u0131ndaki oynamalar nedeniyle bug\u00fcn TL baz\u0131nda 540 milyon liraya y\u00fckselmi\u015f. Tablo bundan ibaret&#8221; dedi.<br \/>\nMESK\u0130&#8217;nin, vatanda\u015f\u0131n su faturas\u0131n\u0131 s\u00fcbvanse etme \u015fans\u0131 olmad\u0131\u011f\u0131n\u0131 belirten Ba\u015fkan Se\u00e7er, &#8220;Benim bu kurumun ayakta kalmas\u0131n\u0131 sa\u011flamak i\u00e7in nas\u0131l gayret sarf etti\u011fimi g\u00f6rmenizi istiyorum&#8221; diye konu\u015ftu.<\/p>\n<p>MESK\u0130&#8217;nin projelerinden bir\u00e7o\u011funun, finansman sorunu s\u00fcrecine tak\u0131ld\u0131\u011f\u0131n\u0131 kaydeden Ba\u015fkan Se\u00e7er, &#8220;\u00d6rne\u011fin Silifke&#8217;de yeni at\u0131k su ar\u0131tma tesisi yapmam\u0131z laz\u0131m. Her \u015feyi haz\u0131r, finansman i\u00e7in de m\u00fcracaat\u0131m\u0131z var. Onun neticesini bekliyoruz. Bunun gibi Anamur \u0130\u00e7me Suyu Projemiz; Otluca. O da uzun bir s\u00fcredir finansman sorununun \u00e7\u00f6z\u00fcm\u00fcn\u00fc bekliyor&#8221; dedi.<br \/>\nBa\u015fkan Se\u00e7er: &#8220;Toplamda 181 projeden 96&#8217;s\u0131 tamamland\u0131&#8221;<br \/>\nMeclis \u00fcyelerine, kamuoyunu ayd\u0131nlatma a\u00e7\u0131s\u0131ndan performansla ilgili bilgiler de veren Ba\u015fkan Se\u00e7er, &#8220;2019 y\u0131l\u0131nda MESK\u0130&#8217;nin toplam 5 y\u0131ll\u0131k yat\u0131r\u0131m bedelini 2,5 milyar TL olarak belirledik. Fakat, d\u00f6viz kurlar\u0131ndan kaynakl\u0131 olarak ayn\u0131 projeleri, 6 milyar 228 milyon liraya revize ettik. \u015eu ana kadar tamamlad\u0131\u011f\u0131m\u0131z projelerin toplam maliyeti 1 milyar 97 milyon lira. Toplamda 181 projeden 96&#8217;s\u0131n\u0131 tamamlad\u0131k ve hizmete sunduk. Devam eden 38 proje ve planlanan 47 projemiz var&#8221; ifadelerini kulland\u0131.<br \/>\n&#8220;Ger\u00e7ekle\u015fme oran\u0131m\u0131z bu y\u0131l y\u00fczde 96 olacak&#8221;<br \/>\nMESK\u0130&#8217;nin, yat\u0131r\u0131m miktar\u0131n\u0131n b\u00fct\u00e7eye olan oran\u0131 bak\u0131m\u0131ndan 2014&#8217;ten bu yana tarihinin en y\u00fcksek seviyesinde oldu\u011funu ve \u015fu anda bu oran\u0131n y\u00fczde 53 civar\u0131nda seyretti\u011fini kaydeden Ba\u015fkan Se\u00e7er, bu seviyeyi her y\u0131l daha da artt\u0131racaklar\u0131n\u0131 belirtti.<br \/>\nGe\u00e7en y\u0131l y\u00fczde 94 oran\u0131nda ger\u00e7ekle\u015fen MESK\u0130 b\u00fcnyesinde yap\u0131lan yat\u0131r\u0131mlar\u0131n ger\u00e7ekle\u015fme oran\u0131n\u0131n, bu y\u0131l y\u00fczde 96&#8217;y\u0131 bulaca\u011f\u0131n\u0131 kaydeden Ba\u015fkan Se\u00e7er, &#8220;Harcamalar\u0131m\u0131z\u0131, yat\u0131r\u0131mlar\u0131m\u0131z\u0131, cari \u00f6demelerimizi ne yazm\u0131\u015fsak o \u015fekilde y\u0131l\u0131 bitirece\u011fiz. Bu anlamda da \u00fcst\u00fcn bir performans g\u00f6sterdi\u011fimizi s\u00f6yleyebilirim&#8221; dedi.<br \/>\n&#8220;MESK\u0130&#8217;nin esas geliri, su faturalar\u0131ndan gelmektedir&#8221;<br \/>\nMESK\u0130&#8217;nin sadece su faturalar\u0131ndan elde etti\u011fi bir geliri oldu\u011funu, \u00e7ok kayda de\u011fer bir miktar olmamakla birlikte bir de \u0130ller Bankas\u0131 pay\u0131 oldu\u011funu vurgulayan Ba\u015fkan Se\u00e7er, &#8220;MESK\u0130&#8217;nin cari harcamalar\u0131n\u0131, yat\u0131r\u0131mlar\u0131n\u0131 yapt\u0131\u011f\u0131 gelir, su faturalar\u0131ndan elde etti\u011fi gelirdir. Bir de bunun yan\u0131nda tabi ki b\u00fct\u00e7eyi denkle\u015ftirmek i\u00e7in finansman kullan\u0131r. Bunu da uygun kredi \u015fartlar\u0131nda kullan\u0131r ya da bir proje yapacakt\u0131r, \u00e7ok a\u011f\u0131r y\u00fck gelmesin diye k\u0131sa s\u00fcre i\u00e7erisinde, uzun y\u0131llara sarih uygun finansman maliyetleri ile kredi kullan\u0131r&#8221; diye konu\u015ftu.  Girdi maliyetlerinde, cari harcamalarda stabil bir durum ya da dengeli, istikrarl\u0131 bir durum olmad\u0131\u011f\u0131n\u0131 kaydeden Ba\u015fkan Se\u00e7er, &#8220;\u0130stikrars\u0131z durumlar olunca da s\u0131k\u0131nt\u0131 ya\u015fayabiliyorsunuz. Biz de fiyatlara ilave bir \u015fey yapamam\u0131\u015f\u0131z, yeni fiyat d\u00fczenlemesi yapamam\u0131\u015f\u0131z. Bu da evdeki hesab\u0131 \u00e7ar\u015f\u0131ya uydurmam\u0131\u015f. Yani gelirlerimize yarar sa\u011flayacak tedbirler alamam\u0131\u015f\u0131z. O da nedir? Su fiyatlar\u0131nda yapaca\u011f\u0131m\u0131z fiyat ayarlamas\u0131&#8221; ifadelerini kulland\u0131.<br \/>\n&#8220;MESK\u0130&#8217;nin \u015fu ana kadar 38 milyon Euro d\u0131\u015f borcunu \u00f6dedik&#8221;<br \/>\nMESK\u0130&#8217;yi devrald\u0131klar\u0131nda toplam 329 milyon 942 bin lira tutar\u0131nda cari, kredi, emanet gibi bor\u00e7lar\u0131 oldu\u011funu, bunun yan\u0131 s\u0131ra 66 milyon 938 bin Euro tutar\u0131nda da d\u0131\u015f borcu oldu\u011funu belirten Ba\u015fkan Se\u00e7er, s\u00f6z konusu d\u0131\u015f bor\u00e7lar\u0131n TL kar\u015f\u0131l\u0131\u011f\u0131n\u0131n ise o g\u00fcnk\u00fc kurlar \u00fczerinden yakla\u015f\u0131k olarak 422 milyon lira oldu\u011funu s\u00f6yledi. Toplamda 67 milyon Euro olan borcun 2022 Ekim ay\u0131 sonu itibariyle 29 milyon Euro&#8217;ya indirildi\u011fini ifade eden Ba\u015fkan Se\u00e7er, &#8220;Yakla\u015f\u0131k 67 milyon Euro borcu, 29 milyon Euro&#8217;ya indirmi\u015fiz. O g\u00fcnk\u00fc 422 milyon Liraya denk gelen TL baz\u0131ndaki d\u0131\u015f kredi borcu, 38 milyon Euro \u00f6deme yapmam\u0131za ra\u011fmen, kur farklar\u0131ndaki oynamalar nedeniyle bug\u00fcn TL baz\u0131nda 540 milyon Liraya y\u00fckselmi\u015f. Tablo bundan ibaret&#8221; dedi.<br \/>\n&#8220;Pamukluk ve Otluca devreye girerse, enerji giderimiz y\u00fczde 20 azalacak&#8221;<br \/>\nOcak ay\u0131nda 0,95 lira olan elektri\u011fin kw\/saat \u00fccretinin, Ekim ay\u0131 faturas\u0131nda 4,98 lira olarak yans\u0131d\u0131\u011f\u0131n\u0131 ifade eden Ba\u015fkan Se\u00e7er, bu art\u0131\u015f\u0131n, Ocak 2022&#8217;de yakla\u015f\u0131k 10 milyon lira olan elektrik giderini, Ekim ay\u0131 faturas\u0131nda 70 milyonluk rakamlara y\u00fckseltti\u011fini kaydetti. MESK\u0130&#8217;nin en b\u00fcy\u00fck giderlerinden birisinin elektrik maliyetleri oldu\u011funa meclis \u00fcyelerinin dikkatini \u00e7eken Ba\u015fkan Se\u00e7er, 2023 y\u0131l\u0131 i\u00e7in yap\u0131lan b\u00fct\u00e7e \u00e7al\u0131\u015fmas\u0131nda elektrik giderinin yakla\u015f\u0131k olarak 700 milyon lira olarak tahmin edildi\u011fini s\u00f6yledi. Elektrik fiyatlar\u0131n\u0131n artmas\u0131 durumunda, bu rakam\u0131n da artaca\u011f\u0131n\u0131 belirten Ba\u015fkan Se\u00e7er &#8221; Pamukluk baraj\u0131 \u00f6nemli. Bunun devreye al\u0131nmas\u0131 Mersin&#8217;de su fiyatlar\u0131n\u0131 \u00f6nemli derecede etkileyecek \u00e7ok \u00f6nemli bir unsur. Pamukluk Baraj\u0131 ve Anamur Otluca isale hatt\u0131 devreye al\u0131n\u0131rsa, bizim enerjide toplamda y\u00fczde 20 civar\u0131nda bir tasarrufumuz olacak. D\u00f6rt merkez il\u00e7enin suyunun y\u00fczde 85&#8217;i Berdan&#8217;dan terfilerle geliyor. \u00d6dedi\u011fimiz elektrik faturas\u0131n\u0131 hesap edin. Bunlar\u0131n ortadan kalkt\u0131\u011f\u0131 bir ortamda, bunun bug\u00fcnk\u00fc su fiyatlar\u0131na yans\u0131ma oran\u0131 y\u00fczde 11 daha az olacak&#8221; diye konu\u015ftu.<br \/>\n&#8220;Kay\u0131p ve ka\u00e7ak oran\u0131n\u0131 y\u00fczde 55&#8217;den y\u00fczde 40 seviyesine d\u00fc\u015f\u00fcrd\u00fck&#8221;<br \/>\nMESK\u0130&#8217;nin en \u00f6nemli ikinci giderinin ise kay\u0131p-ka\u00e7ak oldu\u011funun alt\u0131n\u0131 \u00e7izen Ba\u015fkan Se\u00e7er, g\u00f6reve geldi\u011fi 2019 y\u0131l\u0131nda kay\u0131p-ka\u00e7ak oran\u0131n\u0131n y\u00fczde 55 civar\u0131nda oldu\u011funu, bu rakam\u0131n 2022 y\u0131l\u0131 itibar\u0131yla y\u00fczde 40&#8217;l\u0131 rakamlara d\u00fc\u015ft\u00fc\u011f\u00fcn\u00fc s\u00f6yledi. Bu d\u00fc\u015f\u00fc\u015f\u00fcn y\u0131ll\u0131k 12 milyon metrek\u00fcp su anlam\u0131na geldi\u011fini dile getiren Ba\u015fkan Se\u00e7er &#8220;Bu da 120 milyon liral\u0131k su tasarrufu demektir. Yani 256 bin ki\u015finin 1 y\u0131ll\u0131k su ihtiyac\u0131na kar\u015f\u0131l\u0131k gelen bir rakam&#8221; \u015feklinde konu\u015ftu.<br \/>\nB\u00fcy\u00fck\u015fehir Belediyesi&#8217;nin heliport olarak haz\u0131rlanan, ancak \u015fu anda at\u0131l vaziyette olan alan\u0131 MESK\u0130&#8217;nin makine ikmal birimi olarak yap\u0131land\u0131rd\u0131klar\u0131n\u0131 s\u00f6yleyen Ba\u015fkan Se\u00e7er, &#8220;At\u0131l olan bir kayna\u011f\u0131 \u015fu anda ekonomiye kazand\u0131rd\u0131k. Biz buray\u0131 yeni yapt\u0131racak olsak, herhalde 100 milyon lira yetmezdi, ama p\u0131r\u0131l p\u0131r\u0131l bir makine ikmal alan\u0131 oldu. MESK\u0130&#8217;nin ara\u00e7 filosu ve i\u015f makineleri bunun i\u00e7inde. T\u00fcrkiye&#8217;nin 3. s\u0131radaki filosu. Bu alanda 740&#8217;a yak\u0131n arac\u0131m\u0131z, i\u015f makinemiz var&#8221; ifadelerini kulland\u0131.<br \/>\n&#8220;Su, \u00e7evre sa\u011fl\u0131\u011f\u0131, insan sa\u011fl\u0131\u011f\u0131 e\u015fittir; MESK\u0130&#8221;<br \/>\nMESK\u0130&#8217;nin de\u011ferli ve \u00f6nemli bir kurum oldu\u011funu da aktaran Ba\u015fkan Se\u00e7er \u015funlar\u0131 kaydetti: &#8220;Sizlerin deste\u011fiyle, bizlerin de dikkatiyle \u00e7ok yol ald\u0131k. \u00c7ok daha iyi noktalara da getirece\u011fiz. \u00c7\u00fcnk\u00fc kurumlar i\u00e7erisinde MESK\u0130&#8217;nin \u00f6nemini hepimiz biliyoruz. MESK\u0130 hayat\u0131n ta kendisi. Su, \u00e7evre sa\u011fl\u0131\u011f\u0131, insan sa\u011fl\u0131\u011f\u0131 e\u015fittir; MESK\u0130. Onun i\u00e7in MESK\u0130 hepimizin g\u00f6zde kurumu olmal\u0131, hepimiz MESK\u0130&#8217;yi desteklemeliyiz diye d\u00fc\u015f\u00fcn\u00fcyorum.&#8221;<br \/>\n&#8220;Girdilerimiz y\u00fczde 300-400 artarken, biz ge\u00e7en y\u0131l suya y\u00fczde 10&#8217;luk fiyat fark\u0131yla girdik&#8221;<br \/>\nMESK\u0130 Genel M\u00fcd\u00fcrl\u00fc\u011f\u00fc 2023 Mali Y\u0131l\u0131 \u00dccret Tarifesi Tasar\u0131s\u0131 ile ilgili de\u011ferlendirmelerde bulunan ve hi\u00e7bir Belediye Ba\u015fkan\u0131&#8217;n\u0131n, vatanda\u015flar\u0131na y\u00fcksek bir fatura tahakkuk etmek istemeyece\u011fini belirten Ba\u015fkan Se\u00e7er, &#8220;G\u00f6n\u00fcl ister ki, suyu \u00e7ok daha ucuza verebilelim. \u015eimdi temel girdilerimiz var. B\u00fct\u00e7ede de zaten g\u00f6r\u00fcl\u00fcyor. Bunlar\u0131n ba\u015f\u0131nda enerji giderleri geliyor. Elektrik, akaryak\u0131t, cari harcamalar\u0131n\u0131z var, zorunlu giderleriniz, buna ilaveten personel gideri&#8221; dedi.<br \/>\nBa\u015fkan Se\u00e7er; d\u00f6vizdeki y\u00fckseli\u015ften dolay\u0131 d\u00f6viz bazl\u0131 bor\u00e7lar\u0131n etkilendi\u011fine, akaryak\u0131ttaki ola\u011fan\u00fcst\u00fc art\u0131\u015ftan dolay\u0131 akaryak\u0131t giderlerinin artt\u0131\u011f\u0131na, enerji giderlerindeki art\u0131\u015ftan dolay\u0131 elektrik giderlerinin y\u00fckseldi\u011fine dikkat \u00e7ekerek, bu art\u0131\u015flar\u0131n y\u00fczde 300-400 civar\u0131nda oldu\u011funu, fakat buna ra\u011fmen ge\u00e7en y\u0131la, suya sadece y\u00fczde 10&#8217;luk bir fiyat fark\u0131yla girdiklerini belirtti.<br \/>\n\u0130lave finansman, kredi, uzun vadeli, uygun \u00f6demeli, uygun maliyetli finansman bulunmazsa, arzu edilen yat\u0131r\u0131mlar\u0131n yap\u0131lamayaca\u011f\u0131n\u0131 kaydeden Ba\u015fkan Se\u00e7er,  &#8220;Herkes i\u00e7me suyu istiyor, kanalizasyon istiyor. Elektrikte, akaryak\u0131tta, di\u011fer demir aksam\u0131nda, betonda, \u00e7imentoda, lastikte indirim yap\u0131n, biz de ayn\u0131 g\u00fcn onlarla ayn\u0131 oranda indirim yapal\u0131m. Benim, vatanda\u015f\u0131n su faturas\u0131n\u0131 s\u00fcbvanse etme \u015fans\u0131m da yok. Ben sizi gayet iyi anlad\u0131m. Vatanda\u015f\u0131m\u0131za kar\u015f\u0131 olan hassasiyetiniz i\u00e7in te\u015fekk\u00fcr ederim, ama sizin de, benim bu kurumu ayakta b\u0131rakmak i\u00e7in, ayakta kalmas\u0131n\u0131 sa\u011flamak i\u00e7in nas\u0131l gayret sarf etti\u011fimi g\u00f6rmenizi istiyorum&#8221; diye konu\u015ftu.<br \/>\nKonu\u015fmalar\u0131n ard\u0131ndan Genel Kurul&#8217;un \u00fccret tarifesi maddesi, Cumhur \u0130ttifak\u0131&#8217;na mensup \u00fcyelerin oy \u00e7oklu\u011fu ile reddedildi.<\/p>\n","protected":false},"excerpt":{"rendered":"<p>MESK\u0130 Genel M\u00fcd\u00fcrl\u00fc\u011f\u00fc&#8217;n\u00fcn Kas\u0131m Ay\u0131 Ola\u011fan Genel Kurul Toplant\u0131s\u0131&#8217;n\u0131n 2. Birle\u015fimi ger\u00e7ekle\u015ftirildi. Toplant\u0131da konu\u015fan Mersin B\u00fcy\u00fck\u015fehir Belediye Ba\u015fkan\u0131 Vahap Se\u00e7er, mali veriler hakk\u0131nda meclis \u00fcyelerini bilgilendirdi. MESK\u0130&#8217;nin de\u011ferli ve \u00f6nemli &hellip; <a href=\"https:\/\/akdenizolaygazetesi.com\/?p=22432\" class=\"more-link\">Devam\u0131n\u0131 Oku&#8230;<\/a><\/p>\n","protected":false},"author":2,"featured_media":22433,"comment_status":"open","ping_status":"open","sticky":false,"template":"","format":"standard","meta":[],"categories":[8,3,5],"tags":[],"_links":{"self":[{"href":"https:\/\/akdenizolaygazetesi.com\/index.php?rest_route=\/wp\/v2\/posts\/22432"}],"collection":[{"href":"https:\/\/akdenizolaygazetesi.com\/index.php?rest_route=\/wp\/v2\/posts"}],"about":[{"href":"https:\/\/akdenizolaygazetesi.com\/index.php?rest_route=\/wp\/v2\/types\/post"}],"author":[{"embeddable":true,"href":"https:\/\/akdenizolaygazetesi.com\/index.php?rest_route=\/wp\/v2\/users\/2"}],"replies":[{"embeddable":true,"href":"https:\/\/akdenizolaygazetesi.com\/index.php?rest_route=%2Fwp%2Fv2%2Fcomments&post=22432"}],"version-history":[{"count":1,"href":"https:\/\/akdenizolaygazetesi.com\/index.php?rest_route=\/wp\/v2\/posts\/22432\/revisions"}],"predecessor-version":[{"id":22434,"href":"https:\/\/akdenizolaygazetesi.com\/index.php?rest_route=\/wp\/v2\/posts\/22432\/revisions\/22434"}],"wp:featuredmedia":[{"embeddable":true,"href":"https:\/\/akdenizolaygazetesi.com\/index.php?rest_route=\/wp\/v2\/media\/22433"}],"wp:attachment":[{"href":"https:\/\/akdenizolaygazetesi.com\/index.php?rest_route=%2Fwp%2Fv2%2Fmedia&parent=22432"}],"wp:term":[{"taxonomy":"category","embeddable":true,"href":"https:\/\/akdenizolaygazetesi.com\/index.php?rest_route=%2Fwp%2Fv2%2Fcategories&post=22432"},{"taxonomy":"post_tag","embeddable":true,"href":"https:\/\/akdenizolaygazetesi.com\/index.php?rest_route=%2Fwp%2Fv2%2Ftags&post=22432"}],"curies":[{"name":"wp","href":"https:\/\/api.w.org\/{rel}","templated":true}]}}