{"id":2244,"date":"2020-11-04T18:22:45","date_gmt":"2020-11-04T15:22:45","guid":{"rendered":"http:\/\/mersinekonomipolitikagazetesi.com\/?p=2244"},"modified":"2020-11-04T18:22:45","modified_gmt":"2020-11-04T15:22:45","slug":"cinayet-denildi-film-cikti","status":"publish","type":"post","link":"https:\/\/akdenizolaygazetesi.com\/?p=2244","title":{"rendered":"Cinayet denildi film \u00e7\u0131kt\u0131"},"content":{"rendered":"<p>Mersin&#8217;in Erdemli il\u00e7e sahilinde ak\u015fam cinayet i\u015flendi\u011fi y\u00f6n\u00fcndeki sosyal medya payla\u015f\u0131mlar\u0131 nedeniyle vatanda\u015flar seti bast\u0131. Vatanda\u015flardan baz\u0131lar\u0131 yard\u0131ma ko\u015farken, baz\u0131lar\u0131 da cinayet i\u015fledi\u011fini d\u00fc\u015f\u00fcnd\u00fckleri karakterin \u00fczerine y\u00fcr\u00fcd\u00fc. \u0130\u015fin asl\u0131 ortaya \u00e7\u0131k\u0131nca da y\u00fczlerce ki\u015fi \u00e7ekilen sahneyi takip etmek i\u00e7in \u00e7evreye topland\u0131. Cinayet i\u015flendi\u011fi y\u00f6n\u00fcndeki sosyal medya payla\u015f\u0131mlar\u0131n\u0131n kayna\u011f\u0131n\u0131n da ayn\u0131 k\u0131sa filmin cinayet sahnesi oldu\u011fu ortaya \u00e7\u0131kt\u0131.<br \/>\n\u00a0<br \/>\nOlay\u0131 \u0130HA muhabirine anlatan sinema, dizi ve tiyatro oyuncusu \u0130brahim \u00d6zcan, &#8220;Aile i\u00e7i \u015fiddet, cinsel istismar, par\u00e7alanm\u0131\u015f ailelere ait bir k\u0131sa filmdi. K\u0131zkalesi ve di\u011fer festivallere kat\u0131lmak \u00fczere \u00e7ekti\u011fimiz bir k\u0131sa film. Biz de g\u00f6n\u00fcll\u00fc olarak oynad\u0131k tabi. Sahne vurulma sahnesiydi. \u00d6z baba rol\u00fcnde benim vurulmam\u0131 gerektiren bir sahneydi. \u00dcvey sarho\u015f baba beni vuruyor. Sonu\u00e7ta o cinayet sahnesinde normal bir tabanca kulland\u0131k, kuru s\u0131k\u0131 bile de\u011fil, g\u00f6stermelik bir tabanca. Vurulma sahnemde birka\u00e7 el art arda ate\u015f edilince insanlar \u00e7ocuklar \u00e7\u0131\u011fl\u0131k att\u0131&#8221; dedi.\u00a0<\/p>\n<p>&#8220;Sahneyi bozmamak i\u00e7in rol\u00fcme devam ettim&#8221;<br \/>\n\u00a0<br \/>\nOlay\u0131n bundan sonraki k\u0131sm\u0131n\u0131 sahneyi bozmamak ad\u0131na g\u00f6z\u00fc kapal\u0131 takip etti\u011fini anlatan \u00d6zcan, &#8220;Ben vurulmu\u015f yatm\u0131\u015f\u0131m yerde, bekliyorum. Ben hi\u00e7 pozisyonumu bozmuyorum. Bir kad\u0131n sesi duydum, &#8216;m\u00fcsaade edin ben sa\u011fl\u0131k\u00e7\u0131y\u0131m, yard\u0131mc\u0131 olabilirim arkada\u015flar, kan kayb\u0131ndan \u00f6lmesin&#8217; diye bir \u015feyler duydum. G\u00f6zlerimi a\u00e7am\u0131yorum, \u00e7\u00fcnk\u00fc \u00e7ekim devam ediyor. Bu arada sahne de bozuldu. Duyarl\u0131ym\u0131\u015f insanlar. Daha sonra beni tabancayla vuran arkada\u015f\u0131n \u00fcst\u00fcne sald\u0131ranlar, pe\u015finden ko\u015fturanlar olmu\u015f&#8221; diye konu\u015ftu.\u00a0<br \/>\nOlay\u0131n bir cinayet de\u011filde k\u0131sa film oldu\u011funun anla\u015f\u0131lmas\u0131yla vatanda\u015flar\u0131n bu kez de \u00e7ekim yap\u0131lan sahneyi izlemeye koyuldu\u011funu anlatan \u00d6zcan, &#8220;Bu kez de televizyon izler gibi, sinemada film izler gibi izlemeye ba\u015flad\u0131lar. G\u00fcl\u00fcyorlar, alk\u0131\u015fl\u0131yorlar. Sahnem bitti aya\u011fa kalkt\u0131m, vatanda\u015flar ma\u00e7 izliyor da ben stadyumun ortas\u0131ndaym\u0131\u015f\u0131m gibi hissettim&#8221; dedi.\u00a0<\/p>\n<p>&#8220;Vatanda\u015flar\u0131n duyarl\u0131l\u0131\u011f\u0131 bizleri memnun etti&#8221;<br \/>\n\u00a0<br \/>\nBir tiyatrocu olarak duyarl\u0131l\u0131k dolay\u0131s\u0131yla memnun oldu\u011funu belirten \u00d6zcan, &#8220;Erdemli&#8217;de bu insanlar\u0131n hem film izlemeye kar\u015f\u0131 g\u00f6sterdikleri duyarl\u0131l\u0131k, hem de orada bir cinayet mi oldu ne oldu, bir katil ka\u00e7\u0131yor diyerek pe\u015fine tak\u0131lmalar, yerde yatan oyuncuya ben sa\u011fl\u0131k\u00e7\u0131y\u0131m yard\u0131mc\u0131 olabilirim diyerek duyarl\u0131l\u0131k g\u00f6stermeleri bizleri mutlu etti&#8221; \u015feklinde konu\u015ftu.<br \/>\n\u00a0<br \/>\nAile i\u00e7i \u015fiddet ve tacize y\u00f6nelik bir hikayenin olu\u015fturuldu\u011funu dile getiren filmin senaristi ve yap\u0131mc\u0131s\u0131 Fatma G\u00fcnd\u00fcz de, \u00e7ekilen k\u0131sa film ile 3-4 festivale kat\u0131lmay\u0131 hedeflediklerini kaydetti. \u00a0<\/p>\n","protected":false},"excerpt":{"rendered":"<p>Mersin&#8217;in Erdemli il\u00e7e sahilinde ak\u015fam cinayet i\u015flendi\u011fi y\u00f6n\u00fcndeki sosyal medya payla\u015f\u0131mlar\u0131 nedeniyle vatanda\u015flar seti bast\u0131. Vatanda\u015flardan baz\u0131lar\u0131 yard\u0131ma ko\u015farken, baz\u0131lar\u0131 da cinayet i\u015fledi\u011fini d\u00fc\u015f\u00fcnd\u00fckleri karakterin \u00fczerine y\u00fcr\u00fcd\u00fc. \u0130\u015fin asl\u0131 ortaya &hellip; <a href=\"https:\/\/akdenizolaygazetesi.com\/?p=2244\" class=\"more-link\">Devam\u0131n\u0131 Oku&#8230;<\/a><\/p>\n","protected":false},"author":1,"featured_media":0,"comment_status":"open","ping_status":"open","sticky":false,"template":"","format":"standard","meta":[],"categories":[],"tags":[],"_links":{"self":[{"href":"https:\/\/akdenizolaygazetesi.com\/index.php?rest_route=\/wp\/v2\/posts\/2244"}],"collection":[{"href":"https:\/\/akdenizolaygazetesi.com\/index.php?rest_route=\/wp\/v2\/posts"}],"about":[{"href":"https:\/\/akdenizolaygazetesi.com\/index.php?rest_route=\/wp\/v2\/types\/post"}],"author":[{"embeddable":true,"href":"https:\/\/akdenizolaygazetesi.com\/index.php?rest_route=\/wp\/v2\/users\/1"}],"replies":[{"embeddable":true,"href":"https:\/\/akdenizolaygazetesi.com\/index.php?rest_route=%2Fwp%2Fv2%2Fcomments&post=2244"}],"version-history":[{"count":0,"href":"https:\/\/akdenizolaygazetesi.com\/index.php?rest_route=\/wp\/v2\/posts\/2244\/revisions"}],"wp:attachment":[{"href":"https:\/\/akdenizolaygazetesi.com\/index.php?rest_route=%2Fwp%2Fv2%2Fmedia&parent=2244"}],"wp:term":[{"taxonomy":"category","embeddable":true,"href":"https:\/\/akdenizolaygazetesi.com\/index.php?rest_route=%2Fwp%2Fv2%2Fcategories&post=2244"},{"taxonomy":"post_tag","embeddable":true,"href":"https:\/\/akdenizolaygazetesi.com\/index.php?rest_route=%2Fwp%2Fv2%2Ftags&post=2244"}],"curies":[{"name":"wp","href":"https:\/\/api.w.org\/{rel}","templated":true}]}}