{"id":2245,"date":"2020-11-04T18:22:46","date_gmt":"2020-11-04T15:22:46","guid":{"rendered":"http:\/\/mersinekonomipolitikagazetesi.com\/?p=2245"},"modified":"2020-11-04T18:22:46","modified_gmt":"2020-11-04T15:22:46","slug":"stk-dostu-isbirlikci-calismalarin-gelistirilmesi-toplantisi-yapildi","status":"publish","type":"post","link":"https:\/\/akdenizolaygazetesi.com\/?p=2245","title":{"rendered":"STK DOSTU \u0130\u015eB\u0130RL\u0130K\u00c7\u0130  \u00c7ALI\u015eMALARIN GEL\u0130\u015eT\u0130R\u0130LMES\u0130  TOPLANTISI YAPILDI"},"content":{"rendered":"<p>\u0130\u00e7i\u015fleri Bakanl\u0131\u011f\u0131 Dernekler Dairesi Ba\u015fkanl\u0131\u011f\u0131 taraf\u0131ndan Desteklenen \u201cMersin \u0130linde STK Dostu \u0130\u015fbirlik\u00e7i \u00c7al\u0131\u015fmalar\u0131n Geli\u015ftirilmesi\u201d Projesinin kapan\u0131\u015f toplant\u0131s\u0131 ve Kamu Destek ve Te\u015fvik Mekanizmalar\u0131 Fark\u0131ndal\u0131k E\u011fitimi d\u00fczenlendi.<\/p>\n<p><span style=\"line-height: 1.6em;\">\u0130\u00e7i\u015fleri Bakanl\u0131\u011f\u0131 Dernekler Dairesi Ba\u015fkanl\u0131\u011f\u0131\u2019n\u0131n 2017 y\u0131l\u0131 Proje \u00e7a\u011fr\u0131s\u0131 kapsam\u0131nda Mersin\u2019de Sivil Toplum, Kamu ve \u00d6zel Sekt\u00f6r\u00fcn \u0130\u015fbirli\u011finde mevcut durumu tespit etmek, i\u015fbirli\u011fini geli\u015ftirmek amac\u0131yla yakla\u015f\u0131m g\u00f6stermek, \u00e7\u00f6z\u00fcm \u00f6nerileri sunmak, ortak ak\u0131l yoluyla ortak \u00e7al\u0131\u015fma alanlar\u0131 belirlemek ve Mersin\u2019de Kamu-STK ve \u00d6zel Sekt\u00f6r i\u015fbirli\u011fini g\u00fc\u00e7lendirmeye y\u00f6nelik yol haritas\u0131 \u00e7\u0131karmay\u0131 ama\u00e7layan \u201cMersin \u0130linde STK Dostu \u0130\u015fbirlik\u00e7i \u00c7al\u0131\u015fmalar\u0131n Geli\u015ftirilmesi\u201d Projesinin kapan\u0131\u015f toplant\u0131s\u0131 ve Kamu Destek ve Te\u015fvik Mekanizmalar\u0131 Fark\u0131ndal\u0131k E\u011fitimi Kamu, Sivil Toplum Kurulu\u015flar\u0131 ve \u00d6zel Sekt\u00f6r \u00e7al\u0131\u015fanlar\u0131n\u0131n da kat\u0131l\u0131m\u0131 ile Hilton Otelinde d\u00fczenlendi.<\/span><\/p>\n<p>\u201cMersin \u0130linde STK Dostu \u0130\u015fbirlik\u00e7i \u00c7al\u0131\u015fmalar\u0131n Geli\u015ftirilmesi\u201d Projesinin kapan\u0131\u015f toplant\u0131s\u0131 ve Kamu Destek ve Te\u015fvik Mekanizmalar\u0131 Fark\u0131ndal\u0131k E\u011fitimine gerek sivil toplum kurulu\u015flar\u0131n\u0131n gerekse kamu kurum ve kurulu\u015flar\u0131n\u0131n temsilcileri kat\u0131l\u0131m sa\u011flad\u0131\u011f\u0131 programda \u00c7ukurova Kalk\u0131nma Ajans\u0131&#8217;n\u0131n hibe destekleri,\u0130\u00e7i\u015fleri Bakanl\u0131\u011f\u0131 Dernekler Dairesi Ba\u015fkanl\u0131\u011f\u0131&#8217;n\u0131n proje \u00e7a\u011fr\u0131lar\u0131, Ulusal Ajans ve Erasmus program\u0131, TKDK, \u0130\u015eKUR, KOSGEB ve Mersin Teknoloji Geli\u015ftirme Merkezi te\u015fvik ve destek mekanizmalar\u0131 hakk\u0131nda oturumlar \u015feklinde fark\u0131ndal\u0131k e\u011fitimi d\u00fczenlenmi\u015ftir.<\/p>\n<p>Mersin \u00c7al\u0131\u015fma ve \u0130\u015f Kurumu \u0130l M\u00fcd\u00fcrl\u00fc\u011f\u00fc temsilcisi ayn\u0131 zamanda Giri\u015fimci \u0130nsan Kaynaklar\u0131 Derne\u011fi ba\u015fkan\u0131 Serkan \u00d6zada; \u201cte\u015fvik sisteminin amac\u0131n\u0131n \u00f6zellikle kad\u0131nlar\u0131n, gen\u00e7lerin ve engellilerin daha fazla istihdama kat\u0131lmalar\u0131n\u0131n ama\u00e7land\u0131\u011f\u0131n\u0131 belirtirken: ilave istihdam te\u015fvi\u011fi, bir senden bir benden te\u015fvi\u011fi, i\u015fba\u015f\u0131 e\u011fitim program\u0131 gibi konularda i\u015fverenlere sa\u011flanan personel maliyetlerini d\u00fc\u015f\u00fcr\u00fcc\u00fc programlar\u0131n ana hatlar\u0131n\u0131 payla\u015ft\u0131. (B\u00fcltendir)<\/p>\n","protected":false},"excerpt":{"rendered":"<p>\u0130\u00e7i\u015fleri Bakanl\u0131\u011f\u0131 Dernekler Dairesi Ba\u015fkanl\u0131\u011f\u0131 taraf\u0131ndan Desteklenen \u201cMersin \u0130linde STK Dostu \u0130\u015fbirlik\u00e7i \u00c7al\u0131\u015fmalar\u0131n Geli\u015ftirilmesi\u201d Projesinin kapan\u0131\u015f toplant\u0131s\u0131 ve Kamu Destek ve Te\u015fvik Mekanizmalar\u0131 Fark\u0131ndal\u0131k E\u011fitimi d\u00fczenlendi. \u0130\u00e7i\u015fleri Bakanl\u0131\u011f\u0131 Dernekler Dairesi &hellip; <a href=\"https:\/\/akdenizolaygazetesi.com\/?p=2245\" class=\"more-link\">Devam\u0131n\u0131 Oku&#8230;<\/a><\/p>\n","protected":false},"author":1,"featured_media":0,"comment_status":"open","ping_status":"open","sticky":false,"template":"","format":"standard","meta":[],"categories":[],"tags":[],"_links":{"self":[{"href":"https:\/\/akdenizolaygazetesi.com\/index.php?rest_route=\/wp\/v2\/posts\/2245"}],"collection":[{"href":"https:\/\/akdenizolaygazetesi.com\/index.php?rest_route=\/wp\/v2\/posts"}],"about":[{"href":"https:\/\/akdenizolaygazetesi.com\/index.php?rest_route=\/wp\/v2\/types\/post"}],"author":[{"embeddable":true,"href":"https:\/\/akdenizolaygazetesi.com\/index.php?rest_route=\/wp\/v2\/users\/1"}],"replies":[{"embeddable":true,"href":"https:\/\/akdenizolaygazetesi.com\/index.php?rest_route=%2Fwp%2Fv2%2Fcomments&post=2245"}],"version-history":[{"count":0,"href":"https:\/\/akdenizolaygazetesi.com\/index.php?rest_route=\/wp\/v2\/posts\/2245\/revisions"}],"wp:attachment":[{"href":"https:\/\/akdenizolaygazetesi.com\/index.php?rest_route=%2Fwp%2Fv2%2Fmedia&parent=2245"}],"wp:term":[{"taxonomy":"category","embeddable":true,"href":"https:\/\/akdenizolaygazetesi.com\/index.php?rest_route=%2Fwp%2Fv2%2Fcategories&post=2245"},{"taxonomy":"post_tag","embeddable":true,"href":"https:\/\/akdenizolaygazetesi.com\/index.php?rest_route=%2Fwp%2Fv2%2Ftags&post=2245"}],"curies":[{"name":"wp","href":"https:\/\/api.w.org\/{rel}","templated":true}]}}