{"id":22464,"date":"2022-11-23T13:05:42","date_gmt":"2022-11-23T10:05:42","guid":{"rendered":"http:\/\/akdenizolaygazetesi.com\/?p=22464"},"modified":"2022-11-23T13:05:42","modified_gmt":"2022-11-23T10:05:42","slug":"mersin-kent-konseyi-kent-forumu-1-duzenlendi","status":"publish","type":"post","link":"https:\/\/akdenizolaygazetesi.com\/?p=22464","title":{"rendered":"MERS\u0130N KENT KONSEY\u0130 KENT FORUMU 1 D\u00dcZENLEND\u0130"},"content":{"rendered":"<p>Bir s\u00fcredir Mersin kamuoyunun tart\u0131\u015fma konular\u0131ndan olan \u00c7aml\u0131bel Bal\u0131k\u00e7\u0131 Bar\u0131na\u011f\u0131 b\u00f6lgesine yap\u0131lmas\u0131 planlanan &#8216;Mersin \u00c7aml\u0131bel Su Sporlar\u0131 Merkezi ve Tekne Yana\u015fma Yeri&#8217; projesi, Mersin Kent Konseyi taraf\u0131ndan &#8216;Mersin, \u00c7aml\u0131bel Bal\u0131k\u00e7\u0131 Bar\u0131na\u011f\u0131&#8217;n\u0131n Gelece\u011fini Konu\u015fuyor&#8217; ba\u015fl\u0131\u011f\u0131 ile d\u00fczenlenen ve ilgili kurum, kurulu\u015f ile sivil toplum \u00f6rg\u00fct\u00fcn\u00fcn temsilcileri ve g\u00f6n\u00fcll\u00fc kat\u0131l\u0131m\u0131yla masaya yat\u0131r\u0131ld\u0131.<\/p>\n<p>A\u00e7\u0131l\u0131\u015f konu\u015fmas\u0131nda Mersin Kent Konseyi Ba\u015fkan\u0131 Ayferi Tu\u011fcu s\u00f6z alarak, &#8220;Mersin Kent Konseyi&#8217;nin s\u00fcrd\u00fcr\u00fclebilir olmas\u0131n\u0131 hedefledi\u011fimiz \u015fehir bulu\u015fmalar\u0131n\u0131n ilki olan Kent Forumu &#8211; 1 ile &#8216;Mersin, \u00c7aml\u0131bel Bal\u0131k\u00e7\u0131 Bar\u0131na\u011f\u0131&#8217;n\u0131n Gelece\u011fini Konu\u015fuyor&#8217; konusunu isti\u015fare etmek \u00fczere bir araya gelmi\u015f bulunuyoruz. Kentin haf\u0131zas\u0131 konumunda olan Bal\u0131k\u00e7\u0131 Bar\u0131na\u011f\u0131&#8217;n\u0131n gelece\u011fi hepimiz i\u00e7in \u00f6nem arz etmektedir. Bu konuyla ilgili Kent ve \u00c7evre \u00c7al\u0131\u015fma Grubu taraf\u0131ndan \u00f6nerilen bu Forum hakk\u0131nda duygu ve d\u00fc\u015f\u00fcncelerinizi aktarmak \u00fczere davetimizi k\u0131rmay\u0131p, kat\u0131l\u0131m g\u00f6steren t\u00fcm Kamu, Oda ve dernek temsilcilerine, muhtarlar\u0131m\u0131za, g\u00f6n\u00fcll\u00fc kat\u0131l\u0131mc\u0131lar\u0131m\u0131za te\u015fekk\u00fcr ederiz&#8221; olarak ifade etti.<\/p>\n<p>Ayan: &#8220;Burada farkl\u0131 bir ama\u00e7, farkl\u0131 bir aray\u0131\u015f var&#8221;<\/p>\n<p>Forumun moderat\u00f6rl\u00fc\u011f\u00fcn\u00fc yapan ara\u015ft\u0131rmac\u0131-yazar Abdullah Ayan ise konu\u015fmas\u0131nda, Tenis Kul\u00fcb\u00fc sahilinde, s\u00f6z konusu projeye uygun bir alan oldu\u011funu belirterek, &#8220;2022 optimist yar\u0131\u015fmalar\u0131 Bodrum&#8217;da yap\u0131ld\u0131. Ben hi\u00e7 60-70 bin metrekare denize naz\u0131r, yeme-i\u00e7me, yatma-konaklama projeleri ile desteklenen bir yar\u0131\u015fma yap\u0131ld\u0131\u011f\u0131na tan\u0131k olmad\u0131m. Burada farkl\u0131 bir ama\u00e7, farkl\u0131 bir aray\u0131\u015f var ve buna kar\u015f\u0131 ne kadar \u00e7ok sa\u011fduyu ile sesimizi \u00e7\u0131kar\u0131p bu projeye engel olabilirsek ve Mersin&#8217;in haf\u0131zas\u0131 anlam\u0131 haline gelen Bal\u0131k\u00e7\u0131 Bar\u0131na\u011f\u0131&#8217;nda b\u0131rak\u0131n yeni konaklama yerlerini, yeni tesisleri, yeni kondurulmaya \u00e7al\u0131\u015f\u0131lan rant yat\u0131r\u0131mlar\u0131n\u0131, mevcut alanlar\u0131 da yeniden kente kazand\u0131rarak o haf\u0131zay\u0131 yeniden peki\u015ftirmek zorunday\u0131z. Buray\u0131 yeniden canland\u0131rmak, buray\u0131 yeniden aya\u011fa kald\u0131rmak zorunday\u0131z. Ama buray\u0131 ranta pe\u015fke\u015f \u00e7ekmeden, ranta a\u00e7madan, birilerinin rant ama\u00e7l\u0131 projelerine kurban etmeden; ortak ak\u0131lla nas\u0131l kald\u0131raca\u011f\u0131m\u0131z, nas\u0131l aya\u011fa kald\u0131raca\u011f\u0131m\u0131z ve nas\u0131l bir tav\u0131r sergileyece\u011fimiz \u00e7ok \u00f6nemli&#8221; dedi.<\/p>\n<p>G\u00f6kayaz: &#8220;Atat\u00fcrk Park\u0131&#8217;n\u0131n tahsisinin B\u00fcy\u00fck\u015fehir&#8217;e verilmesi gerekiyor&#8221;<\/p>\n<p>Mersin B\u00fcy\u00fck\u015fehir Belediyesi Genel Sekreter Yard\u0131mc\u0131s\u0131 Serdal G\u00f6kayaz, bahsedilen b\u00fct\u00fcn alanlar\u0131n \u00f6ncelikli olarak halk\u0131n kullan\u0131m\u0131na a\u00e7\u0131k olmas\u0131 taraf\u0131nda olduklar\u0131n\u0131 s\u00f6yledi. G\u00f6kayaz, &#8220;K\u00fclt\u00fcr Park&#8217;\u0131n \u00f6nceki durumuyla \u015fimdiki durumu aras\u0131nda, \u00e7ok b\u00fcy\u00fck farklar s\u00f6z konusu. \u0130nsanlar a\u00e7\u0131s\u0131ndan bakacak ve onlar\u0131n kullan\u0131m\u0131n\u0131n \u00f6nemli oldu\u011funu d\u00fc\u015f\u00fcn\u00fcrseniz, demek ki alanlar daha iyi kullan\u0131labiliyormu\u015f. Hafta i\u00e7i olsun, hafta sonu olsun, ak\u015fam saatleri olsun b\u00fct\u00fcn bu alanlar\u0131n nas\u0131l insanlarla dolu oldu\u011funu hep beraber g\u00f6r\u00fcyoruz&#8221; dedi.<\/p>\n<p>K\u00fclt\u00fcr Park i\u00e7erisinde belli bir noktadan itibaren insan ak\u0131\u015f\u0131n\u0131n kesintiye u\u011frad\u0131\u011f\u0131n\u0131 ifade eden Serdal G\u00f6kayaz, bunda Mersin \u0130dman Yurdu Meydan\u0131 ile Hilton Otel aras\u0131ndaki b\u00f6lgenin tahsisinin B\u00fcy\u00fck\u015fehir Belediyesi&#8217;ne verilmemi\u015f olmas\u0131n\u0131n b\u00fcy\u00fck etkisi oldu\u011funu s\u00f6yledi. G\u00f6kayaz, &#8220;Ayn\u0131 \u015fekilde Atat\u00fcrk Park\u0131&#8217;n\u0131n b\u00fct\u00fcn bak\u0131m\u0131n\u0131 B\u00fcy\u00fck\u015fehir Belediyesi yap\u0131yor olmas\u0131na ra\u011fmen, tahsisinin verilmemi\u015f oldu\u011funu biliyoruz. Dolay\u0131s\u0131yla; \u00c7aml\u0131bel Bal\u0131k\u00e7\u0131 Bar\u0131na\u011f\u0131&#8217;n\u0131n, ba\u015fkan\u0131m\u0131z g\u00f6reve geldikten sonras\u0131nda tahsisinin istendi\u011finin ve \u00c7aml\u0131bel&#8217;le ilgili bir kentsel yenileme projesinin de hayata ge\u00e7iyor oldu\u011funun bilgisini vermek isterim&#8221; diye konu\u015ftu.<\/p>\n<p>B\u00fcy\u00fck\u015fehir Belediyesi olarak t\u00fcm bu alanlarla ilgili bak\u0131\u015f a\u00e7\u0131lar\u0131n\u0131n, vatanda\u015flar\u0131n kullan\u0131m\u0131na \u00f6ncelik olmas\u0131 \u015feklinde oldu\u011funun alt\u0131n\u0131 \u00e7izen G\u00f6kayaz, &#8220;Toroslar ve Akdeniz b\u00f6lgesinde ya\u015fayan insanlar\u0131n nefes alabilecekleri, bu alandan fazla bir alan yok. E\u011fer biz bu alan\u0131, bu \u015fekli ile iyi bir \u015fekilde de\u011ferlendiremezsek, maalesef o nefes al\u0131nabilecek alanlar\u0131 yok etmi\u015f oluruz. Bizim bak\u0131\u015f a\u00e7\u0131m\u0131z bu \u015fekilde. Atat\u00fcrk Park\u0131&#8217;n\u0131n tahsisini istememizin as\u0131l amac\u0131 da budur. Mersin \u0130dman Yurdu Meydan\u0131&#8217;n\u0131n bat\u0131s\u0131nda nas\u0131l bir hareketlilik s\u00f6z konusu oldu ise, burada da farkl\u0131 bir yenileme ile bunu sa\u011flamak m\u00fcmk\u00fcn. Ama bunun hayata ge\u00e7irilebilmesi i\u00e7in, bize o alan\u0131n tahsis edilmesi gerekiyor&#8221; ifadelerini kulland\u0131. <\/p>\n<p>\u015eehir Planc\u0131lar\u0131 Odas\u0131 Mersin \u0130l Temsilcisi U\u011fur \u0130nce; \u00c7aml\u0131bel&#8217;in bir bak\u0131ma ve projeye ihtiyac\u0131 oldu\u011funu belirtti. Ancak, \u00c7aml\u0131bel&#8217;e yap\u0131lacak projenin bilin\u00e7li bir \u015fekilde ortak ak\u0131lla yap\u0131lmas\u0131 gerekti\u011fini aktaran \u0130nce, g\u00f6zden ka\u00e7an en b\u00fcy\u00fck sorunun ise proje ile birlikte trafik probleminin olaca\u011f\u0131n\u0131, bunun da \u00c7aml\u0131bel&#8217;i ekonomik ve sosyal y\u00f6nden zorlayaca\u011f\u0131n\u0131 ifade etti.<br \/>\nAtat\u00fcrk\u00e7\u00fc D\u00fc\u015f\u00fcnce Derne\u011fi Mersin \u015eube Ba\u015fkan\u0131 Serdar Erkan; Atat\u00fcrk Park\u0131&#8217;n\u0131n kent belle\u011fi oldu\u011funu belirterek, kent duyarl\u0131l\u0131\u011f\u0131 a\u00e7\u0131s\u0131ndan hep birlikte sahip \u00e7\u0131kma noktas\u0131nda birle\u015ftiklerini ve bununla ortak m\u00fccadele etmek gerekti\u011fini belirtti.<\/p>\n<p>K\u00fcsbeci: &#8220;Projenin bir\u00e7ok eksi\u011fi var ve itirazlar\u0131m\u0131z bu y\u00f6nde oldu&#8221;<\/p>\n<p>Proje i\u00e7erisinde yer alan al\u0131\u015fveri\u015f, yeme-i\u00e7me ve konaklama fonksiyonlar\u0131n\u0131n yap\u0131laca\u011f\u0131 yakla\u015f\u0131k 69 bin 500 metrekarelik bir alanda 13 bin 900 metrekare net, 18 bin metrekare br\u00fct yeme-i\u00e7me, al\u0131\u015fveri\u015f ve konaklama fonksiyonlar\u0131n\u0131n yap\u0131labilece\u011fi bir alan oldu\u011funu ve bu alan\u0131n yakla\u015f\u0131k 16 bin metrekaresinin Atat\u00fcrk Park\u0131&#8217;ndan al\u0131nm\u0131\u015f olarak g\u00f6r\u00fcld\u00fc\u011f\u00fcn\u00fc belirten<br \/>\nMersin B\u00fcy\u00fck\u015fehir Belediyesi \u0130mar ve \u015eehircilik Dairesi Ba\u015fkanl\u0131\u011f\u0131 Planlama \u015eube M\u00fcd\u00fcr\u00fc Atilla K\u00fcsbeci, &#8220;Yakla\u015f\u0131k 18 bin metrekarelik alanda yeme-i\u00e7me, ticaret ve konaklama fonksiyonlar\u0131n\u0131n yap\u0131lmas\u0131na itiraz\u0131m\u0131z oldu. Bu rakam 600 ara\u00e7l\u0131k bir otopark ihtiyac\u0131n\u0131 da beraberinde getiriyor. S\u00f6z konusu proje kapsam\u0131nda bunun yap\u0131labilece\u011fi alan\u0131 biz vaziyet planlar\u0131nda g\u00f6remedik. Bu gibi projelerde, ilgili kanun ve y\u00f6netmelikler gere\u011fi, teknik altyap\u0131 de\u011ferlendirme raporunun da dosyada yer almas\u0131 gerekirdi. Bu dosyan\u0131n eksikli\u011finden kaynakl\u0131 da bir itiraz\u0131m\u0131z oldu. Ayr\u0131ca projede yakla\u015f\u0131k 80 bin metrekarelik deniz dolgusunun yap\u0131lmas\u0131na bir itiraz\u0131m\u0131z oldu&#8221; dedi.<br \/>\nS\u00f6z konusu projede k\u0131y\u0131-kenar \u00e7izgisinin deniz taraf\u0131na d\u00f6n\u00fck olmas\u0131na bir itirazlar\u0131 oldu\u011funu da s\u00f6zlerine ekleyen K\u00fcsbeci, &#8220;Biz \u00c7aml\u0131bel projesini \u00c7aml\u0131bel esnaf\u0131n\u0131 kalk\u0131nd\u0131rmak, yeniden canland\u0131rmak \u00fczere yap\u0131yoruz. Proje alan\u0131n\u0131n bu b\u00f6lgeyle ili\u015fkisinin kurulmamas\u0131na bir itiraz\u0131m\u0131z oldu. O b\u00f6lgedeki esnaflar\u0131m\u0131z\u0131 olumsuz etkileyece\u011fi kayg\u0131s\u0131yla bir itiraz\u0131m\u0131z oldu. Modelleme yap\u0131ld\u0131\u011f\u0131nda bu b\u00f6lgedeki mevcut liman\u0131n, y\u00fck gemileri ile bu alanda yap\u0131lmas\u0131 d\u00fc\u015f\u00fcn\u00fclen faaliyetin oradaki gemi trafi\u011fi ile etkile\u015fimi hi\u00e7bir \u015fekilde ortaya konulmam\u0131\u015f. Bunun eksikli\u011fine bir itiraz\u0131m\u0131z oldu. Bu y\u00f6nleri ile \u00c7evre ve Denizcilik Bakanl\u0131\u011f\u0131&#8217;na, \u0130l M\u00fcd\u00fcrl\u00fc\u011f\u00fc&#8217;ne yasal s\u00fcrelerde itiraz\u0131m\u0131z\u0131 yapt\u0131k&#8221; diye konu\u015ftu.<\/p>\n<p>Forumda s\u00f6z alan Akdeniz Kent Konseyi Ba\u015fkan\u0131 Mustafa Erim ise, Su Sporlar\u0131 Merkezi&#8217;nin yap\u0131lmas\u0131 gerekti\u011fini belirterek, &#8220;Hepimizin hassasiyeti olan \u015fehir kimli\u011fi ve ruhunu bozmadan, planlaman\u0131n ortak isti\u015fare ile ortak ak\u0131lla yap\u0131lmas\u0131 gerekti\u011fini&#8221; vurgulayarak g\u00f6r\u00fc\u015flerini ifade etti.<\/p>\n<p>Can: &#8220;S\u00f6z konusu proje s\u00fcrd\u00fcr\u00fclebilirlikten uzak&#8221;<\/p>\n<p>Mersin Kent Konseyi Kent ve \u00c7evre \u00c7al\u0131\u015fma Grubu S\u00f6zc\u00fcs\u00fc ve \u00c7evre M\u00fchendisleri Odas\u0131 Mersin \u015eube Ba\u015fkan\u0131 Dr. Sinan Can ise konu\u015fmas\u0131nda, Mersin&#8217;in \u00f6nemli bir sorunu olan Bal\u0131k\u00e7\u0131 Bar\u0131na\u011f\u0131 konusunda Mersinli akt\u00f6rlerin dahil olmad\u0131\u011f\u0131 bir \u00e7\u00f6z\u00fcm \u00fcretme bi\u00e7iminin, y\u00f6ntem a\u00e7\u0131s\u0131ndan gelecekte daha b\u00fcy\u00fck sorunlar olu\u015fturmaya aday; sorun \u00e7\u00f6zmekten ziyade sorun \u00fcretmeye a\u00e7\u0131k bir y\u00f6ntem oldu\u011funu kaydetti.<br \/>\nCan konu\u015fmas\u0131n\u0131n devam\u0131nda, &#8220;\u00c7aml\u0131bel Bal\u0131k\u00e7\u0131 Bar\u0131na\u011f\u0131&#8217;n\u0131n kapasitesinin artt\u0131r\u0131lmas\u0131n\u0131n m\u00fcmk\u00fcn olup olmad\u0131\u011f\u0131 gibi temel sorulara yan\u0131t aramak yerine, kapasite artt\u0131r\u0131lmaks\u0131z\u0131n do\u011frudan bir yeniden yap\u0131m i\u015finin d\u00fc\u015f\u00fcn\u00fclmesi, ticari ve sportif merkezli yap\u0131lar\u0131n \u00f6nceliklendirilmesi, bu projenin s\u00fcrd\u00fcr\u00fclebilir olmad\u0131\u011f\u0131n\u0131 ortaya koymaktad\u0131r. Kent forumunda kat\u0131l\u0131mc\u0131lar\u0131n g\u00f6r\u00fc\u015f ve ifadelerine g\u00f6re de ilgili projenin tam anlam\u0131yla Mersin&#8217;i yans\u0131tmad\u0131\u011f\u0131, \u00e7evresel ve sosyal kayg\u0131lar uyand\u0131rd\u0131\u011f\u0131 ve bu \u015fekliyle kad\u00fck kald\u0131\u011f\u0131n\u0131&#8221; ifadelerini kulland\u0131.<br \/>\nForuma kat\u0131l\u0131m g\u00f6steren Mersin sevdal\u0131lardan Mersin Su \u00dcr\u00fcnleri Fak\u00fcltesi B\u00f6l\u00fcm\u00fc&#8217;nden Prof. Dr. H\u00fcseyin \u00d6zbilgin, Akdeniz K\u00fclt\u00fcr Mahalle Muhtar\u0131 Ali Karadeniz, Mersin Amat\u00f6r Bal\u0131k\u00e7\u0131lar Derne\u011fi Ba\u015fkan\u0131 Metin Atlas, Gazeteci Yazar Fatih Alkar, Umut \u00c7or ve Necdet Canaran, Kimya M\u00fchendisleri Odas\u0131 Mersin \u0130l Temsilcisi Emre \u00dcresin, \u00c7evre G\u00f6n\u00fcll\u00fcs\u00fc Suna K\u0131l\u0131\u00e7c\u0131, Forum&#8217;da s\u00f6z alarak bilgi ve g\u00f6r\u00fc\u015flerini payla\u015ft\u0131lar.<\/p>\n","protected":false},"excerpt":{"rendered":"<p>Bir s\u00fcredir Mersin kamuoyunun tart\u0131\u015fma konular\u0131ndan olan \u00c7aml\u0131bel Bal\u0131k\u00e7\u0131 Bar\u0131na\u011f\u0131 b\u00f6lgesine yap\u0131lmas\u0131 planlanan &#8216;Mersin \u00c7aml\u0131bel Su Sporlar\u0131 Merkezi ve Tekne Yana\u015fma Yeri&#8217; projesi, Mersin Kent Konseyi taraf\u0131ndan &#8216;Mersin, \u00c7aml\u0131bel Bal\u0131k\u00e7\u0131 &hellip; <a href=\"https:\/\/akdenizolaygazetesi.com\/?p=22464\" class=\"more-link\">Devam\u0131n\u0131 Oku&#8230;<\/a><\/p>\n","protected":false},"author":2,"featured_media":22465,"comment_status":"open","ping_status":"open","sticky":false,"template":"","format":"standard","meta":[],"categories":[8,2,3],"tags":[],"_links":{"self":[{"href":"https:\/\/akdenizolaygazetesi.com\/index.php?rest_route=\/wp\/v2\/posts\/22464"}],"collection":[{"href":"https:\/\/akdenizolaygazetesi.com\/index.php?rest_route=\/wp\/v2\/posts"}],"about":[{"href":"https:\/\/akdenizolaygazetesi.com\/index.php?rest_route=\/wp\/v2\/types\/post"}],"author":[{"embeddable":true,"href":"https:\/\/akdenizolaygazetesi.com\/index.php?rest_route=\/wp\/v2\/users\/2"}],"replies":[{"embeddable":true,"href":"https:\/\/akdenizolaygazetesi.com\/index.php?rest_route=%2Fwp%2Fv2%2Fcomments&post=22464"}],"version-history":[{"count":1,"href":"https:\/\/akdenizolaygazetesi.com\/index.php?rest_route=\/wp\/v2\/posts\/22464\/revisions"}],"predecessor-version":[{"id":22466,"href":"https:\/\/akdenizolaygazetesi.com\/index.php?rest_route=\/wp\/v2\/posts\/22464\/revisions\/22466"}],"wp:featuredmedia":[{"embeddable":true,"href":"https:\/\/akdenizolaygazetesi.com\/index.php?rest_route=\/wp\/v2\/media\/22465"}],"wp:attachment":[{"href":"https:\/\/akdenizolaygazetesi.com\/index.php?rest_route=%2Fwp%2Fv2%2Fmedia&parent=22464"}],"wp:term":[{"taxonomy":"category","embeddable":true,"href":"https:\/\/akdenizolaygazetesi.com\/index.php?rest_route=%2Fwp%2Fv2%2Fcategories&post=22464"},{"taxonomy":"post_tag","embeddable":true,"href":"https:\/\/akdenizolaygazetesi.com\/index.php?rest_route=%2Fwp%2Fv2%2Ftags&post=22464"}],"curies":[{"name":"wp","href":"https:\/\/api.w.org\/{rel}","templated":true}]}}