{"id":22470,"date":"2022-11-23T13:10:05","date_gmt":"2022-11-23T10:10:05","guid":{"rendered":"http:\/\/akdenizolaygazetesi.com\/?p=22470"},"modified":"2022-11-23T13:10:05","modified_gmt":"2022-11-23T10:10:05","slug":"akdenizli-tekerlekli-sandalye-basketbol-takimi-sporcularinin-2nci-ligdeki-ilk-maci-amedspor-ile","status":"publish","type":"post","link":"https:\/\/akdenizolaygazetesi.com\/?p=22470","title":{"rendered":"Akdenizli tekerlekli sandalye basketbol tak\u0131m\u0131 sporcular\u0131n\u0131n 2\u2019nci ligdeki ilk ma\u00e7\u0131 Amedspor ile"},"content":{"rendered":"<p>T\u00fcrkiye Tekerlekli Sandalye Basketbol Ligi 2022-2023 sezonunda 2\u2019nci ligde m\u00fccadele eden Akdeniz Belediye Spor Kul\u00fcb\u00fc Tekerlekli Sandalye Basketbol Tak\u0131m\u0131, ligdeki ilk ma\u00e7\u0131nda Diyarbak\u0131r deplasman\u0131na haz\u0131rlan\u0131yor. <\/p>\n<p>Mersin Edip Buran Kapal\u0131 Spor Salonu\u2019nda t\u00fcm oyuncularla s\u0131k\u0131 bir antrenmana giren Akdeniz Belediyesi\u2019nin Mavi-Beyazl\u0131 ekibi; 27 Kas\u0131m\u2019da Diyarbak\u0131r Amedspor ile yapaca\u011f\u0131 ma\u00e7tan galibiyetle d\u00f6nmek istiyor. Ma\u00e7 \u00f6ncesi Akdenizli ekibin antren\u00f6r\u00fc ve sporcular\u0131 duygular\u0131n\u0131 dile getirdi, hedeflerinin galibiyet serisiyle 1\u2019inci lige \u00e7\u0131kmak oldu\u011funun alt\u0131n\u0131 \u00e7izdi. <\/p>\n<p>\u201c\u0130ki yeni sporcu transfer ettik\u201d<\/p>\n<p>Ge\u00e7en y\u0131l 3\u2019\u00fcnc\u00fc ligde m\u00fccadele ettiklerini hat\u0131rlatan Akdeniz Belediyesi Tekerlekli Sandalye Basketbol Tak\u0131m\u0131 Anter\u00f6n\u00fc Faik Suba\u015f\u0131; \u201cB\u00fct\u00fcn sezon boyunca b\u00fcy\u00fck emekler sonucunda bu y\u0131l 2\u2019nci lige terfi ettik. Ayr\u0131ca ge\u00e7en sene tak\u0131m\u0131m\u0131za 2 yeni sporcu transferi de yapt\u0131k.  Allah\u2019\u0131n izniyle bu sene Akdeniz Belediyemize yak\u0131\u015facak bir \u015fekilde 2\u2019nci ligde m\u00fccadele edip en \u00fcst lige \u00e7\u0131kmaya \u00e7al\u0131\u015faca\u011f\u0131z\u201d dedi. <\/p>\n<p>\u201c\u0130lk ma\u00e7, ilk heyecan\u201d<\/p>\n<p>Bu sezondaki ilk ma\u00e7lar\u0131n\u0131, 27 Kas\u0131m 2022 Pazar g\u00fcn\u00fc Diyarbak\u0131r\u2019da Amedspor Tekerlekli Sandalye Basketbol Tak\u0131m\u0131 ile yapacaklar\u0131 bilgisini de veren tak\u0131m antren\u00f6r\u00fc Suba\u015f\u0131; \u201cTabi ilk ma\u00e7, ilk heyecan\u2026 bu anlamda, bizlere hi\u00e7bir deste\u011fini esirgemeyen Akdeniz Belediye Ba\u015fkan\u0131m\u0131z Say\u0131n Mustafa G\u00fcltak\u2019a, Spor Kul\u00fcb\u00fc Ba\u015fkan\u0131m\u0131z Say\u0131n Ali U\u00e7ar\u2019a ve ismini sayamad\u0131\u011f\u0131m\u0131z, her daim yan\u0131m\u0131zda olan herkese te\u015fekk\u00fcrlerimizi sunuyorum\u201d diye konu\u015ftu. <\/p>\n<p>\u201cHedefimiz zirveye oynamak\u201d<\/p>\n<p>Amedspor ma\u00e7\u0131 \u00f6ncesi duygular\u0131n\u0131 dile getiren Akdeniz ekibinden Do\u011fukan U\u00e7ar, \u0130stanbul\u2019dan Akdeniz\u2019e transfer oldu\u011funu belirterek; \u201c\u0130stanbul\u2019da 16 sene boyunca oynad\u0131m. Bu sene ise 2\u2019nci lig tak\u0131m\u0131 olan Akdeniz\u2019e transfer oldum. Tabi \u015fimdi yeni hedefimiz zirveye oynamak. Mersin halk\u0131 \u00e7ok s\u0131cakkanl\u0131, Mersin de g\u00fczel bir yer ger\u00e7ekten. Bizler de Mersin ve Akdeniz i\u00e7in elimizden geleni yapmaya \u00e7al\u0131\u015faca\u011f\u0131z\u201d dedi.<\/p>\n<p>\u201cBa\u015faraca\u011f\u0131m\u0131za inan\u0131yorum\u201d<\/p>\n<p>Tekerlekli sandalye basketbolunda 20 y\u0131ld\u0131r oynad\u0131\u011f\u0131n\u0131 belirten Temel Alveli ise; \u201cTam 10 sene s\u00fcper ligde, 7 y\u0131l da 1\u2019inci ligde oynad\u0131m. Bu sene ise Mersin\u2019deyim&#8230; Antrenmanlar\u0131m\u0131z g\u00fczel ge\u00e7iyor. Hedefimiz b\u00fcy\u00fck; birinci lig&#8230; \u0130n\u015fallah ba\u015far\u0131r\u0131z. Tabi ki bu spora ciddi destek laz\u0131m. Ba\u015faraca\u011f\u0131m\u0131za inan\u0131yoruz. Bu tak\u0131m i\u00e7in, ba\u015far\u0131 i\u00e7in Akdeniz\u2019e geldim. Tak\u0131m arkada\u015fl\u0131\u011f\u0131, tak\u0131m ruhu \u00e7ok s\u00fcper. Tecr\u00fcbelerimizi de arkada\u015flar\u0131m\u0131za aktaraca\u011f\u0131z\u201d ifadelerini kulland\u0131. <\/p>\n<p>\u201cBa\u015fkan\u0131m\u0131z G\u00fcltak\u2019\u0131n deste\u011fiyle ba\u015faraca\u011f\u0131z\u201d<\/p>\n<p>Mavi beyazl\u0131 tak\u0131m\u0131n oyuncular\u0131ndan Ferhat \u015ea\u015f da 10 y\u0131ld\u0131r kul\u00fcp b\u00fcnyesinde oynad\u0131\u011f\u0131n\u0131 ifade ederek \u015f\u00f6yle konu\u015ftu; \u201cGe\u00e7en sene b\u00f6lgesel ligden play-off ile bir \u00fcst lige \u00e7\u0131kmay\u0131 ba\u015fard\u0131k. \u015eu an 2\u2019nci ligde oynuyoruz. \u0130n\u015fallah yeni hedefimiz 1\u2019inci lig. Say\u0131n Belediye Ba\u015fkan\u0131m\u0131z Mustafa G\u00fcltak\u2019\u0131n destekleri ve Ali U\u00e7ar M\u00fcd\u00fcr\u00fcm\u00fcz\u00fcn koordinesi ve deste\u011fiyle s\u00fcper lige \u00e7\u0131kmay\u0131 ba\u015faraca\u011f\u0131z. Bu tak\u0131m, tarihinde ilk defa 2\u2019nci lige y\u00fckseldi. Bu da Ba\u015fkan\u0131m\u0131z G\u00fcltak ve ekibinin b\u00fcy\u00fck destekleri sayesindedir. Bizler de elimizden gelen m\u00fccadeleyi g\u00f6stermeye devam edece\u011fiz.\u201d<\/p>\n","protected":false},"excerpt":{"rendered":"<p>T\u00fcrkiye Tekerlekli Sandalye Basketbol Ligi 2022-2023 sezonunda 2\u2019nci ligde m\u00fccadele eden Akdeniz Belediye Spor Kul\u00fcb\u00fc Tekerlekli Sandalye Basketbol Tak\u0131m\u0131, ligdeki ilk ma\u00e7\u0131nda Diyarbak\u0131r deplasman\u0131na haz\u0131rlan\u0131yor. Mersin Edip Buran Kapal\u0131 Spor &hellip; <a href=\"https:\/\/akdenizolaygazetesi.com\/?p=22470\" class=\"more-link\">Devam\u0131n\u0131 Oku&#8230;<\/a><\/p>\n","protected":false},"author":2,"featured_media":22471,"comment_status":"open","ping_status":"open","sticky":false,"template":"","format":"standard","meta":[],"categories":[2,3,9,10],"tags":[],"_links":{"self":[{"href":"https:\/\/akdenizolaygazetesi.com\/index.php?rest_route=\/wp\/v2\/posts\/22470"}],"collection":[{"href":"https:\/\/akdenizolaygazetesi.com\/index.php?rest_route=\/wp\/v2\/posts"}],"about":[{"href":"https:\/\/akdenizolaygazetesi.com\/index.php?rest_route=\/wp\/v2\/types\/post"}],"author":[{"embeddable":true,"href":"https:\/\/akdenizolaygazetesi.com\/index.php?rest_route=\/wp\/v2\/users\/2"}],"replies":[{"embeddable":true,"href":"https:\/\/akdenizolaygazetesi.com\/index.php?rest_route=%2Fwp%2Fv2%2Fcomments&post=22470"}],"version-history":[{"count":1,"href":"https:\/\/akdenizolaygazetesi.com\/index.php?rest_route=\/wp\/v2\/posts\/22470\/revisions"}],"predecessor-version":[{"id":22472,"href":"https:\/\/akdenizolaygazetesi.com\/index.php?rest_route=\/wp\/v2\/posts\/22470\/revisions\/22472"}],"wp:featuredmedia":[{"embeddable":true,"href":"https:\/\/akdenizolaygazetesi.com\/index.php?rest_route=\/wp\/v2\/media\/22471"}],"wp:attachment":[{"href":"https:\/\/akdenizolaygazetesi.com\/index.php?rest_route=%2Fwp%2Fv2%2Fmedia&parent=22470"}],"wp:term":[{"taxonomy":"category","embeddable":true,"href":"https:\/\/akdenizolaygazetesi.com\/index.php?rest_route=%2Fwp%2Fv2%2Fcategories&post=22470"},{"taxonomy":"post_tag","embeddable":true,"href":"https:\/\/akdenizolaygazetesi.com\/index.php?rest_route=%2Fwp%2Fv2%2Ftags&post=22470"}],"curies":[{"name":"wp","href":"https:\/\/api.w.org\/{rel}","templated":true}]}}