{"id":22481,"date":"2022-11-24T12:31:14","date_gmt":"2022-11-24T09:31:14","guid":{"rendered":"http:\/\/akdenizolaygazetesi.com\/?p=22481"},"modified":"2022-11-24T12:31:14","modified_gmt":"2022-11-24T09:31:14","slug":"baskan-yilmaz-ogretmenler-gununu-kutladi-2","status":"publish","type":"post","link":"https:\/\/akdenizolaygazetesi.com\/?p=22481","title":{"rendered":"BA\u015eKAN YILMAZ, \u00d6\u011eRETMENLER G\u00dcN\u00dc&#8217;N\u00dc KUTLADI"},"content":{"rendered":"<p>Toroslar Belediye Ba\u015fkan\u0131 Ats\u0131z Af\u015f\u0131n Y\u0131lmaz, 24 Kas\u0131m \u00d6\u011fretmenler G\u00fcn\u00fc dolay\u0131s\u0131yla bir mesaj yay\u0131nlad\u0131.<\/p>\n<p>T\u00fcm \u00f6\u011fretmenlerin \u00d6\u011fretmenler G\u00fcn\u00fc&#8217;n\u00fc kutlayan Ba\u015fkan Y\u0131lmaz, e\u011fitime ve e\u011fitimciye her zaman destek vereceklerini s\u00f6yledi.<\/p>\n<p>\u00d6\u011fretmenlik mesle\u011finin temelinde sevgi, emek ve fedak\u00e2rl\u0131\u011f\u0131n oldu\u011funu belirten Ba\u015fkan Y\u0131lmaz; &#8220;Hi\u00e7 \u015f\u00fcphesiz \u00f6\u011fretmenlik mesle\u011fi, toplumumuzun en sayg\u0131n ve kutsal g\u00f6revlerindendir. \u00d6\u011fretmenlerimiz, \u00e7ocuklar\u0131m\u0131z\u0131n ve gen\u00e7lerimizin gelece\u011fe haz\u0131rlanmas\u0131nda \u00fcstlendikleri sorumluluklarla yar\u0131nlar\u0131m\u0131z\u0131 in\u015fa etmektedir&#8221; dedi.<\/p>\n<p>&#8220;\u00d6\u011fretmen K\u00f6kl\u00fc Nesillerin Mimar\u0131d\u0131r&#8221;<\/p>\n<p>&#8220;\u00d6\u011fretmenler, e\u011fitim sisteminin en temel \u00f6\u011fesi, k\u00f6kl\u00fc nesillerin mimar\u0131d\u0131r&#8221; diyen Ba\u015fkan Y\u0131lmaz; &#8220;Gelece\u011fimizin teminat\u0131 olan \u00e7ocuklar\u0131m\u0131z\u0131n \u00e7a\u011f\u0131n gerektirdi\u011fi bilgi ve becerilere sahip olmalar\u0131, milli ve manevi de\u011ferlerine ba\u011fl\u0131 olarak yeti\u015fmeleri i\u00e7in fedak\u00e2rca \u00e7al\u0131\u015fan t\u00fcm \u00f6\u011fretmenlerimize \u015f\u00fckranlar\u0131m\u0131 sunuyorum. B\u00fcy\u00fck \u00f6nderimiz ve ba\u015f\u00f6\u011fretmenimiz Gazi Mustafa Kemal Atat\u00fcrk&#8217;\u00fcn; &#8220;\u00d6\u011fretmenler! Cumhuriyet sizden fikri h\u00fcr, vicdan\u0131 h\u00fcr, irfan\u0131 h\u00fcr nesiller ister&#8221; hedefini her ko\u015fulda umutla ve inan\u00e7la s\u00fcrd\u00fcrece\u011finize inanc\u0131m\u0131z tam. \u00dclkemizin gelece\u011fine kar\u015f\u0131 sorumluyuz. \u0130yiye ve g\u00fczele dair ne varsa gelece\u011fimiz olan \u00e7ocuklar\u0131m\u0131z i\u00e7in birlikte ba\u015farmaya devam edece\u011fiz. Bu vesileyle ba\u015fta Ulu \u00d6nderimiz, Ba\u015f\u00f6\u011fretmen Gazi Mustafa Kemal Atat\u00fcrk olmak \u00fczere ebediyete intikal eden ve g\u00f6revleri ba\u015f\u0131nda \u015fehit olan t\u00fcm \u00f6\u011fretmenlerimizi, sayg\u0131 ve rahmetle an\u0131yorum. Ruhlar\u0131 \u015fad olsun&#8221; \u015feklinde konu\u015ftu.<\/p>\n","protected":false},"excerpt":{"rendered":"<p>Toroslar Belediye Ba\u015fkan\u0131 Ats\u0131z Af\u015f\u0131n Y\u0131lmaz, 24 Kas\u0131m \u00d6\u011fretmenler G\u00fcn\u00fc dolay\u0131s\u0131yla bir mesaj yay\u0131nlad\u0131. T\u00fcm \u00f6\u011fretmenlerin \u00d6\u011fretmenler G\u00fcn\u00fc&#8217;n\u00fc kutlayan Ba\u015fkan Y\u0131lmaz, e\u011fitime ve e\u011fitimciye her zaman destek vereceklerini s\u00f6yledi. \u00d6\u011fretmenlik &hellip; <a href=\"https:\/\/akdenizolaygazetesi.com\/?p=22481\" class=\"more-link\">Devam\u0131n\u0131 Oku&#8230;<\/a><\/p>\n","protected":false},"author":2,"featured_media":22482,"comment_status":"open","ping_status":"open","sticky":false,"template":"","format":"standard","meta":[],"categories":[2,3],"tags":[],"_links":{"self":[{"href":"https:\/\/akdenizolaygazetesi.com\/index.php?rest_route=\/wp\/v2\/posts\/22481"}],"collection":[{"href":"https:\/\/akdenizolaygazetesi.com\/index.php?rest_route=\/wp\/v2\/posts"}],"about":[{"href":"https:\/\/akdenizolaygazetesi.com\/index.php?rest_route=\/wp\/v2\/types\/post"}],"author":[{"embeddable":true,"href":"https:\/\/akdenizolaygazetesi.com\/index.php?rest_route=\/wp\/v2\/users\/2"}],"replies":[{"embeddable":true,"href":"https:\/\/akdenizolaygazetesi.com\/index.php?rest_route=%2Fwp%2Fv2%2Fcomments&post=22481"}],"version-history":[{"count":1,"href":"https:\/\/akdenizolaygazetesi.com\/index.php?rest_route=\/wp\/v2\/posts\/22481\/revisions"}],"predecessor-version":[{"id":22483,"href":"https:\/\/akdenizolaygazetesi.com\/index.php?rest_route=\/wp\/v2\/posts\/22481\/revisions\/22483"}],"wp:featuredmedia":[{"embeddable":true,"href":"https:\/\/akdenizolaygazetesi.com\/index.php?rest_route=\/wp\/v2\/media\/22482"}],"wp:attachment":[{"href":"https:\/\/akdenizolaygazetesi.com\/index.php?rest_route=%2Fwp%2Fv2%2Fmedia&parent=22481"}],"wp:term":[{"taxonomy":"category","embeddable":true,"href":"https:\/\/akdenizolaygazetesi.com\/index.php?rest_route=%2Fwp%2Fv2%2Fcategories&post=22481"},{"taxonomy":"post_tag","embeddable":true,"href":"https:\/\/akdenizolaygazetesi.com\/index.php?rest_route=%2Fwp%2Fv2%2Ftags&post=22481"}],"curies":[{"name":"wp","href":"https:\/\/api.w.org\/{rel}","templated":true}]}}