{"id":22484,"date":"2022-11-24T12:32:36","date_gmt":"2022-11-24T09:32:36","guid":{"rendered":"http:\/\/akdenizolaygazetesi.com\/?p=22484"},"modified":"2022-11-24T12:32:36","modified_gmt":"2022-11-24T09:32:36","slug":"sut-senin-gurur-mersinin-projesinde-35-milyon-kutu-sut-dagitildi","status":"publish","type":"post","link":"https:\/\/akdenizolaygazetesi.com\/?p=22484","title":{"rendered":"&#8216;S\u00dcT SEN\u0130N GURUR MERS\u0130N&#8217;\u0130N&#8217; PROJES\u0130NDE 3,5 M\u0130LYON KUTU S\u00dcT DA\u011eITILDI"},"content":{"rendered":"<p>Mersin B\u00fcy\u00fck\u015fehir Belediyesi&#8217;nin \u00f6zellikle dezavantajl\u0131 b\u00f6lgelerde bulunan okullarda uygulad\u0131\u011f\u0131 &#8216;S\u00fct Senin Gurur Mersin&#8217;in&#8217; projesi devam ediyor. \u00c7ocuklar\u0131n da b\u00fcy\u00fck be\u011feni g\u00f6sterdi\u011fi proje kapsam\u0131nda, ara tatil sonras\u0131 ilk s\u00fct da\u011f\u0131t\u0131m\u0131 Toroslar il\u00e7esinde bulunan Mustafa Kemal \u0130lkokulu \u00f6\u011frencilerine ger\u00e7ekle\u015ftirildi.<\/p>\n<p>Atar: &#8220;Gelece\u011fimiz olan \u00e7ocuklar\u0131m\u0131z\u0131 bug\u00fcnden \u00f6nemsiyoruz&#8221;<\/p>\n<p>Proje hakk\u0131nda bilgi veren Sosyal Hizmetler Dairesi Ba\u015fkanl\u0131\u011f\u0131 Psiko-Sosyal Hizmetler \u015eefi G\u00fcl\u00e7in Atar, \u00e7ocuklar\u0131n sa\u011fl\u0131kl\u0131 b\u00fcy\u00fcme ve geli\u015fmesinde s\u00fct t\u00fcketiminin yerinin \u00e7ok \u00f6nemli oldu\u011funu belirterek, &#8220;Biz de bundan yola \u00e7\u0131karak 2019 y\u0131l\u0131nda &#8216;S\u00fct Senin Gurur Mersin&#8217;in&#8217; projesini ba\u015flatt\u0131k. 13 il\u00e7ede dezavantajl\u0131 b\u00f6lgelerde bulunun okullarda s\u00fct da\u011f\u0131t\u0131m\u0131 ger\u00e7ekle\u015ftiriyoruz. Bug\u00fcne kadar 3,5 milyon kutu s\u00fct da\u011f\u0131t\u0131m\u0131 yap\u0131ld\u0131&#8221; dedi.<\/p>\n<p>2022-2023 e\u011fitim ve \u00f6\u011fretim y\u0131l\u0131n\u0131n ba\u015f\u0131ndan bug\u00fcne kadar 13 il\u00e7ede bulunan 116 okulda 50 bin 785 \u00f6\u011frenciye ula\u015ft\u0131klar\u0131n\u0131n alt\u0131n\u0131 \u00e7izen Atar, &#8220;Dezavantajl\u0131 b\u00f6lgelerdeki ilkokul ve anaokulu \u00f6\u011frencilerine s\u00fct da\u011f\u0131t\u0131m\u0131m\u0131z ger\u00e7ekle\u015fiyor. \u00c7ocuklar da bizi \u00e7ok iyi kar\u015f\u0131l\u0131yorlar, gayet mutlular. S\u00fct\u00fcn faydalar\u0131ndan, kendileri de \u00e7ok net bir \u015fekilde bahsediyorlar. Ara tatilden sonra ilk da\u011f\u0131t\u0131mlar\u0131m\u0131z\u0131 Mustafa Kemal \u0130lk\u00f6\u011fretim Okulu&#8217;nda ger\u00e7ekle\u015ftirdik. Sa\u011fl\u0131kl\u0131 toplumlar i\u00e7in, gelece\u011fimiz olan \u00e7ocuklar\u0131m\u0131z\u0131 bug\u00fcnden \u00f6nemsiyoruz&#8221; diye konu\u015ftu.<\/p>\n<p>&#8220;Bizi d\u00fc\u015f\u00fcnd\u00fc\u011f\u00fc i\u00e7in Vahap Amcam\u0131za te\u015fekk\u00fcr ederiz&#8221;<\/p>\n<p>Mersin B\u00fcy\u00fck\u015fehir Belediyesi taraf\u0131ndan kendisine verilen s\u00fct\u00fc t\u00fcketen Seyran Demir isimli 1. s\u0131n\u0131f \u00f6\u011frencisi, &#8220;S\u00fct\u00fc \u00e7ok seviyorum. \u00c7\u00fcnk\u00fc benim b\u00fcy\u00fcmeme yard\u0131mc\u0131 olacak, kemiklerimi g\u00fc\u00e7lendirecek, boyum uzayacak. Her g\u00fcn s\u00fct i\u00e7mek istiyorum. Bana s\u00fct g\u00f6nderdi\u011fi i\u00e7in Vahap Amca&#8217;m\u0131 seviyorum&#8221; \u015feklinde konu\u015ftu.<\/p>\n<p>Her g\u00fcn s\u00fct i\u00e7mek istedi\u011fini s\u00f6yleyen Alaattin G\u00f6ktu\u011f isimli \u00e7ocuk ise, &#8220;Ben s\u00fct\u00fc \u00e7ok seviyorum. Her g\u00fcn i\u00e7mek istiyorum. Geceleri yatmadan \u00f6nce i\u00e7iyorum. \u00d6\u011flen ve ak\u015fam ball\u0131 s\u00fct i\u00e7iyorum. Sabah kahvalt\u0131s\u0131nda da unutmuyorum. Her g\u00fcn s\u00fct i\u00e7iyorum, b\u00fcy\u00fcmek ve sa\u011fl\u0131kl\u0131 olmak i\u00e7in. S\u00fct g\u00f6nderdi\u011fi i\u00e7in Vahap Amca&#8217;ya te\u015fekk\u00fcr ederim&#8221; dedi.<\/p>\n","protected":false},"excerpt":{"rendered":"<p>Mersin B\u00fcy\u00fck\u015fehir Belediyesi&#8217;nin \u00f6zellikle dezavantajl\u0131 b\u00f6lgelerde bulunan okullarda uygulad\u0131\u011f\u0131 &#8216;S\u00fct Senin Gurur Mersin&#8217;in&#8217; projesi devam ediyor. \u00c7ocuklar\u0131n da b\u00fcy\u00fck be\u011feni g\u00f6sterdi\u011fi proje kapsam\u0131nda, ara tatil sonras\u0131 ilk s\u00fct da\u011f\u0131t\u0131m\u0131 Toroslar &hellip; <a href=\"https:\/\/akdenizolaygazetesi.com\/?p=22484\" class=\"more-link\">Devam\u0131n\u0131 Oku&#8230;<\/a><\/p>\n","protected":false},"author":2,"featured_media":22485,"comment_status":"open","ping_status":"open","sticky":false,"template":"","format":"standard","meta":[],"categories":[2,3,5],"tags":[],"_links":{"self":[{"href":"https:\/\/akdenizolaygazetesi.com\/index.php?rest_route=\/wp\/v2\/posts\/22484"}],"collection":[{"href":"https:\/\/akdenizolaygazetesi.com\/index.php?rest_route=\/wp\/v2\/posts"}],"about":[{"href":"https:\/\/akdenizolaygazetesi.com\/index.php?rest_route=\/wp\/v2\/types\/post"}],"author":[{"embeddable":true,"href":"https:\/\/akdenizolaygazetesi.com\/index.php?rest_route=\/wp\/v2\/users\/2"}],"replies":[{"embeddable":true,"href":"https:\/\/akdenizolaygazetesi.com\/index.php?rest_route=%2Fwp%2Fv2%2Fcomments&post=22484"}],"version-history":[{"count":1,"href":"https:\/\/akdenizolaygazetesi.com\/index.php?rest_route=\/wp\/v2\/posts\/22484\/revisions"}],"predecessor-version":[{"id":22486,"href":"https:\/\/akdenizolaygazetesi.com\/index.php?rest_route=\/wp\/v2\/posts\/22484\/revisions\/22486"}],"wp:featuredmedia":[{"embeddable":true,"href":"https:\/\/akdenizolaygazetesi.com\/index.php?rest_route=\/wp\/v2\/media\/22485"}],"wp:attachment":[{"href":"https:\/\/akdenizolaygazetesi.com\/index.php?rest_route=%2Fwp%2Fv2%2Fmedia&parent=22484"}],"wp:term":[{"taxonomy":"category","embeddable":true,"href":"https:\/\/akdenizolaygazetesi.com\/index.php?rest_route=%2Fwp%2Fv2%2Fcategories&post=22484"},{"taxonomy":"post_tag","embeddable":true,"href":"https:\/\/akdenizolaygazetesi.com\/index.php?rest_route=%2Fwp%2Fv2%2Ftags&post=22484"}],"curies":[{"name":"wp","href":"https:\/\/api.w.org\/{rel}","templated":true}]}}