{"id":22499,"date":"2022-11-24T16:44:54","date_gmt":"2022-11-24T13:44:54","guid":{"rendered":"http:\/\/akdenizolaygazetesi.com\/?p=22499"},"modified":"2022-11-24T16:44:54","modified_gmt":"2022-11-24T13:44:54","slug":"dunyanin-en-pahali-baharati-mersin-yenisehirde-yetistiriliyor","status":"publish","type":"post","link":"https:\/\/akdenizolaygazetesi.com\/?p=22499","title":{"rendered":"D\u00fcnyan\u0131n en pahal\u0131 baharat\u0131 Mersin Yeni\u015fehir\u2019de yeti\u015ftiriliyor"},"content":{"rendered":"<p>Mersin Yeni\u015fehir Belediyesi ve Yeni\u015fehir \u0130l\u00e7e Tar\u0131m ve Orman M\u00fcd\u00fcrl\u00fc\u011f\u00fc i\u015f birli\u011fiyle ge\u00e7ti\u011fimiz y\u0131l hayata ge\u00e7irilen De\u011firmen\u00e7ay Safran Yeti\u015ftiricili\u011fi Projesi kapsam\u0131nda ekilen safran\u0131n hasad\u0131 ikinci kez yap\u0131ld\u0131. Safran hasad\u0131na kat\u0131lan Yeni\u015fehir Belediye Ba\u015fkan\u0131 Abdullah \u00d6zyi\u011fit\u201cBu y\u0131l da safran hasad\u0131m\u0131z\u0131 ger\u00e7ekle\u015ftirdik. \u00dcretirseniz vars\u0131n\u0131z, \u00fcretemezseniz bor\u00e7 bata\u011f\u0131nda bir \u00fclke haline gelirsiniz. \u00dcretmekten ba\u015fka \u00e7aremiz yok.\u201d dedi.<br \/>\nMersin Yeni\u015fehir Belediyesi alternatif \u00fcr\u00fcn yeti\u015ftirmek ve \u00fcreticiyi desteklemek i\u00e7in \u00e7al\u0131\u015fmalar\u0131n\u0131 s\u00fcrd\u00fcr\u00fcyor. Yeni\u015fehir\u2019de y\u00fcksek katma de\u011ferli \u00fcr\u00fcnler elde etmek amac\u0131yla hayata ge\u00e7irilen De\u011firmen\u00e7ay Safran Yeti\u015ftiricili\u011fi Projesi bu y\u0131l da meyvelerini verdi.Kilogram\u0131 80 bin TL\u2019yi bulan safran d\u00fcnyan\u0131n en pahal\u0131 baharat\u0131 olarak biliniyor.Ge\u00e7ti\u011fimiz y\u0131l De\u011firmen\u00e7ay Mahallesi\u2019nde ilk kez ekilen safran b\u00f6lgedeki \u00fcreticiler i\u00e7in dar alanda y\u00fcksek gelir getiren bir \u00fcr\u00fcn haline geliyor.<br \/>\nBa\u015fkan \u00d6zyi\u011fit \u201cEkilebilir alan\u0131 en iyi \u015fekilde de\u011ferlendirmemiz gerekiyor\u201d<br \/>\nSafran hasad\u0131na kat\u0131larak, \u00fcreticilerle safran bitkisi toplayan Yeni\u015fehir Belediye Ba\u015fkan\u0131 Abdullah \u00d6zyi\u011fit, \u201cYeni\u015fehir il\u00e7emizde 50 bin hektarl\u0131k ekilebilir alan var. Bunu en iyi \u015fekilde de\u011ferlendirmemiz gerekiyor. Safran bitkimizi denedik ve m\u00fchendislerimizle yapt\u0131\u011f\u0131m\u0131z \u00f6n incelemede yeti\u015ftirilebilece\u011fini d\u00fc\u015f\u00fcnd\u00fck ve oldu. \u0130kinci senemizdeyiz, safran bug\u00fcn ekonomik de\u011feri \u00e7ok y\u00fcksek olan bir \u00fcr\u00fcn. Biraz me\u015fakkatli, \u00e7ok ince bir teknikle toplan\u0131yor ama y\u0131l\u0131n geri kalan on bir ay\u0131n\u0131 da size b\u0131rakan bir bitki. So\u011fanlar her y\u0131l art\u0131yor. Bir \u00fcreticimiz bir safran so\u011fan\u0131 i\u00e7erisinde on d\u00f6rt tane so\u011fan oldu\u011funu g\u00f6rm\u00fc\u015f. \u0130\u015fte bu art\u0131\u015flarla beraber i\u015finizi b\u00fcy\u00fctebilir ve geni\u015fletebilirsiniz. En efektif ve ak\u0131lc\u0131 olan\u0131 de\u011ferlendirmemiz gerekiyor.\u201d ifadelerine yer verdi.<br \/>\n\u201c\u00dcreticinin, \u00fcretenin yan\u0131nda olaca\u011f\u0131z\u201d<br \/>\nDe\u011firmen\u00e7ay\u2019da yap\u0131m\u0131n\u0131n son a\u015famas\u0131na gelinen \u201cAr\u0131 Meras\u0131\u201d projesiyle de \u00fcreticileri destekleyeceklerini s\u00f6yleyen Mersin Yeni\u015fehir Belediye Ba\u015fkan\u0131 Abdullah \u00d6zyi\u011fit do\u011fru \u00fcretim yap\u0131labilmesi i\u00e7in ise Yeni\u015fehir Belediyesinin ziraat m\u00fchendislerinin k\u0131rsalda, g\u00f6revde olduklar\u0131n\u0131 s\u00f6yledi. Ba\u015fkan \u00d6zyi\u011fit \u201c\u00dcreticinin ve \u00fcretenin yan\u0131nda olaca\u011f\u0131z. \u0130l\u00e7emizde \u00fcretimin do\u011fru yap\u0131lmas\u0131 i\u00e7in iki ziraat m\u00fchendisimizi g\u00f6revlendirdik. Arkada\u015flar\u0131m\u0131z \u00fcreticileri ziyaret ederek, her k\u00f6ydeki vatanda\u015f\u0131m\u0131z\u0131n ne \u00fcretti\u011fine bak\u0131yor. \u00dcreticilerimize \u00fcretimin do\u011fru yap\u0131m y\u00f6ntemleri, ila\u00e7lamas\u0131 ve sulamas\u0131 gibi konularda destek oluyorlar. Biz b\u00fcy\u00fck bir aileyiz. Birbirimizi te\u015fvik ederek olanaklar\u0131m\u0131z\u0131 en \u00fcst seviyede kullanarak ve de\u011ferlendirerek \u00e7ok daha g\u00fczel i\u015fler yapabiliriz.\u201d a\u00e7\u0131klamas\u0131nda bulundu. Bu projenin T\u00fcrkiye\u2019ye \u00f6rnek olaca\u011f\u0131n\u0131n da alt\u0131n\u0131 \u00e7izen Ba\u015fkan Abdullah \u00d6zyi\u011fit eme\u011fi ge\u00e7enlere te\u015fekk\u00fcr etti.De\u011firmen\u00e7ay\u2019daki safran \u00fcreticisi Ahmet Ata ise \u201cSafran bitkimiz sadece ila\u00e7 sanayinde de\u011fil ayn\u0131 zamanda boya sanayinde ve gastronomi dedi\u011fimiz mutfak sanayinde de kullan\u0131l\u0131yor. \u015eifa oldu\u011fu kadar lezzet de veriyor. Safran\u0131n kilosu 60 bin TL ile 80 bin TL aras\u0131nda de\u011fi\u015fiyor.Alternatif bir \u00fcr\u00fcn olarak at\u0131l duran arazilerin de\u011ferlendirilmesi ve bunun yayg\u0131nla\u015ft\u0131r\u0131lmas\u0131 i\u00e7in destek veren Belediye Ba\u015fkan\u0131m\u0131z\u0131n ger\u00e7ekten \u00e7ok \u00f6nemli gayretleri oldu. \u0130nsanlar\u0131m\u0131za tavsiyeleri oldu, bayan giri\u015fimcilere \u00e7ok destek verdi.Ba\u015fkan\u0131m\u0131za ve eme\u011fi ge\u00e7enlere te\u015fekk\u00fcr ediyorum.\u201d dedi.<br \/>\nSafran hasad\u0131n\u0131n ard\u0131ndan k\u0131rsal mahalle De\u011firmen\u00e7ay\u2019da vatanda\u015flara safranl\u0131 pilav da ikram edildi. <\/p>\n","protected":false},"excerpt":{"rendered":"<p>Mersin Yeni\u015fehir Belediyesi ve Yeni\u015fehir \u0130l\u00e7e Tar\u0131m ve Orman M\u00fcd\u00fcrl\u00fc\u011f\u00fc i\u015f birli\u011fiyle ge\u00e7ti\u011fimiz y\u0131l hayata ge\u00e7irilen De\u011firmen\u00e7ay Safran Yeti\u015ftiricili\u011fi Projesi kapsam\u0131nda ekilen safran\u0131n hasad\u0131 ikinci kez yap\u0131ld\u0131. Safran hasad\u0131na kat\u0131lan &hellip; <a href=\"https:\/\/akdenizolaygazetesi.com\/?p=22499\" class=\"more-link\">Devam\u0131n\u0131 Oku&#8230;<\/a><\/p>\n","protected":false},"author":2,"featured_media":22500,"comment_status":"open","ping_status":"open","sticky":false,"template":"","format":"standard","meta":[],"categories":[3],"tags":[],"_links":{"self":[{"href":"https:\/\/akdenizolaygazetesi.com\/index.php?rest_route=\/wp\/v2\/posts\/22499"}],"collection":[{"href":"https:\/\/akdenizolaygazetesi.com\/index.php?rest_route=\/wp\/v2\/posts"}],"about":[{"href":"https:\/\/akdenizolaygazetesi.com\/index.php?rest_route=\/wp\/v2\/types\/post"}],"author":[{"embeddable":true,"href":"https:\/\/akdenizolaygazetesi.com\/index.php?rest_route=\/wp\/v2\/users\/2"}],"replies":[{"embeddable":true,"href":"https:\/\/akdenizolaygazetesi.com\/index.php?rest_route=%2Fwp%2Fv2%2Fcomments&post=22499"}],"version-history":[{"count":1,"href":"https:\/\/akdenizolaygazetesi.com\/index.php?rest_route=\/wp\/v2\/posts\/22499\/revisions"}],"predecessor-version":[{"id":22501,"href":"https:\/\/akdenizolaygazetesi.com\/index.php?rest_route=\/wp\/v2\/posts\/22499\/revisions\/22501"}],"wp:featuredmedia":[{"embeddable":true,"href":"https:\/\/akdenizolaygazetesi.com\/index.php?rest_route=\/wp\/v2\/media\/22500"}],"wp:attachment":[{"href":"https:\/\/akdenizolaygazetesi.com\/index.php?rest_route=%2Fwp%2Fv2%2Fmedia&parent=22499"}],"wp:term":[{"taxonomy":"category","embeddable":true,"href":"https:\/\/akdenizolaygazetesi.com\/index.php?rest_route=%2Fwp%2Fv2%2Fcategories&post=22499"},{"taxonomy":"post_tag","embeddable":true,"href":"https:\/\/akdenizolaygazetesi.com\/index.php?rest_route=%2Fwp%2Fv2%2Ftags&post=22499"}],"curies":[{"name":"wp","href":"https:\/\/api.w.org\/{rel}","templated":true}]}}