{"id":22502,"date":"2022-11-24T16:46:19","date_gmt":"2022-11-24T13:46:19","guid":{"rendered":"http:\/\/akdenizolaygazetesi.com\/?p=22502"},"modified":"2022-11-24T16:46:19","modified_gmt":"2022-11-24T13:46:19","slug":"buyuk-turkcu-prof-dr-turan-yazgan-vefatinin-10-yilinda-anildi","status":"publish","type":"post","link":"https:\/\/akdenizolaygazetesi.com\/?p=22502","title":{"rendered":"B\u00dcY\u00dcK T\u00dcRK\u00c7\u00dc PROF. DR. TURAN YAZGAN, VEFATININ 10. YILINDA ANILDI"},"content":{"rendered":"<p>T\u00fcrk D\u00fcnyas\u0131 Ara\u015ft\u0131rmalar\u0131 Vakf\u0131 kurucusu, \u00f6mr\u00fcn\u00fc T\u00fcrk D\u00fcnyas\u0131n\u0131n &#8220;Dilde, Fikirde, \u0130\u015fte, Birli\u011fine&#8221; adayan merhum Prof. Dr. Turan Yazgan, vefat\u0131n\u0131n 10. y\u0131l\u0131nda an\u0131ld\u0131.<\/p>\n<p>T\u00fcrk D\u00fcnyas\u0131 Ara\u015ft\u0131rmalar\u0131 Vakf\u0131 Mersin B\u00f6lge Temsilcili\u011fi taraf\u0131ndan Tarsus&#8217;ta d\u00fczenlenen anma program\u0131na; Toroslar Belediye Ba\u015fkan\u0131 Ats\u0131z Af\u015f\u0131n Y\u0131lmaz, siyasi ve sivil toplum kurulu\u015fu temsilcileri, akademisyenler, \u00f6\u011frenciler ve Yazgan&#8217;\u0131n sevenleri kat\u0131ld\u0131.<\/p>\n<p>Yazgan&#8217;\u0131 anlatan k\u0131sa film g\u00f6steriminin yer ald\u0131\u011f\u0131 programda ki\u015fili\u011finin yan\u0131 s\u0131ra T\u00fcrk D\u00fcnyas\u0131n\u0131n birli\u011fi i\u00e7in yapt\u0131\u011f\u0131 \u00e7al\u0131\u015fmalar ve e\u011fitim faaliyetleri anlat\u0131l\u0131rken, &#8220;Prof. Dr. Turan Yazgan anlay\u0131\u015f\u0131yla T\u00fcrk D\u00fcnyas\u0131n\u0131n bug\u00fcn\u00fc ve yar\u0131n\u0131nda T\u00fcrk D\u00fcnyas\u0131n\u0131n sorunlar\u0131 ve \u00e7\u00f6z\u00fcm yollar\u0131&#8221; konulu bir panel de ger\u00e7ekle\u015ftirildi.<\/p>\n<p>Eski milletvekili Cahit Tekelio\u011flu&#8217;nun moderat\u00f6rl\u00fc\u011f\u00fcn\u00fc yapt\u0131\u011f\u0131 panele; Prof. Dr. Ramazan Ta\u015fdurmaz, Dr. G\u00f6khan Tar\u0131man Ceniko\u011flu ve Prof. Dr. Mehmet \u00c7eriba\u015f konu\u015fmac\u0131 olarak kat\u0131ld\u0131.<\/p>\n<p>T\u00fcrk d\u00fcnyas\u0131ndaki fak\u00fcltelerden mezun olan \u00f6\u011frenciler panel \u00f6ncesinde s\u00f6z alarak bir\u00e7ok akademisyenin yeti\u015fmesine \u00f6nc\u00fcl\u00fck etti\u011fi i\u00e7in Prof. Dr. Turan Yazgan&#8217;a minnet duyduklar\u0131n\u0131 ifade ederek, hocalar\u0131n\u0131n eme\u011fini bo\u015fa \u00e7\u0131karmayacaklar\u0131n\u0131 s\u00f6ylediler.<\/p>\n<p>VAKIF TEMS\u0130LC\u0130S\u0130 S\u0130NDAR; &#8220;DAHA YAPACA\u011eIMIZ \u00c7OK \u0130\u015eLER VAR&#8221;<\/p>\n<p>Program\u0131n a\u00e7\u0131l\u0131\u015f konu\u015fmas\u0131n\u0131 yapan T\u00fcrk D\u00fcnyas\u0131 Ara\u015ft\u0131rmalar\u0131 Vakf\u0131 Mersin B\u00f6lge Temsilcisi Seyfettin Sindar, Prof. Dr. Turan Yazgan&#8217;\u0131n T\u00fcrk D\u00fcnyas\u0131 i\u00e7in hi\u00e7bir zaman unutulmayacak bir \u015fahsiyet oldu\u011funu belirterek; &#8220;Daha yapaca\u011f\u0131m\u0131z \u00e7ok i\u015fler var. Dilde birlik, fikirde birlik ve i\u015fte birli\u011fi ger\u00e7ekle\u015ftirip Turan \u00dclkesini kuruncaya kadar yapaca\u011f\u0131m\u0131z \u00e7al\u0131\u015fmalar bizi yormaz. Ayr\u0131ca mutluluk verir&#8221; dedi.<\/p>\n<p>VAKIF BA\u015eKANI YAZGAN; &#8220;TURAN YAZGAN HOCAMIZ \u00d6MR\u00dcN\u00dc, T\u00dcRK M\u0130LLET\u0130N\u0130N B\u0130RL\u0130\u011e\u0130 VE D\u0130RL\u0130\u011e\u0130 YOLUNDA HARCAMI\u015eTIR&#8221;<\/p>\n<p>Daha sonra s\u00f6z alan Prof. Dr. Turan Yazgan&#8217;\u0131n o\u011flu ve T\u00fcrk D\u00fcnyas\u0131 Ara\u015ft\u0131rmalar\u0131 Vakf\u0131 Genel Ba\u015fkan\u0131 K\u00f6zhan Yazgan ise b\u00f6yle anlaml\u0131 bir programda yer ald\u0131klar\u0131 i\u00e7in t\u00fcm kat\u0131l\u0131mc\u0131lara te\u015fekk\u00fcr etti.<\/p>\n<p>Vak\u0131f Ba\u015fkan\u0131 K\u00f6zhan Yazgan; &#8220;Turan Yazgan hocam\u0131z, bildi\u011finiz gibi bedenini, ruhunu, yetene\u011fini sonuna kadar T\u00fcrk Milletinin birli\u011fi, dirli\u011fi ve \u00e7a\u011fda\u015f d\u00fcnyada lay\u0131k oldu\u011fu yere gelmesi yolunda harcam\u0131\u015ft\u0131r. Bu salonda olan bir\u00e7o\u011fumuz da buna tan\u0131k olduk. Turan Yazgan hocam\u0131z, \u0130smail Gasp\u0131ral\u0131&#8217;dan y\u00fczy\u0131l sonra T\u00fcrk D\u00fcnyas\u0131n\u0131n &#8220;Dilde, fikirde, i\u015fte birlik&#8221; bayra\u011f\u0131n\u0131 yeniden g\u00f6ndere \u00e7eken ki\u015fidir. Hocam\u0131z\u0131n s\u0131k s\u0131k dedi\u011fi gibi T\u00fcrk birli\u011fi i\u00e7in y\u0131lmadan, usanmadan m\u00fccadele edece\u011fiz ve asla \u00fcmitsizli\u011fe kap\u0131lmayaca\u011f\u0131z&#8221; ifadelerini kulland\u0131.<\/p>\n<p>BA\u015eKAN YILMAZ; &#8220;PROF. DR. TURAN YAZGAN HOCAMIZ, \u00c7A\u011eIMIZIN DEDE KORKUT&#8217;UDUR&#8221;<\/p>\n<p>Toroslar Belediye Ba\u015fkan\u0131 Ats\u0131z Af\u015f\u0131n Y\u0131lmaz da T\u00fcrk d\u00fcnyas\u0131 denince akla ilk gelen isimlerden birinin Prof. Turan Yazgan oldu\u011funa dikkat \u00e7ekerek, merhum Yazgan&#8217;\u0131n T\u00fcrk Devletlerinde \u00e7ok b\u00fcy\u00fck e\u011fitim, k\u00fclt\u00fcr ve bilimsel \u00e7al\u0131\u015fmalara imza att\u0131\u011f\u0131n\u0131 s\u00f6yledi.<\/p>\n<p>Kurdu\u011fu T\u00fcrk D\u00fcnyas\u0131 Ara\u015ft\u0131rmalar\u0131 Vakf\u0131 ve yeti\u015ftirdi\u011fi binlerce \u00f6\u011frenciyle Prof. Dr. Yazgan&#8217;\u0131n isminin her zaman an\u0131laca\u011f\u0131n\u0131 belirten Ba\u015fkan Y\u0131lmaz, alfabe ve dil birli\u011fi i\u00e7in yapt\u0131\u011f\u0131 \u00e7al\u0131\u015fmalar\u0131n da \u00f6neminden bahsederek; &#8220;Babam Mehmet Nihat Y\u0131lmaz, \u0130stanbul&#8217;da \u0130ktisadi ve \u0130dari Bilimler Fak\u00fcltesi&#8217;nde okurken, Turan Yazgan hocam\u0131z\u0131n da \u00f6\u011frencisi olmu\u015ftur. Turan Yazgan Hocam\u0131z, binlerce \u00f6\u011frenciye rehberlik etmi\u015ftir. T\u00fcrk Milliyet\u00e7ili\u011fi fikir tarihinin ve fikir zincirinin en \u00f6nemli halkas\u0131 ve \u00e7a\u011f\u0131m\u0131z\u0131n Dede Korkut&#8217;udur. De\u011ferli hocam\u0131z\u0131, rahmet, minnet ve sayg\u0131yla an\u0131yorum&#8221; diye konu\u015ftu.<\/p>\n<p>Ba\u015fkan Y\u0131lmaz; &#8220;\u0130smini ta\u015f\u0131d\u0131\u011f\u0131m ve b\u00fcy\u00fck \u015feref duydu\u011fum b\u00fcy\u00fck tarih\u00e7i, fikir insan\u0131 Nihal Ats\u0131z, 1975&#8217;da u\u00e7ma\u011fa varm\u0131\u015ft\u0131r. O zamanlarda nas\u0131l bakt\u0131\u011f\u0131n\u0131, bug\u00fcnleri g\u00f6rse ne hissedece\u011fini \u00e7ok d\u00fc\u015f\u00fcn\u00fcrd\u00fcm ve halen de d\u00fc\u015f\u00fcn\u00fcr\u00fcm. T\u00fcrkistan&#8217;a gitti\u011fimde kendisinden bir par\u00e7a ta\u015f\u0131d\u0131\u011f\u0131m\u0131 hissediyorum ve o heyecan\u0131 duyuyorum. O g\u00fcnlerden bug\u00fcnlere k\u0131ymetli Turan Yazgan Hocam\u0131z, 2005 y\u0131l\u0131nda yapt\u0131\u011f\u0131 konu\u015fmas\u0131nda \u00e7ok do\u011fru ele\u015ftirilerde bulunmu\u015ftur. Azerbaycan ve Kazakistan&#8217;a,  Anadolu T\u00fcrkl\u00fc\u011f\u00fc ve Bat\u0131 T\u00fcrkl\u00fc\u011f\u00fc ad\u0131na 1989&#8217;da ayak basan ki\u015fidir.  Anadolu T\u00fcrkl\u00fc\u011f\u00fc&#8217;n\u00fcn esaretten kurtulmu\u015f karde\u015flerine ko\u015fmas\u0131, kavu\u015fmas\u0131, oraya T\u00fcrkiye&#8217;den T\u00fcrk Milleti ad\u0131na 169 ki\u015filik bir heyetle giden ilk y\u00fcz ve ilk ak\u0131ld\u0131r. Bu da tarihi bir olayd\u0131r. Bug\u00fcn, o alfabelerin artt\u0131r\u0131lmas\u0131yla ilgili yapt\u0131\u011f\u0131 ele\u015ftirilerin k\u0131smen de gideriliyor olmas\u0131, \u00e7al\u0131\u015fmalar\u0131n ilerlemesi, T\u00fcrkiye g\u00fc\u00e7lendik\u00e7e T\u00fcrkistan ile ili\u015fkilerinin de g\u00fc\u00e7lenmesi, boyut kazand\u0131r\u0131lmas\u0131, derinle\u015fmesi \u00e7ok \u00f6nemli. Merhum Turan Yazgan Hocam\u0131z, bir yan\u0131nda Gasp\u0131ral\u0131 \u0130smail, bir yan\u0131nda Nihal Ats\u0131z, biraz gerisinde Ka\u015fgarl\u0131 Mahmut, biraz daha gerisinde Dede Korkut oldu\u011fu halde tebess\u00fcmle bug\u00fcnleri ve olan geli\u015fmeleri izliyordur diye umut ediyorum. Biz de onlardan ald\u0131\u011f\u0131m\u0131z \u0131\u015f\u0131k ve g\u00fc\u00e7le \u00e7al\u0131\u015f\u0131yoruz ve \u00e7al\u0131\u015fmaya devam edece\u011fiz in\u015fallah. Bu \u00e7er\u00e7evede Vak\u0131f Ba\u015fkan\u0131 Say\u0131n K\u00f6zhan Yazgan&#8217;a, k\u0131ymetli Seyfettin Sindar Hocama ve eme\u011fi ge\u00e7en de\u011ferli arkada\u015flar\u0131ma, burada bu birlikteli\u011fi payla\u015fan herkese te\u015fekk\u00fcr ediyorum&#8221; \u015feklinde konu\u015ftu.<\/p>\n<p>Konu\u015fmalar\u0131n ard\u0131ndan panele ge\u00e7ildi. &#8220;Prof. Dr. Turan Yazgan anlay\u0131\u015f\u0131yla T\u00fcrk D\u00fcnyas\u0131n\u0131n bug\u00fcn\u00fc ve yar\u0131n\u0131nda T\u00fcrk D\u00fcnyas\u0131n\u0131n sorunlar\u0131 ve \u00e7\u00f6z\u00fcm yollar\u0131&#8221; konulu panel, akademisyenler taraf\u0131ndan sinevizyon e\u015fli\u011finde ger\u00e7ekle\u015ftirildi.<\/p>\n<p>Toroslar Belediye Ba\u015fkan\u0131 Ats\u0131z Af\u015f\u0131n Y\u0131lmaz, program\u0131n sonunda T\u00fcrk D\u00fcnyas\u0131 Ara\u015ft\u0131rmalar\u0131 Vakf\u0131 Genel Ba\u015fkan\u0131 K\u00f6zhan Yazgan, Mersin B\u00f6lge Temsilcisi Seyfettin Sindar ile programa katk\u0131 sunan akademisyenler Prof. Dr. Ramazan Ta\u015fdurmaz, Dr. G\u00f6khan Tar\u0131man Ceniko\u011flu ve Prof. Dr. Mehmet \u00c7eriba\u015f ile eski milletvekili Cahit Tekelio\u011flu&#8217;na T\u00fcrk dili, k\u00fclt\u00fcr\u00fc ve tarihinin en de\u011ferli an\u0131tlar\u0131ndan olan Orhun Yaz\u0131tlar\u0131&#8217;n\u0131n minyat\u00fcr \u00f6rne\u011fini hediye ederek te\u015fekk\u00fcr etti.<\/p>\n","protected":false},"excerpt":{"rendered":"<p>T\u00fcrk D\u00fcnyas\u0131 Ara\u015ft\u0131rmalar\u0131 Vakf\u0131 kurucusu, \u00f6mr\u00fcn\u00fc T\u00fcrk D\u00fcnyas\u0131n\u0131n &#8220;Dilde, Fikirde, \u0130\u015fte, Birli\u011fine&#8221; adayan merhum Prof. Dr. Turan Yazgan, vefat\u0131n\u0131n 10. y\u0131l\u0131nda an\u0131ld\u0131. T\u00fcrk D\u00fcnyas\u0131 Ara\u015ft\u0131rmalar\u0131 Vakf\u0131 Mersin B\u00f6lge Temsilcili\u011fi taraf\u0131ndan &hellip; <a href=\"https:\/\/akdenizolaygazetesi.com\/?p=22502\" class=\"more-link\">Devam\u0131n\u0131 Oku&#8230;<\/a><\/p>\n","protected":false},"author":2,"featured_media":22503,"comment_status":"open","ping_status":"open","sticky":false,"template":"","format":"standard","meta":[],"categories":[3],"tags":[],"_links":{"self":[{"href":"https:\/\/akdenizolaygazetesi.com\/index.php?rest_route=\/wp\/v2\/posts\/22502"}],"collection":[{"href":"https:\/\/akdenizolaygazetesi.com\/index.php?rest_route=\/wp\/v2\/posts"}],"about":[{"href":"https:\/\/akdenizolaygazetesi.com\/index.php?rest_route=\/wp\/v2\/types\/post"}],"author":[{"embeddable":true,"href":"https:\/\/akdenizolaygazetesi.com\/index.php?rest_route=\/wp\/v2\/users\/2"}],"replies":[{"embeddable":true,"href":"https:\/\/akdenizolaygazetesi.com\/index.php?rest_route=%2Fwp%2Fv2%2Fcomments&post=22502"}],"version-history":[{"count":1,"href":"https:\/\/akdenizolaygazetesi.com\/index.php?rest_route=\/wp\/v2\/posts\/22502\/revisions"}],"predecessor-version":[{"id":22504,"href":"https:\/\/akdenizolaygazetesi.com\/index.php?rest_route=\/wp\/v2\/posts\/22502\/revisions\/22504"}],"wp:featuredmedia":[{"embeddable":true,"href":"https:\/\/akdenizolaygazetesi.com\/index.php?rest_route=\/wp\/v2\/media\/22503"}],"wp:attachment":[{"href":"https:\/\/akdenizolaygazetesi.com\/index.php?rest_route=%2Fwp%2Fv2%2Fmedia&parent=22502"}],"wp:term":[{"taxonomy":"category","embeddable":true,"href":"https:\/\/akdenizolaygazetesi.com\/index.php?rest_route=%2Fwp%2Fv2%2Fcategories&post=22502"},{"taxonomy":"post_tag","embeddable":true,"href":"https:\/\/akdenizolaygazetesi.com\/index.php?rest_route=%2Fwp%2Fv2%2Ftags&post=22502"}],"curies":[{"name":"wp","href":"https:\/\/api.w.org\/{rel}","templated":true}]}}