{"id":22505,"date":"2022-11-24T16:48:10","date_gmt":"2022-11-24T13:48:10","guid":{"rendered":"http:\/\/akdenizolaygazetesi.com\/?p=22505"},"modified":"2022-11-24T16:48:10","modified_gmt":"2022-11-24T13:48:10","slug":"harcadigim-para-halkin-parasi-kimseye-ulufe-dagitmiyoruz","status":"publish","type":"post","link":"https:\/\/akdenizolaygazetesi.com\/?p=22505","title":{"rendered":"&#8220;HARCADI\u011eIM PARA HALKIN PARASI. K\u0130MSEYE ULUFE DA\u011eITMIYORUZ&#8221;"},"content":{"rendered":"<p>Mersin B\u00fcy\u00fck\u015fehir Belediye Ba\u015fkan\u0131 Vahap Se\u00e7er, Halk TV&#8217;de Gazeteci \u0130smail K\u00fc\u00e7\u00fckkaya&#8217;n\u0131n haz\u0131rlay\u0131p sundu\u011fu &#8216;Yeni Bir Sabah&#8217; program\u0131n\u0131n canl\u0131 yay\u0131n konu\u011fu oldu. Ba\u015fkan Se\u00e7er g\u00fcndeme ili\u015fkin de\u011ferlendirmelerde bulunurken, Mersin B\u00fcy\u00fck\u015fehir Belediyesi&#8217;nin hizmetlerini de Halk TV ekranlar\u0131nda anlatt\u0131.<br \/>\nT\u00fcm \u00f6\u011fretmenlerin ve \u00f6\u011fretmen adaylar\u0131n\u0131n; meslek yasas\u0131, kariyer s\u0131nav\u0131, atanamama gibi ya\u015fad\u0131klar\u0131 onca s\u0131k\u0131nt\u0131ya ra\u011fmen \u00d6\u011fretmenler G\u00fcn\u00fc&#8217;n\u00fc kutlayarak programa ba\u015flayan Se\u00e7er, bu sorunlar\u0131n ve s\u0131k\u0131nt\u0131lar\u0131n bir iktidar de\u011fi\u015fikli\u011finde \u00e7\u00f6z\u00fclece\u011fi mesaj\u0131n\u0131 da verdi.<br \/>\nSe\u00e7er, e\u011fitim alan\u0131ndaki hizmetleri anlatt\u0131<br \/>\nB\u00fcy\u00fck\u015fehir Belediyesi&#8217;nin e\u011fitime verdi\u011fi \u00f6nemden ve bu alanda ger\u00e7ekle\u015ftirdi\u011fi hizmetlerden s\u00f6z eden Se\u00e7er, e\u011fitimde dezavantajl\u0131 ailelerin \u00e7ocuklar\u0131na f\u0131rsat e\u015fitli\u011fi sa\u011flamak i\u00e7in kurs merkezleri a\u00e7t\u0131klar\u0131n\u0131 belirtti. Kent genelindeki bu kurs merkezlerinde YKS ve LGS&#8217;ye haz\u0131rlanan yakla\u015f\u0131k 6 bin 400 \u00f6\u011frenciye e\u011fitim verdiklerini kaydeden Se\u00e7er, &#8220;Kent genelindeki 17 kurs merkezimizde, 380&#8217;e yak\u0131n farkl\u0131 bran\u015fta \u00f6\u011fretmenimiz g\u00f6rev yap\u0131yor. Kurs merkezlerimiz sadece merkezde de\u011fil, \u00f6zellikle dezavantajl\u0131 b\u00f6lgelerde, hatta mahallelerde var&#8221; dedi.<br \/>\nKurs merkezlerinde e\u011fitim g\u00f6ren \u00f6\u011frencilere her sabah \u00e7orba ve \u00f6\u011fle vakti yemek ikram\u0131nda da bulunduklar\u0131n\u0131 ifade eden Se\u00e7er, &#8220;Ayr\u0131ca 2019 y\u0131l\u0131ndan bu yana kent genelinde 1,5 milyon paket s\u00fct da\u011f\u0131t\u0131m\u0131 ger\u00e7ekle\u015ftirdik. Bu y\u0131l da yeni bir uygulama ba\u015flatt\u0131k. \u00c7ocuklar\u0131m\u0131za k\u00fc\u00e7\u00fck paketlerde kuru yemi\u015f de da\u011f\u0131taca\u011f\u0131z&#8221; diye belirtti.<br \/>\nMersin&#8217;deki 2 Devlet \u00dcniversitesi&#8217;nin giri\u015f kap\u0131lar\u0131nda da olmak \u00fczere, kent genelinde 37 noktada 3 \u00e7e\u015fit yeme\u011fi 3,5 liradan sunduklar\u0131n\u0131 vurgulayan Se\u00e7er, &#8220;Ayr\u0131ca 60 noktada her sabah \u00fccretsiz \u00e7orba da\u011f\u0131t\u0131yoruz. \u00dcniversite \u00f6\u011frencilerimiz i\u00e7in hayata ge\u00e7irdi\u011fimiz \u00c7ama\u015f\u0131r Kafeler&#8217;de de \u00e7orba, kahve ve \u00e7ay, \u00fccretsiz olarak gen\u00e7lerimize ikram ediliyor&#8221; dedi.<br \/>\n&#8220;Bu i\u015fler Marina diye ba\u015flar, zamanla AVM&#8217;ye d\u00f6ner&#8221;<br \/>\nAkdeniz Belediyesi taraf\u0131ndan Bal\u0131k\u00e7\u0131 Bar\u0131na\u011f\u0131&#8217;na yap\u0131lmak istenen projeye neden kar\u015f\u0131 oldu\u011funu da a\u00e7\u0131klayan Se\u00e7er, &#8220;Su Sporlar\u0131 Merkezi projesi olarak ortaya \u00e7\u0131kan bu projeyi inceledi\u011fimizde, bu projeye Atat\u00fcrk Park\u0131&#8217;ndan 18 bin metrekare alan dahil ediliyor ve asl\u0131nda bir Marina yap\u0131l\u0131yor. Biz Marina&#8217;ya da, Su Sporlar\u0131 Merkezi&#8217;ne de kar\u015f\u0131 de\u011filiz. Ama bu t\u00fcr projeksiyonlar Marina diye ba\u015flar, i\u015f AVM&#8217;ye d\u00f6ner. \u015eimdi Mersin&#8217;deki mevcut Marina AVM de ayn\u0131 ko\u015fullarda ba\u015flam\u0131\u015ft\u0131&#8221; dedi.<br \/>\n&#8220;Mersin g\u00f6nl\u00fc bol, demokrasi kentidir&#8221;<br \/>\n\u0130smail K\u00fc\u00e7\u00fckkaya&#8217;n\u0131n, 18 Aral\u0131k&#8217;ta MHP Genel Ba\u015fkan\u0131 Devlet Bah\u00e7eli&#8217;nin miting i\u00e7in Mersin&#8217;e gelece\u011fini belirterek, bu konuda ne d\u00fc\u015f\u00fcnd\u00fc\u011f\u00fcn\u00fc sormas\u0131 \u00fczerine Ba\u015fkan Se\u00e7er, &#8220;Onur duyar\u0131z. T\u00fcrkiye&#8217;nin \u00f6nemli bir siyasi partisinin genel ba\u015fkan\u0131 geliyor. Demek ki Mersin cazibe yeri. Kom\u015fu illerimizden, her yerden insanlar gelecek. Bizim de \u00fczerimize d\u00fc\u015fen bir \u015fey varsa haz\u0131r\u0131z, gelsinler. Mersin g\u00f6nl\u00fc bol, demokrasi kentidir, Atat\u00fcrk kentidir.  Oy veren ve vermeyen herkesi kucakl\u0131yoruz. Ben y\u00fczde 45 oy ald\u0131m, ama hi\u00e7bir vatanda\u015f\u0131m diyemez ki Vahap Se\u00e7er ayr\u0131mc\u0131l\u0131k yap\u0131yor&#8221; diye cevap verdi.<br \/>\n&#8220;Her konuda oldu\u011fu gibi metro konusunda da adalet istiyoruz&#8221;<br \/>\nMersin&#8217;de metro projesini \u00e7ok \u00f6nemsedi\u011fini ve Mersin&#8217;in bu projeyi hak etti\u011fini vurgulayan Se\u00e7er, metro in\u015faat\u0131n\u0131 3 Ocak&#8217;ta ba\u015flatt\u0131klar\u0131n\u0131, bor\u00e7lanma yetkisi ald\u0131klar\u0131n\u0131 ve sadece adalet istediklerini belirterek, &#8220;B\u00fct\u00fcn gerekli i\u015flemleri tamamlamam\u0131za ra\u011fmen evraklar\u0131m\u0131z Hazine&#8217;de tak\u0131ld\u0131, imzalanmad\u0131 hen\u00fcz. Bu imza olmazsa finansman kullanam\u0131yorsunuz, finansman kullanamazsan\u0131z in\u015faat\u0131 h\u0131zla s\u00fcrd\u00fcremiyorsunuz. \u015eu ana kadar kendi imkanlar\u0131m\u0131zla in\u015faat\u0131 devam ettiriyoruz, ama \u00f6n\u00fcm\u00fcz\u00fcn a\u00e7\u0131lmas\u0131 laz\u0131m. O imza bizim i\u00e7in \u00f6nemli, fakat bir y\u0131l\u0131 a\u015fk\u0131n bir s\u00fcredir imzada bekliyor bizim evraklar. Ama metroyu ne olursa olsun yapaca\u011f\u0131z, \u00e7\u00fcnk\u00fc Mersin Belediyesi \u00e7ok g\u00fc\u00e7l\u00fc bir belediye&#8221; diye konu\u015ftu.<br \/>\n&#8220;Halk\u0131n paras\u0131n\u0131 harc\u0131yorum, kimseye ulufe da\u011f\u0131tm\u0131yorum&#8221;<br \/>\nBelediye&#8217;de mali disiplini sa\u011flad\u0131klar\u0131n\u0131 ve kurumu g\u00fc\u00e7l\u00fc bir mali yap\u0131ya kavu\u015fturduklar\u0131n\u0131n da alt\u0131n\u0131 \u00e7izen Se\u00e7er, &#8220;Biz y\u00f6netime geldi\u011fimizde ba\u011fl\u0131 kurulu\u015flarla beraber borcumuzun b\u00fct\u00e7emize oran\u0131 1&#8217;e 1&#8217;di. Yani 100 lira bor\u00e7 vard\u0131, 100 lira da b\u00fct\u00e7emiz vard\u0131. \u015eu anda b\u00fct\u00e7emiz yine 100 lira, ama borcumuz 20 lira. Bir kurumun elbette borcu olacak, ama bunun bir mant\u0131k silsilesinde ve rasyonel olmas\u0131 laz\u0131m. Biz bunu ger\u00e7ekle\u015ftirdik&#8221; ifadelerini kulland\u0131.<br \/>\nT\u00fcrkiye&#8217;yi s\u0131k\u0131nt\u0131ya sokan \u00f6nemli konular\u0131n ba\u015f\u0131nda yolsuzluklar ve israf\u0131n geldi\u011finin alt\u0131n\u0131 \u00e7izen Se\u00e7er, &#8220;T\u00fcrkiye&#8217;nin kaynaklar\u0131n\u0131 gereksiz yat\u0131r\u0131mlara harcamamak gerekir. Benim harcad\u0131\u011f\u0131m para halk\u0131n paras\u0131. Biz kimseye ulufe da\u011f\u0131tm\u0131yoruz, kimseye kesemizden para vermiyoruz. Halk\u0131n bize vergi yoluyla sa\u011flad\u0131\u011f\u0131 kaynaklarla yol yap\u0131yoruz, i\u00e7me suyu \u015febekesini d\u00f6\u015f\u00fcyoruz, e\u011fitime destek veriyoruz veya \u00e7orba da\u011f\u0131t\u0131yoruz. Mersin B\u00fcy\u00fck\u015fehir Belediyesi bu anlamda iyi y\u00f6netiliyor&#8221; dedi.<br \/>\n&#8220;Hukuk var, yasa var, nizam var, mahkeme var. Her \u015fey orada g\u00f6r\u00fcl\u00fcr&#8221;<br \/>\nBelediye&#8217;ye al\u0131nacak olan personeller i\u00e7in belli kurallar\u0131n oldu\u011funu ve bu kurallar\u0131 devletin koydu\u011funu kaydeden Se\u00e7er, personel al\u0131m\u0131nda adli sicil ile g\u00fcvenlik ve ar\u015fiv soru\u015fturmalar\u0131n\u0131n esas oldu\u011funu ve bu incelemeyi de Adalet Bakanl\u0131\u011f\u0131 ile \u0130\u00e7i\u015fleri Bakanl\u0131\u011f\u0131&#8217;n\u0131n yapt\u0131\u011f\u0131n\u0131 vurgulad\u0131. Bu iki bakanl\u0131\u011f\u0131n yapt\u0131\u011f\u0131 incelemeler neticesinde, e\u011fer uygunsa personel al\u0131m\u0131 yapt\u0131klar\u0131n\u0131 ifade eden Se\u00e7er, &#8220;Herkes zannediyor ki Belediye Ba\u015fkan\u0131 istedi\u011fi ki\u015fiyi al\u0131r, belediyede \u00e7al\u0131\u015ft\u0131rabilir. Yok \u00f6yle bir \u015fey. Siyasetin g\u00fcc\u00fcn\u00fc kullanarak, kamu \u00e7al\u0131\u015fanlar\u0131n\u0131 ya da kurumlar\u0131n\u0131 bir asa gibi kullanarak, bir di\u011fer kamu kurumuna tuzak kurulmas\u0131n\u0131 kabul edemeyiz. Dediler ki &#8216;Mersin Belediyesi&#8217;nde ter\u00f6rle iltisakl\u0131 ki\u015filer \u00e7al\u0131\u015f\u0131yor.&#8217; Yazd\u0131k savc\u0131l\u0131\u011fa ve ilgili kurumlara. &#8216;Verin \u015fu listeyi bize kimmi\u015f bunlar?&#8217; \u015eu g\u00fcne kadar ses yok. Hepimiz kamu ad\u0131na hizmet yap\u0131yoruz. Her iki ki\u015fiden birinin oyunu alm\u0131\u015f belediye ba\u015fkanlar\u0131n\u0131; hi\u00e7 kimse bu kadar rahat itham alt\u0131na alamaz, iftira atamaz, halk\u0131n \u00f6n\u00fcne tart\u0131\u015fma konusu edemez. Hukuk devleti, yasa var, nizam var, kanun var, savc\u0131 var, mahkeme var. Her \u015fey orada g\u00f6r\u00fcl\u00fcr&#8221; diye konu\u015ftu.<br \/>\n&#8220;Elbette Cumhurba\u015fkan\u0131 aday\u0131 olarak, Say\u0131n K\u0131l\u0131\u00e7daro\u011flu&#8217;nu g\u00f6rmek isterim&#8221;<br \/>\nCHP lideri Kemal K\u0131l\u0131\u00e7daro\u011flu&#8217;nun, Millet \u0130ttifak\u0131&#8217;n\u0131n olas\u0131 Cumhurba\u015fkan\u0131 aday\u0131 olmas\u0131 ile ilgili d\u00fc\u015f\u00fcncesini a\u00e7\u0131klayan Se\u00e7er, &#8220;Elbette ki \u015fu anda biz ana muhalefet partisiyiz ve bizim bir liderimiz var. Onun ba\u015fkanl\u0131\u011f\u0131nda yetkili kurullar\u0131m\u0131z var. Onlar\u0131n alaca\u011f\u0131 karar bizim ba\u015f\u0131m\u0131z\u0131n tac\u0131d\u0131r. Biz \u00f6yle niyet okuyup, analizler yapmak, tahliller yapmak yetkisine sahip de\u011filiz&#8221; diye konu\u015ftu.<br \/>\n31 Mart se\u00e7imlerinde CHP&#8217;nin 5 yeni B\u00fcy\u00fck\u015fehir Belediyesi&#8217;ni, toplamda da 11 B\u00fcy\u00fck\u015fehir Belediyesi&#8217;ni kazanmas\u0131n\u0131n ve bu belediyelerin \u00fclke n\u00fcfusunun y\u00fczde 45&#8217;ni y\u00f6netmesinin mimar\u0131n\u0131n CHP lideri Kemal K\u0131l\u0131\u00e7daro\u011flu oldu\u011funu hat\u0131rlatan Se\u00e7er, &#8220;Tabi ki bir CHP&#8217;li olarak ben Cumhurba\u015fkan\u0131 aday\u0131 olarak, Say\u0131n K\u0131l\u0131\u00e7daro\u011flu&#8217;nu g\u00f6rmek isterim&#8221; dedi.<br \/>\n&#8220;6&#8217;l\u0131 masan\u0131n kesinlikle sa\u011flam kalmas\u0131 gerekir&#8221;<br \/>\n6&#8217;l\u0131 masan\u0131n sa\u011flam kalmas\u0131 gerekti\u011fine de dikkat \u00e7eken Se\u00e7er, bu durumun matematiksel olarak da, mant\u0131ksal olarak da, motivasyon ve moral de\u011ferleri olarak da b\u00f6yle olmas\u0131 gerekti\u011fini kaydetti. Se\u00e7er, &#8220;6&#8217;l\u0131 masada muhafazakar, milli g\u00f6r\u00fc\u015f, sosyal demokrat, sol g\u00f6r\u00fc\u015fler var. Bunlar ayr\u0131, ama temel ilkeler var. T\u00fcrkiye&#8217;nin temel sorunlar\u0131 var. \u0130vedi olarak bunlar nas\u0131l \u00e7\u00f6z\u00fclecek, halka g\u00fcven vermek laz\u0131m. \u0130stikrarl\u0131 bir g\u00f6r\u00fcnt\u00fc \u00e7izmek laz\u0131m. Bir arada g\u00fc\u00e7l\u00fc bir \u015fekilde duruldu\u011funu halka g\u00f6stermek laz\u0131m, gerisi gelecektir&#8221; ifadelerini kulland\u0131.<\/p>\n","protected":false},"excerpt":{"rendered":"<p>Mersin B\u00fcy\u00fck\u015fehir Belediye Ba\u015fkan\u0131 Vahap Se\u00e7er, Halk TV&#8217;de Gazeteci \u0130smail K\u00fc\u00e7\u00fckkaya&#8217;n\u0131n haz\u0131rlay\u0131p sundu\u011fu &#8216;Yeni Bir Sabah&#8217; program\u0131n\u0131n canl\u0131 yay\u0131n konu\u011fu oldu. Ba\u015fkan Se\u00e7er g\u00fcndeme ili\u015fkin de\u011ferlendirmelerde bulunurken, Mersin B\u00fcy\u00fck\u015fehir Belediyesi&#8217;nin &hellip; <a href=\"https:\/\/akdenizolaygazetesi.com\/?p=22505\" class=\"more-link\">Devam\u0131n\u0131 Oku&#8230;<\/a><\/p>\n","protected":false},"author":2,"featured_media":22506,"comment_status":"open","ping_status":"open","sticky":false,"template":"","format":"standard","meta":[],"categories":[8,1,2,3,6,11],"tags":[],"_links":{"self":[{"href":"https:\/\/akdenizolaygazetesi.com\/index.php?rest_route=\/wp\/v2\/posts\/22505"}],"collection":[{"href":"https:\/\/akdenizolaygazetesi.com\/index.php?rest_route=\/wp\/v2\/posts"}],"about":[{"href":"https:\/\/akdenizolaygazetesi.com\/index.php?rest_route=\/wp\/v2\/types\/post"}],"author":[{"embeddable":true,"href":"https:\/\/akdenizolaygazetesi.com\/index.php?rest_route=\/wp\/v2\/users\/2"}],"replies":[{"embeddable":true,"href":"https:\/\/akdenizolaygazetesi.com\/index.php?rest_route=%2Fwp%2Fv2%2Fcomments&post=22505"}],"version-history":[{"count":1,"href":"https:\/\/akdenizolaygazetesi.com\/index.php?rest_route=\/wp\/v2\/posts\/22505\/revisions"}],"predecessor-version":[{"id":22507,"href":"https:\/\/akdenizolaygazetesi.com\/index.php?rest_route=\/wp\/v2\/posts\/22505\/revisions\/22507"}],"wp:featuredmedia":[{"embeddable":true,"href":"https:\/\/akdenizolaygazetesi.com\/index.php?rest_route=\/wp\/v2\/media\/22506"}],"wp:attachment":[{"href":"https:\/\/akdenizolaygazetesi.com\/index.php?rest_route=%2Fwp%2Fv2%2Fmedia&parent=22505"}],"wp:term":[{"taxonomy":"category","embeddable":true,"href":"https:\/\/akdenizolaygazetesi.com\/index.php?rest_route=%2Fwp%2Fv2%2Fcategories&post=22505"},{"taxonomy":"post_tag","embeddable":true,"href":"https:\/\/akdenizolaygazetesi.com\/index.php?rest_route=%2Fwp%2Fv2%2Ftags&post=22505"}],"curies":[{"name":"wp","href":"https:\/\/api.w.org\/{rel}","templated":true}]}}