{"id":22523,"date":"2022-11-25T16:26:25","date_gmt":"2022-11-25T13:26:25","guid":{"rendered":"http:\/\/akdenizolaygazetesi.com\/?p=22523"},"modified":"2022-11-25T16:26:25","modified_gmt":"2022-11-25T13:26:25","slug":"baskan-yilmazdan-ogretmenlere-ozel-kutlama","status":"publish","type":"post","link":"https:\/\/akdenizolaygazetesi.com\/?p=22523","title":{"rendered":"BA\u015eKAN YILMAZ&#8217;DAN \u00d6\u011eRETMENLERE \u00d6ZEL KUTLAMA"},"content":{"rendered":"<p>E\u011fitimcilerin Onuruna D\u00fczenledi\u011fi Yemekte En Gen\u00e7 ve En Tecr\u00fcbeli \u00d6\u011fretmene Plaket Takdim Eden Ba\u015fkan Y\u0131lmaz, T\u00fcm \u00d6\u011fretmenlerin \u00d6\u011fretmenler G\u00fcn\u00fc&#8217;n\u00fc Kutlad\u0131.<\/p>\n<p>Toroslar Belediye Ba\u015fkan\u0131 Ats\u0131z Af\u015f\u0131n Y\u0131lmaz, 24 Kas\u0131m \u00d6\u011fretmenler G\u00fcn\u00fc dolay\u0131s\u0131yla il\u00e7ede g\u00f6rev yapan \u00f6\u011fretmenleri ak\u015fam yeme\u011finde bulu\u015fturdu.<\/p>\n<p>E\u011fitim ve \u00f6\u011fretime her zaman desteklerini sunan Ba\u015fkan Y\u0131lmaz&#8217;a, programda \u00f6\u011fretmen e\u015fi Meltem Y\u0131lmaz da e\u015flik etti.<\/p>\n<p>\u00d6\u011fretmenlerin birlik ve beraberlik i\u00e7erisinde doyas\u0131ya e\u011flendi\u011fi geceye; Toroslar Kaymakam\u0131 \u0130brahim \u00c7enet, Mersin \u0130l Milli E\u011fitim M\u00fcd\u00fcr\u00fc Adem Koca, Mersin \u00dclk\u00fc Ocaklar\u0131 Ba\u015fkan\u0131 Yavuz Akg\u00fcl, Toroslar \u0130l\u00e7e Milli E\u011fitim M\u00fcd\u00fcr\u00fc O\u011fuzhan T\u00fcl\u00fcc\u00fc, T\u00fcrkiye Kamu-Sen Mersin \u0130l Ba\u015fkan\u0131 ve T\u00fcrk E\u011fitim-Sen Mersin \u015eube Ba\u015fkan\u0131 Metin Ercan, Toroslar KA\u00c7EP Ba\u015fkan\u0131 Nil\u00fcfer Temiz, AK Parti Toroslar Kad\u0131n Kollar\u0131 Ba\u015fkan\u0131 Nalan Erden, okul m\u00fcd\u00fcrleri, \u00f6\u011fretmenler ve e\u015fleri kat\u0131ld\u0131.<\/p>\n<p>&#8220;\u00dcLKEM\u0130Z\u0130N GELECE\u011e\u0130N\u0130 \u015eEK\u0130LLEND\u0130R\u0130YORSUNUZ&#8221;<\/p>\n<p>\u00d6\u011fretmenlerle tek tek sohbet eden Toroslar Belediye Ba\u015fkan\u0131 Ats\u0131z Af\u015f\u0131n Y\u0131lmaz, \u00f6\u011fretmenlik mesle\u011finin \u00f6nemine vurgu yaparak bu k\u0131ymetli mesle\u011fin bir par\u00e7as\u0131 olan t\u00fcm \u00f6\u011fretmenleri tebrik etti<\/p>\n<p>Ba\u015fkan Y\u0131lmaz, 24 Kas\u0131m tarihini hi\u00e7bir zaman unutmad\u0131klar\u0131n\u0131 ve takvimlerinde her zaman i\u015faretli oldu\u011funu dile getirerek; &#8220;Siz de\u011ferli \u00f6\u011fretmenlerimiz, gelece\u011fimizi tasarl\u0131yorsunuz. Sizin performans\u0131n\u0131z, gelece\u011fimizin ne kadar g\u00fczel olaca\u011f\u0131n\u0131 ve gelecek nesillerin ne kadar g\u00fc\u00e7l\u00fc olaca\u011f\u0131n\u0131 belirliyor. Bu a\u00e7\u0131dan da son derece \u00f6nemli bir meslek icra ediyorsunuz&#8221; dedi.<\/p>\n<p>&#8220;\u00d6\u011fretmen \u00e7ocu\u011fu, \u00f6\u011fretmen e\u015fi, iki \u00e7ocu\u011fu e\u011fitim g\u00f6ren bir veli, Toroslar Belediye Ba\u015fkan\u0131 ve bir vatanda\u015f olarak \u00d6\u011fretmenler G\u00fcn\u00fcn\u00fcz\u00fc kutluyorum&#8221; diyen Ba\u015fkan Y\u0131lmaz; &#8220;Sizleri seviyor ve sayg\u0131 duyuyoruz. Bizim \u00f6\u011fretmenlerimiz oldu\u011funuz i\u00e7in, \u00e7ocuklar\u0131m\u0131z\u0131 e\u011fitti\u011finiz ve gelece\u011fimizi \u015fekillendirdi\u011finiz i\u00e7in sizlere \u015f\u00fckranlar\u0131m\u0131 sunuyorum. \u00d6\u011fretmenlerimiz mutlu olursa \u00e7ocuklar\u0131m\u0131z\u0131n daha iyi e\u011fitim alaca\u011f\u0131n\u0131 d\u00fc\u015f\u00fcn\u00fcyorum. E\u011fitimin \u00f6nemi ve e\u011fitimden ald\u0131\u011f\u0131m\u0131z sonu\u00e7lar ortaya \u00e7\u0131kt\u0131k\u00e7a \u00f6zl\u00fck haklar\u0131n\u0131zla ilgili durum da daha iyi olacakt\u0131r. Hep beraber Toroslar\u0131m\u0131za, Mersinimize, \u00fclkemize ve devletimize hizmet etmeye devam edece\u011fiz in\u015fallah&#8221; diye konu\u015ftu.<\/p>\n<p>&#8220;E\u011e\u0130T\u0130M VE \u00d6\u011eRET\u0130M FAAL\u0130YETLER\u0130NDE \u00d6RNEK G\u00d6STER\u0130LEN B\u0130R KENT\u0130Z&#8221;<\/p>\n<p>Daha sonra s\u00f6z alan Mersin \u0130l Milli E\u011fitim M\u00fcd\u00fcr\u00fc Adem Koca ise Mersin olarak e\u011fitim ve \u00f6\u011fretim faaliyetlerinde T\u00fcrkiye genelinde \u00e7ok \u00f6zel ve g\u00fczel bir durumda olduklar\u0131n\u0131 belirterek, e\u011fitim ve \u00f6\u011fretime sundu\u011fu desteklerinden dolay\u0131 Ba\u015fkan Y\u0131lmaz&#8217;a te\u015fekk\u00fcr etti.<\/p>\n<p>\u0130l Milli E\u011fitim M\u00fcd\u00fcr\u00fc Koca; &#8220;\u00d6rnek g\u00f6sterilen ve model al\u0131nan bir iliz. Bu eme\u011fi bizlerle veren, yavrular\u0131m\u0131z\u0131 hayata haz\u0131rlayan ve bizlerle mesai payla\u015fan b\u00fct\u00fcn meslekta\u015flar\u0131m\u0131za \u00e7ok te\u015fekk\u00fcr ediyorum. Bu g\u00fczel Mersin ak\u015fam\u0131nda bizleri bir araya getirdi\u011fi i\u00e7in Ats\u0131z Af\u015f\u0131n Y\u0131lmaz Ba\u015fkan\u0131m\u0131za da \u00e7ok te\u015fekk\u00fcr ediyorum. Ba\u015fkan\u0131m\u0131z, e\u011fitim ve \u00f6\u011fretim faaliyetlerinde her zaman yan\u0131m\u0131zda, yapt\u0131\u011f\u0131m\u0131z projelerimizde deste\u011fini her zaman hissediyoruz. E\u011fitim camiam\u0131z ad\u0131na kendisine \u015f\u00fckranlar\u0131m\u0131z\u0131 sunuyoruz&#8221; ifadelerini kulland\u0131.<\/p>\n<p>&#8220;TOROSLAR&#8217;DA B\u00dcY\u00dcK B\u0130R E\u011e\u0130T\u0130M ORDUSU G\u00d6REV YAPIYOR&#8221;<\/p>\n<p>Toroslar Kaymakam\u0131 \u0130brahim \u00c7enet de konu\u015fmas\u0131nda Mersin&#8217;in \u00e7ok b\u00fcy\u00fck bir \u00f6\u011frenci ve \u00f6\u011fretmen kenti oldu\u011funa dikkat \u00e7ekti.<\/p>\n<p>&#8220;Toroslar olarak 74 bin 149 \u00f6\u011frencisiyle, 135 okuluyla ve yakla\u015f\u0131k 5 bin \u00f6\u011fretmeniyle b\u00fcy\u00fck bir e\u011fitim ordusuyuz&#8221; diyen Kaymakam \u00c7enet; &#8220;Belediye Ba\u015fkan\u0131m\u0131z Say\u0131n Ats\u0131z Af\u015f\u0131n Y\u0131lmaz, e\u011fitime g\u00f6n\u00fclden destek veren bir arkada\u015f\u0131m\u0131z. En son Nihal Erdem Mesleki ve Teknik Anadolu Lisesi&#8217;nde g\u00fczel bir k\u00fct\u00fcphaneye hep birlikte imza att\u0131k. \u0130n\u015fallah \u00f6n\u00fcm\u00fczdeki g\u00fcnlerde a\u00e7\u0131l\u0131\u015f\u0131n\u0131 yapaca\u011f\u0131z. Bu yard\u0131mla\u015fma, dayan\u0131\u015fma artarak devam ettik\u00e7e biz de yar\u0131nlar\u0131m\u0131z\u0131n teminat\u0131 olan \u00e7ocuklar\u0131m\u0131z\u0131 \u00e7ok daha emin ad\u0131mlarla gelece\u011fe haz\u0131rlar\u0131z. B\u00fct\u00fcn \u00f6\u011fretmenlerimizin \u00d6\u011fretmenler G\u00fcn\u00fc&#8217;n\u00fc tebrik ederim&#8221; \u015feklinde konu\u015ftu.<\/p>\n<p>\u00d6\u011eRETMENLER G\u00dcN\u00dc&#8217;NDE DUYGULANDIRAN PLAKET<\/p>\n<p>Konu\u015fmalar\u0131n ard\u0131ndan Ba\u015fkan Y\u0131lmaz, programa kat\u0131lan Milli e\u011fitim m\u00fcd\u00fcrl\u00fc\u011f\u00fc b\u00fcnyesinde g\u00f6rev yapan en gen\u00e7 \u00f6\u011fretmen Gizem Nur Ayd\u0131n ile en tecr\u00fcbeli \u00f6\u011fretmen olan Toroslar \u0130l\u00e7e Milli E\u011fitim \u015eube M\u00fcd\u00fcr\u00fc Harun Re\u015fit \u00c7imen&#8217;e, protokol \u00fcyeleriyle birlikte plaket ve \u00e7i\u00e7ek takdim ederek, \u00d6\u011fretmenler G\u00fcn\u00fc&#8217;n\u00fc kutlad\u0131.<\/p>\n<p>Ba\u015fkan Y\u0131lmaz taraf\u0131ndan kaleme al\u0131nan ve il\u00e7ede g\u00f6rev yapan t\u00fcm \u00f6\u011fretmenlerin isimlerine \u00f6zel olarak haz\u0131rlanan mektuplar da tek tek kendilerine ula\u015ft\u0131r\u0131l\u0131rken, programa kat\u0131lan \u00f6\u011fretmenlere de mektuplar\u0131 takdim edildi.<\/p>\n","protected":false},"excerpt":{"rendered":"<p>E\u011fitimcilerin Onuruna D\u00fczenledi\u011fi Yemekte En Gen\u00e7 ve En Tecr\u00fcbeli \u00d6\u011fretmene Plaket Takdim Eden Ba\u015fkan Y\u0131lmaz, T\u00fcm \u00d6\u011fretmenlerin \u00d6\u011fretmenler G\u00fcn\u00fc&#8217;n\u00fc Kutlad\u0131. Toroslar Belediye Ba\u015fkan\u0131 Ats\u0131z Af\u015f\u0131n Y\u0131lmaz, 24 Kas\u0131m \u00d6\u011fretmenler G\u00fcn\u00fc &hellip; <a href=\"https:\/\/akdenizolaygazetesi.com\/?p=22523\" class=\"more-link\">Devam\u0131n\u0131 Oku&#8230;<\/a><\/p>\n","protected":false},"author":2,"featured_media":22524,"comment_status":"open","ping_status":"open","sticky":false,"template":"","format":"standard","meta":[],"categories":[3,5],"tags":[],"_links":{"self":[{"href":"https:\/\/akdenizolaygazetesi.com\/index.php?rest_route=\/wp\/v2\/posts\/22523"}],"collection":[{"href":"https:\/\/akdenizolaygazetesi.com\/index.php?rest_route=\/wp\/v2\/posts"}],"about":[{"href":"https:\/\/akdenizolaygazetesi.com\/index.php?rest_route=\/wp\/v2\/types\/post"}],"author":[{"embeddable":true,"href":"https:\/\/akdenizolaygazetesi.com\/index.php?rest_route=\/wp\/v2\/users\/2"}],"replies":[{"embeddable":true,"href":"https:\/\/akdenizolaygazetesi.com\/index.php?rest_route=%2Fwp%2Fv2%2Fcomments&post=22523"}],"version-history":[{"count":1,"href":"https:\/\/akdenizolaygazetesi.com\/index.php?rest_route=\/wp\/v2\/posts\/22523\/revisions"}],"predecessor-version":[{"id":22525,"href":"https:\/\/akdenizolaygazetesi.com\/index.php?rest_route=\/wp\/v2\/posts\/22523\/revisions\/22525"}],"wp:featuredmedia":[{"embeddable":true,"href":"https:\/\/akdenizolaygazetesi.com\/index.php?rest_route=\/wp\/v2\/media\/22524"}],"wp:attachment":[{"href":"https:\/\/akdenizolaygazetesi.com\/index.php?rest_route=%2Fwp%2Fv2%2Fmedia&parent=22523"}],"wp:term":[{"taxonomy":"category","embeddable":true,"href":"https:\/\/akdenizolaygazetesi.com\/index.php?rest_route=%2Fwp%2Fv2%2Fcategories&post=22523"},{"taxonomy":"post_tag","embeddable":true,"href":"https:\/\/akdenizolaygazetesi.com\/index.php?rest_route=%2Fwp%2Fv2%2Ftags&post=22523"}],"curies":[{"name":"wp","href":"https:\/\/api.w.org\/{rel}","templated":true}]}}