{"id":22527,"date":"2022-11-26T17:34:57","date_gmt":"2022-11-26T14:34:57","guid":{"rendered":"http:\/\/akdenizolaygazetesi.com\/?p=22527"},"modified":"2022-11-26T17:34:57","modified_gmt":"2022-11-26T14:34:57","slug":"metro-projemizde-sureci-geciktirecek-hicbir-eksik-yok","status":"publish","type":"post","link":"https:\/\/akdenizolaygazetesi.com\/?p=22527","title":{"rendered":"&#8220;METRO PROJEM\u0130ZDE S\u00dcREC\u0130 GEC\u0130KT\u0130RECEK H\u0130\u00c7B\u0130R EKS\u0130K YOK&#8221;"},"content":{"rendered":"<p>Mersin B\u00fcy\u00fck\u015fehir Belediye Meclisi&#8217;nin Kas\u0131m ay\u0131 3. Birle\u015fim Toplant\u0131s\u0131, Mersin B\u00fcy\u00fck\u015fehir Belediye Ba\u015fkan\u0131 Vahap Se\u00e7er ba\u015fkanl\u0131\u011f\u0131nda ger\u00e7ekle\u015ftirildi. Meclis&#8217;te birimlerden gelen 1, komisyonlara havale edilen 5 olmak \u00fczere 6 madde g\u00f6r\u00fc\u015f\u00fcld\u00fc.<\/p>\n<p>Ba\u015fkan Se\u00e7er: &#8220;Yetki alan\u0131m\u0131zdaki yerlerde canla ba\u015fla \u00e7al\u0131\u015f\u0131yoruz&#8221;<\/p>\n<p>Ba\u015fkan Se\u00e7er, \u00f6nceki g\u00fcn etkisini art\u0131ran ya\u011fmur nedeniyle, kentin \u00f6zellikle bat\u0131 il\u00e7elerinin olumsuz etkilendi\u011fini, bir vatanda\u015f\u0131n hayat\u0131n\u0131 kaybetti\u011fi, bir\u00e7ok sera ve tar\u0131m alan\u0131n\u0131n zarar g\u00f6rd\u00fc\u011f\u00fcn\u00fc ifade ederek, B\u00fcy\u00fck\u015fehir Belediyesi olarak yetki alanlar\u0131 i\u00e7erisinde canla ba\u015fla m\u00fccadele ettiklerini ifade etti. \u00d6len vatanda\u015fa Allah&#8217;tan rahmet dileyen Se\u00e7er, t\u00fcm vatanda\u015flara da ge\u00e7mi\u015f olsun dile\u011finde bulundu.<\/p>\n<p>\u015eehir merkezinde MESK\u0130&#8217;nin mazgal temizli\u011fi konusunda \u00e7ok hassas davrand\u0131\u011f\u0131n\u0131 ve mazgallar\u0131n temizli\u011fini rutin olarak yapt\u0131\u011f\u0131n\u0131 ifade eden Se\u00e7er, &#8220;Fakat baz\u0131lar\u0131 ilgin\u00e7 bir \u015fekilde mazgallar\u0131 a\u00e7\u0131yor, toprak koyuyor, \u00fczerine de bir hal\u0131 \u00f6rt\u00fc koyuyor, mazgal\u0131 ortadan kald\u0131r\u0131yor. Bunun temel sebebi; ya\u011fmur suyu hatlar\u0131na baz\u0131 vatanda\u015flar, ka\u00e7ak bir \u015fekilde kanalizasyon ba\u011fl\u0131yor. Kanalizasyon ya\u011fmur suyu hatlar\u0131na kar\u0131\u015f\u0131nca mazgallardan k\u00f6t\u00fc koku veriyor caddeye. Bu k\u00f6t\u00fc kokuyu \u00f6nlemek i\u00e7in esnaf b\u00f6yle bir uygulama yap\u0131yor. O da bir felakete neden olabilecek sonu\u00e7lar do\u011furuyor. Bunlar yanl\u0131\u015f \u015feyler&#8221; dedi.   <\/p>\n<p>&#8220;\u0130tfaiye, can ve mal g\u00fcvenli\u011fi a\u00e7\u0131s\u0131ndan en \u00f6nemli birimlerimizin ba\u015f\u0131nda geliyor&#8221;<\/p>\n<p>B\u00fcy\u00fck\u015fehir Belediyesi&#8217;nin itfaiye te\u015fkilat\u0131 kadrosu ile ilgili a\u00e7\u0131klamalarda bulunan Se\u00e7er, itfaiye te\u015fkilat\u0131nda i\u015f\u00e7i kadrosunda personel \u00e7al\u0131\u015ft\u0131rmak yasal olmad\u0131\u011f\u0131 i\u00e7in, 2021 y\u0131l\u0131nda \u00c7evre ve \u015eehircilik Bakanl\u0131\u011f\u0131&#8217;na 282 itfaiye memuru kadrosu i\u00e7in 2 kez talepte bulunduklar\u0131n\u0131, fakat bug\u00fcne kadar herhangi bir yan\u0131t gelmedi\u011fini belirtti. Direkt can ve mal emniyeti ile ilgili bir birimden bahsettiklerini kaydeden Se\u00e7er, &#8220;Afetlere, yang\u0131na, ta\u015fk\u0131na, herhangi ba\u015fka bir olumsuzlu\u011fa direkt m\u00fcdahale eden en \u00f6nemli birimlerimizin ba\u015f\u0131nda itfaiye te\u015fkilat\u0131m\u0131z geliyor&#8221; ifadelerini kulland\u0131.<\/p>\n<p>\u0130tfaiye Dairesi&#8217;nde g\u00f6rev yapacak personelin, in\u015fa ettikleri Ata E\u011fitim Merkezi&#8217;nde e\u011fitim alaca\u011f\u0131n\u0131 belirten Se\u00e7er, &#8220;T\u00fcrkiye&#8217;nin her yerinden belediyeler, itfaiyecilerini g\u00f6ndersinler burada e\u011fitim verelim d\u00fc\u015f\u00fcncesiyle yapt\u0131k. Toroslar b\u00f6lgemizde \u00e7ok g\u00fczel bir e\u011fitim merkezi. Biz, \u0130tfaiye Dairemize alaca\u011f\u0131m\u0131z personelimizi, art\u0131k burada e\u011fitimden ge\u00e7irece\u011fiz ve emin olabilirsiniz ki hi\u00e7bir \u015faibeye meydan vermeden, tamamen objektif kriterleri ortaya koyup s\u0131nav yapaca\u011f\u0131z&#8221; diye konu\u015ftu.<\/p>\n<p>&#8220;Uluslararas\u0131 s\u00f6zle\u015fmelerden \u00e7\u0131k\u0131lmas\u0131, \u015fiddet vakalar\u0131n\u0131 art\u0131r\u0131yor&#8221;<\/p>\n<p>24 Kas\u0131m \u00d6\u011fretmenler G\u00fcn\u00fc&#8217;n\u00fc de kutlayan Se\u00e7er, \u00f6\u011fretmenlerin bir\u00e7ok sorunu oldu\u011funu ve bu sorunlar\u0131n ivedilikle Merkezi H\u00fck\u00fcmet taraf\u0131ndan \u00e7\u00f6z\u00fclmesi gerekti\u011fine dikkat \u00e7ekti.<\/p>\n<p>25 Kas\u0131m Kad\u0131na Y\u00f6nelik \u015eiddete Kar\u015f\u0131 Uluslararas\u0131 M\u00fccadele G\u00fcn\u00fc ile ilgili de de\u011ferlendirmede bulunan Se\u00e7er, &#8220;En \u00f6nemli toplumsal sorunlar\u0131m\u0131zdan biri olan bu konuda; al\u0131namayan tedbirler, yetersiz kalan ve cayd\u0131r\u0131c\u0131l\u0131\u011f\u0131 olmayan cezalar, rehber niteli\u011findeki uluslararas\u0131 s\u00f6zle\u015fmelerden \u00e7\u0131k\u0131lmas\u0131, ne yaz\u0131k ki \u015fiddet vakalar\u0131n\u0131 da art\u0131r\u0131yor. Haz\u0131rlad\u0131\u011f\u0131m\u0131z Yerel E\u015fitlik Eylem Plan\u0131 do\u011frultusunda; belediyemizdeki \u00e7al\u0131\u015fmalar\u0131m\u0131z\u0131 etkin bir \u015fekilde s\u00fcrd\u00fcr\u00fcyoruz. Ekonomik \u00f6zg\u00fcrl\u00fc\u011f\u00fc olan kad\u0131n\u0131n daima g\u00fc\u00e7l\u00fc olaca\u011f\u0131na inan\u0131yoruz&#8221; ifadelerini kulland\u0131 ve belediye olarak, kad\u0131nlar\u0131n ekonomilerine ve sosyalle\u015fmelerine katk\u0131 verecek bir\u00e7ok \u00f6nemli projeyi hayata ge\u00e7irdiklerini vurgulad\u0131.<\/p>\n<p>&#8220;Mersin merkezde otopark sorunu kalmayacak&#8221;<\/p>\n<p>Meclis Toplant\u0131s\u0131&#8217;nda, Akdeniz il\u00e7esine ba\u011fl\u0131 N\u00fczhetiye Mahallesi&#8217;nde yer alan otopark konusunda yapt\u0131klar\u0131 revizyonda, zemin durumunu da g\u00f6z \u00f6n\u00fcnde bulundurduklar\u0131n\u0131 kaydeden Se\u00e7er, &#8220;Yapt\u0131\u011f\u0131m\u0131z \u00e7al\u0131\u015fmalarda 2 katl\u0131 400 ara\u00e7l\u0131k bir otopark in\u015faat\u0131n\u0131n yeterli ve uygun oldu\u011funu g\u00f6rd\u00fck. Bu idarenin bir tasarrufudur. Ayr\u0131ca buras\u0131 bize Milli Emlak taraf\u0131ndan tahsis edilmedi. Buras\u0131 zaten belediyenin tahsisli bir alan\u0131yd\u0131. Yaln\u0131z stat\u00fc de\u011fi\u015fikli\u011fi istemi\u015ftik. Milli Emlak da belli bir kira kar\u015f\u0131l\u0131\u011f\u0131nda bir kamu mal\u0131n\u0131, bir kamu kurulu\u015funa bedeli kar\u015f\u0131l\u0131\u011f\u0131nda verdi&#8221; diye konu\u015ftu.<\/p>\n<p>Metro in\u015faat\u0131 projesinde yer alan otoparklar\u0131n da, kent merkezinde ya\u015fanan bu soruna \u00e7\u00f6z\u00fcm olaca\u011f\u0131n\u0131 belirten Se\u00e7er, &#8220;Metro in\u015faat\u0131nda toplamda 11 istasyonumuz var. Bu 11 istasyonun 6&#8217;s\u0131nda, toplamda 2 bin 300 ara\u00e7l\u0131k otopark yer alacak zaten. Bu otoparklar da, ya\u015fanan s\u0131k\u0131nt\u0131n\u0131n \u00e7\u00f6z\u00fcm\u00fcne katk\u0131 sunacak&#8221; ifadelerini kulland\u0131.<\/p>\n<p>&#8220;Metro projesinde ne teknik, ne de b\u00fcrokratik bir eksiklik yok&#8221;<\/p>\n<p>Ba\u015fkan Se\u00e7er, Meclis Toplant\u0131s\u0131&#8217;nda Metro in\u015faat\u0131 konusunda, &#8220;Bu Metro in\u015faat\u0131 eninde sonunda biter. Bir y\u0131l gecikmeli biter, 2 y\u0131l gecikmeli biter, ama biter. Bu Mersin&#8217;e gerekli olan bir proje. Merkezi H\u00fck\u00fcmet&#8217;ten hakk\u0131m\u0131z\u0131 alal\u0131m. Mersin 5. s\u0131rada vergiyi veriyorsa, devletin b\u00fct\u00e7esine para g\u00f6nderiyorsa, di\u011fer illere ayr\u0131lan b\u00fct\u00e7e kadar Mersin&#8217;e de ayr\u0131lmal\u0131d\u0131r&#8221; dedi. Metro projesinde teknik anlamda da, b\u00fcrokratik anlamda da bir eksiklerinin olmad\u0131\u011f\u0131n\u0131 kaydeden Se\u00e7er, bu gerek\u00e7eleri \u00f6ne s\u00fcrerek imzan\u0131n geciktirilmesinin do\u011fru olmad\u0131\u011f\u0131n\u0131 belirtti.<\/p>\n<p>Bir\u00e7ok \u015fehirde batt\u0131 \u00e7\u0131kt\u0131lar\u0131 Karayollar\u0131&#8217;n\u0131n yapt\u0131\u011f\u0131na, fakat Mersin&#8217;de Karayollar\u0131&#8217;n\u0131n 1 tane batt\u0131 \u00e7\u0131kt\u0131 yapt\u0131\u011f\u0131na da dikkat \u00e7eken Se\u00e7er, &#8220;Biz belediye olarak 4. batt\u0131 \u00e7\u0131kt\u0131y\u0131 bitirmek \u00fczereyiz.  Birini yar\u0131m teslim ald\u0131k, bitirdik. 2 tanesini bitirdik, hizmete ald\u0131k. Bir tanesini en fazla bu hafta sonu, bilemediniz gelecek hafta sonu hizmete a\u00e7aca\u011f\u0131z. Zaten bir b\u00f6l\u00fcm\u00fcn\u00fc a\u00e7t\u0131k. Sen niye yapm\u0131yorsun Karayollar\u0131? Niye Ta\u015fucu \u00c7e\u015fmeli Ba\u011flant\u0131 Yolu&#8217;nu yapm\u0131yorsun? Bizler farkl\u0131 siyasi g\u00f6r\u00fc\u015flerden olabiliriz, ama ortak paydam\u0131z Mersin olmal\u0131&#8221; dedi.<\/p>\n","protected":false},"excerpt":{"rendered":"<p>Mersin B\u00fcy\u00fck\u015fehir Belediye Meclisi&#8217;nin Kas\u0131m ay\u0131 3. Birle\u015fim Toplant\u0131s\u0131, Mersin B\u00fcy\u00fck\u015fehir Belediye Ba\u015fkan\u0131 Vahap Se\u00e7er ba\u015fkanl\u0131\u011f\u0131nda ger\u00e7ekle\u015ftirildi. Meclis&#8217;te birimlerden gelen 1, komisyonlara havale edilen 5 olmak \u00fczere 6 madde g\u00f6r\u00fc\u015f\u00fcld\u00fc. &hellip; <a href=\"https:\/\/akdenizolaygazetesi.com\/?p=22527\" class=\"more-link\">Devam\u0131n\u0131 Oku&#8230;<\/a><\/p>\n","protected":false},"author":2,"featured_media":22528,"comment_status":"open","ping_status":"open","sticky":false,"template":"","format":"standard","meta":[],"categories":[34,2,3,6],"tags":[],"_links":{"self":[{"href":"https:\/\/akdenizolaygazetesi.com\/index.php?rest_route=\/wp\/v2\/posts\/22527"}],"collection":[{"href":"https:\/\/akdenizolaygazetesi.com\/index.php?rest_route=\/wp\/v2\/posts"}],"about":[{"href":"https:\/\/akdenizolaygazetesi.com\/index.php?rest_route=\/wp\/v2\/types\/post"}],"author":[{"embeddable":true,"href":"https:\/\/akdenizolaygazetesi.com\/index.php?rest_route=\/wp\/v2\/users\/2"}],"replies":[{"embeddable":true,"href":"https:\/\/akdenizolaygazetesi.com\/index.php?rest_route=%2Fwp%2Fv2%2Fcomments&post=22527"}],"version-history":[{"count":1,"href":"https:\/\/akdenizolaygazetesi.com\/index.php?rest_route=\/wp\/v2\/posts\/22527\/revisions"}],"predecessor-version":[{"id":22529,"href":"https:\/\/akdenizolaygazetesi.com\/index.php?rest_route=\/wp\/v2\/posts\/22527\/revisions\/22529"}],"wp:featuredmedia":[{"embeddable":true,"href":"https:\/\/akdenizolaygazetesi.com\/index.php?rest_route=\/wp\/v2\/media\/22528"}],"wp:attachment":[{"href":"https:\/\/akdenizolaygazetesi.com\/index.php?rest_route=%2Fwp%2Fv2%2Fmedia&parent=22527"}],"wp:term":[{"taxonomy":"category","embeddable":true,"href":"https:\/\/akdenizolaygazetesi.com\/index.php?rest_route=%2Fwp%2Fv2%2Fcategories&post=22527"},{"taxonomy":"post_tag","embeddable":true,"href":"https:\/\/akdenizolaygazetesi.com\/index.php?rest_route=%2Fwp%2Fv2%2Ftags&post=22527"}],"curies":[{"name":"wp","href":"https:\/\/api.w.org\/{rel}","templated":true}]}}