{"id":22530,"date":"2022-11-26T17:36:36","date_gmt":"2022-11-26T14:36:36","guid":{"rendered":"http:\/\/akdenizolaygazetesi.com\/?p=22530"},"modified":"2022-11-26T17:36:36","modified_gmt":"2022-11-26T14:36:36","slug":"baskan-yilmaz-yalniz-degilsiniz","status":"publish","type":"post","link":"https:\/\/akdenizolaygazetesi.com\/?p=22530","title":{"rendered":"BA\u015eKAN YILMAZ; &#8220;YALNIZ DE\u011e\u0130LS\u0130N\u0130Z&#8221;"},"content":{"rendered":"<p>Kad\u0131n haklar\u0131n\u0131n korunmas\u0131 ve kad\u0131nlar\u0131n istihdam\u0131yla ilgili \u00f6nemli \u00e7al\u0131\u015fmalar yapan Toroslar Belediye Ba\u015fkan\u0131 Ats\u0131z Af\u015f\u0131n Y\u0131lmaz, kad\u0131na \u015fiddete kar\u015f\u0131 ilkemiz &#8220;S\u0131f\u0131r Tolerans&#8221; dedi.<\/p>\n<p>25 Kas\u0131m Kad\u0131na Y\u00f6nelik \u015eiddetle Uluslararas\u0131 M\u00fccadele G\u00fcn\u00fc \u00e7er\u00e7evesinde Mersin Aile ve Sosyal Hizmetler \u0130l M\u00fcd\u00fcrl\u00fc\u011f\u00fc koordinesinde d\u00fczenlenen fark\u0131ndal\u0131k y\u00fcr\u00fcy\u00fc\u015f\u00fcne Toroslar Belediyesi de destek verdi.<\/p>\n<p>Ulu Cami \u00f6n\u00fcnden ba\u015flayan ve Cumhuriyet Meydan\u0131&#8217;nda son bulan y\u00fcr\u00fcy\u00fc\u015fe e\u015fi Meltem Y\u0131lmaz ile kat\u0131lan Toroslar Belediye Ba\u015fkan\u0131 Ats\u0131z Af\u015f\u0131n Y\u0131lmaz, kad\u0131nlar\u0131n dayan\u0131\u015fma ve m\u00fccadelesinde onlar\u0131 yaln\u0131z b\u0131rakmad\u0131. Y\u00fcr\u00fcy\u00fc\u015fte Toroslar Belediyesinin kad\u0131n ve erkek personeli de yerini ald\u0131.<\/p>\n<p>Mersin Valisi Ali Hamza Pehlivan ve kent protokol\u00fcn\u00fcn de haz\u0131r bulundu\u011fu y\u00fcr\u00fcy\u00fc\u015fe kat\u0131lanlar ellerinde d\u00f6vizlerle hep birlikte; &#8220;Kad\u0131na \u015fiddet insanl\u0131\u011fa ihanet&#8221;, &#8220;Kad\u0131na \u015fiddete kar\u015f\u0131 s\u0131f\u0131r tolerans&#8221; sloganlar\u0131 atarak, \u015fiddetin art\u0131k son bulmas\u0131n\u0131 istediler.<\/p>\n<p>Cumhuriyet Meydan\u0131&#8217;nda y\u00fcr\u00fcy\u00fc\u015fe kat\u0131lan kad\u0131nlarla bir araya gelen Ba\u015fkan Y\u0131lmaz, kad\u0131nlar\u0131n mutlu, \u015fiddetten uzak ve sa\u011fl\u0131kl\u0131 olmas\u0131 dile\u011finde bulanarak, ya\u015fam hakk\u0131 elinden al\u0131nan t\u00fcm kad\u0131nlar\u0131 sayg\u0131 ve rahmetle and\u0131klar\u0131n\u0131 s\u00f6yledi.<\/p>\n<p>Fark\u0131ndal\u0131k y\u00fcr\u00fcy\u00fc\u015f\u00fc, Mersin K\u00fclt\u00fcr Merkezi&#8217;nde d\u00fczenlenen Mersin Devlet Opera ve Balesi sanat\u00e7\u0131lar\u0131n\u0131n fark\u0131ndal\u0131k konseriyle ta\u00e7land\u0131.<\/p>\n<p>BA\u015eKAN YILMAZ; &#8220;KADINLARIMIZ G\u00dc\u00c7L\u00dc OLURSA T\u00dcRK\u0130YE DAHA DA G\u00dc\u00c7L\u00dc OLACAKTIR&#8221;<\/p>\n<p>Konser \u00f6ncesinde t\u00fcm kat\u0131l\u0131mc\u0131lara seslenen Toroslar Belediye Ba\u015fkan\u0131 Ats\u0131z Af\u015f\u0131n Y\u0131lmaz, kad\u0131na y\u00f6nelik \u015fiddete kar\u015f\u0131 hep birlikte m\u00fccadele vermeye devam edeceklerini s\u00f6yleyerek, ba\u015fta Mersin Valisi Ali Hamza Pehlivan olmak \u00fczere programda eme\u011fi ge\u00e7en herkese te\u015fekk\u00fcr etti.<\/p>\n<p>G\u00fc\u00e7l\u00fc toplumun g\u00fc\u00e7l\u00fc aile ile m\u00fcmk\u00fcn olaca\u011f\u0131n\u0131 s\u00f6yleyen Ba\u015fkan Y\u0131lmaz; &#8220;Biz, g\u00fc\u00e7l\u00fc ve soysal ba\u011flar\u0131 kuvvetli bir toplumuz. G\u00fc\u00e7l\u00fc toplum, g\u00fc\u00e7l\u00fc aile ile m\u00fcmk\u00fcn. G\u00fc\u00e7l\u00fc aile ve g\u00fc\u00e7l\u00fc gelecek de g\u00fc\u00e7l\u00fc kad\u0131nla m\u00fcmk\u00fcn. Gelecek nesilleri aile ortam\u0131nda yeti\u015ftiren \u00f6ncelikle kad\u0131nd\u0131r. \u0130statistik olarak n\u00fcfus oranlar\u0131na bak\u0131l\u0131rsa kad\u0131nlar, toplumun yar\u0131s\u0131n\u0131 te\u015fkil eder gibi g\u00f6r\u00fcn\u00fcrler ancak sosyal, psikolojik ve aile a\u00e7\u0131s\u0131ndan yar\u0131s\u0131ndan fazlas\u0131d\u0131r kad\u0131n. T\u00fcm kad\u0131nlar\u0131m\u0131za \u015f\u00fckranlar\u0131m\u0131 sunuyorum. Toroslar Teknik ve Mesleki E\u011fitim Kurslar\u0131m\u0131zda (TORTEK), kad\u0131nlar\u0131m\u0131z\u0131n sosyo-ekonomik olarak daha g\u00fc\u00e7l\u00fc hale gelmeleri i\u00e7in farkl\u0131 bran\u015flarda kurslar veriyoruz. Kad\u0131nlar\u0131m\u0131z, burada \u00f6\u011frendiklerini uyguluyorlar, \u00fcretiyorlar ve kazan\u0131yorlar. Her t\u00fcrl\u00fc etkinli\u011fimizde TORTEK kursiyerlerimiz ve e\u011fitmenlerimiz de bizlerle bir ve beraberler. Sizlerin huzurunda onlara \u00e7ok te\u015fekk\u00fcr ediyorum. Kad\u0131n ve \u00c7ocuk Dan\u0131\u015fma Merkezimiz ile s\u0131k\u0131nt\u0131ya giren, \u015fiddete u\u011frayan ve de\u011fi\u015fik a\u00e7\u0131lardan \u00e7\u00f6z\u00fcm arayan kad\u0131nlar\u0131m\u0131za psikologlar\u0131m\u0131z\u0131n eliyle dan\u0131\u015fmanl\u0131k hizmeti, avukatlar\u0131m\u0131z\u0131n eliyle destek veriyoruz. T\u00fcrkiyemiz, emin ad\u0131mlarla g\u00fc\u00e7l\u00fc ve lider T\u00fcrkiye&#8217;ye do\u011fru ilerliyor. Bu ilerlemenin ve in\u015fa edilen bu yap\u0131n\u0131n da en \u00f6nemli ayaklar\u0131ndan bir tanesi kad\u0131nlar\u0131m\u0131zd\u0131r. Kad\u0131nlar\u0131m\u0131z g\u00fc\u00e7l\u00fc olursa T\u00fcrkiye daha da g\u00fc\u00e7l\u00fc olacakt\u0131r. Bu y\u00f6nde \u00e7al\u0131\u015fmaya devam edece\u011fiz. Kad\u0131na kar\u015f\u0131 \u015fiddete &#8220;S\u0131f\u0131r Tolerans&#8221; diyoruz&#8221; \u015feklinde konu\u015ftu.<\/p>\n<p>VAL\u0130 PEHL\u0130VAN; &#8220;HEDEF\u0130M\u0130Z SIFIR TOLERANS&#8221;<\/p>\n<p>Mersin Valisi Ali Hamza Pehlivan da kad\u0131na \u015fiddetin bir insanl\u0131k su\u00e7u oldu\u011funa vurgu yaparak; &#8220;Aile i\u00e7i ve kad\u0131na y\u00f6nelik \u015fiddet asla kabul etmedi\u011fimiz, etmeyece\u011fimiz bir durum. Millet ve toplum olarak bu konuda her platformda kar\u015f\u0131 bir duru\u015f sergilemek, her \u015feyden \u00f6nce insani ve vicdani bir sorumlulu\u011fumuz. Kad\u0131na \u015fiddet asla kabul edilemez, kad\u0131na el kalkamaz, kad\u0131na h\u00fcrmet, sevgi, sayg\u0131 g\u00f6sterilir. Kad\u0131na \u015fiddet bir insanl\u0131k su\u00e7udur. Bu konuda, bug\u00fcne kadar oldu\u011fu gibi bundan sonra da s\u0131k\u0131 takip, \u00e7al\u0131\u015fma, bilin\u00e7lendirme ve e\u011fitim faaliyetleri devam edecektir. Hedef hi\u00e7 olmamas\u0131, s\u0131f\u0131r toleransla kad\u0131na y\u00f6nelik \u015fiddeti s\u0131f\u0131rlamakt\u0131r&#8221; ifadelerini kulland\u0131.<\/p>\n<p>Toroslar Belediyesinin, 25 Kas\u0131m Kad\u0131na Y\u00f6nelik \u015eiddetle Uluslararas\u0131 M\u00fccadele G\u00fcn\u00fc dolay\u0131s\u0131yla kentteki al\u0131\u015fveri\u015f merkezlerinde kurdu\u011fu TORTEK stantlar\u0131 da yo\u011fun ilgi g\u00f6rd\u00fc. Kad\u0131nlar\u0131n el eme\u011fi g\u00f6z nuruyla haz\u0131rlad\u0131klar\u0131 \u00fcr\u00fcnler, b\u00fcy\u00fck be\u011feni toplad\u0131.<\/p>\n","protected":false},"excerpt":{"rendered":"<p>Kad\u0131n haklar\u0131n\u0131n korunmas\u0131 ve kad\u0131nlar\u0131n istihdam\u0131yla ilgili \u00f6nemli \u00e7al\u0131\u015fmalar yapan Toroslar Belediye Ba\u015fkan\u0131 Ats\u0131z Af\u015f\u0131n Y\u0131lmaz, kad\u0131na \u015fiddete kar\u015f\u0131 ilkemiz &#8220;S\u0131f\u0131r Tolerans&#8221; dedi. 25 Kas\u0131m Kad\u0131na Y\u00f6nelik \u015eiddetle Uluslararas\u0131 M\u00fccadele &hellip; <a href=\"https:\/\/akdenizolaygazetesi.com\/?p=22530\" class=\"more-link\">Devam\u0131n\u0131 Oku&#8230;<\/a><\/p>\n","protected":false},"author":2,"featured_media":22531,"comment_status":"open","ping_status":"open","sticky":false,"template":"","format":"standard","meta":[],"categories":[34,2,3,5],"tags":[],"_links":{"self":[{"href":"https:\/\/akdenizolaygazetesi.com\/index.php?rest_route=\/wp\/v2\/posts\/22530"}],"collection":[{"href":"https:\/\/akdenizolaygazetesi.com\/index.php?rest_route=\/wp\/v2\/posts"}],"about":[{"href":"https:\/\/akdenizolaygazetesi.com\/index.php?rest_route=\/wp\/v2\/types\/post"}],"author":[{"embeddable":true,"href":"https:\/\/akdenizolaygazetesi.com\/index.php?rest_route=\/wp\/v2\/users\/2"}],"replies":[{"embeddable":true,"href":"https:\/\/akdenizolaygazetesi.com\/index.php?rest_route=%2Fwp%2Fv2%2Fcomments&post=22530"}],"version-history":[{"count":1,"href":"https:\/\/akdenizolaygazetesi.com\/index.php?rest_route=\/wp\/v2\/posts\/22530\/revisions"}],"predecessor-version":[{"id":22532,"href":"https:\/\/akdenizolaygazetesi.com\/index.php?rest_route=\/wp\/v2\/posts\/22530\/revisions\/22532"}],"wp:featuredmedia":[{"embeddable":true,"href":"https:\/\/akdenizolaygazetesi.com\/index.php?rest_route=\/wp\/v2\/media\/22531"}],"wp:attachment":[{"href":"https:\/\/akdenizolaygazetesi.com\/index.php?rest_route=%2Fwp%2Fv2%2Fmedia&parent=22530"}],"wp:term":[{"taxonomy":"category","embeddable":true,"href":"https:\/\/akdenizolaygazetesi.com\/index.php?rest_route=%2Fwp%2Fv2%2Fcategories&post=22530"},{"taxonomy":"post_tag","embeddable":true,"href":"https:\/\/akdenizolaygazetesi.com\/index.php?rest_route=%2Fwp%2Fv2%2Ftags&post=22530"}],"curies":[{"name":"wp","href":"https:\/\/api.w.org\/{rel}","templated":true}]}}