{"id":22533,"date":"2022-11-26T17:38:33","date_gmt":"2022-11-26T14:38:33","guid":{"rendered":"http:\/\/akdenizolaygazetesi.com\/?p=22533"},"modified":"2022-11-26T17:38:33","modified_gmt":"2022-11-26T14:38:33","slug":"bu-yil-butce-gerceklesme-tahminimiz-yuzde-93","status":"publish","type":"post","link":"https:\/\/akdenizolaygazetesi.com\/?p=22533","title":{"rendered":"&#8220;BU YIL B\u00dcT\u00c7E GER\u00c7EKLE\u015eME TAHM\u0130N\u0130M\u0130Z Y\u00dcZDE 93&#8221;"},"content":{"rendered":"<p>Mersin B\u00fcy\u00fck\u015fehir Belediye Meclisi&#8217;nin Kas\u0131m Ay\u0131 3. Birle\u015fim toplant\u0131s\u0131 ger\u00e7ekle\u015ftirildi. Toplant\u0131da Mersin B\u00fcy\u00fck\u015fehir Belediyesi 2023 Mali B\u00fct\u00e7esi, 10 milyar 680 milyon TL<\/p>\n<p>olarak kabul edildi. Al\u0131nan kararla ilgili konu\u015fan Mersin B\u00fcy\u00fck\u015fehir Belediye Ba\u015fkan\u0131 Vahap Se\u00e7er, &#8220;\u0130n\u015fallah hep beraber 2023 y\u0131l\u0131nda b\u00fct\u00e7emizi uygulayaca\u011f\u0131z ve b\u00fct\u00e7e ger\u00e7ekle\u015fme oran\u0131m\u0131z\u0131 da en iyi noktalarda tamamlayaca\u011f\u0131z&#8221; dedi.<\/p>\n<p>G\u00f6reve geldi\u011fi tarihten itibaren 1 milyar 292 milyon 253 bin TL bor\u00e7 \u00f6dediklerini s\u00f6yleyen Se\u00e7er, &#8220;\u015eu anda TL baz\u0131nda 1 milyar 582 milyon TL ald\u0131\u011f\u0131m\u0131z banka borcu miktar\u0131, 605 milyon 811 bin TL seviyelerinde. Kasam\u0131z\u0131 nereden nereye getirdi\u011fimizi, belediyemizin mali disiplinini nas\u0131l sa\u011flad\u0131\u011f\u0131m\u0131z\u0131 buradan g\u00f6rebilirsiniz&#8221; \u015feklinde konu\u015ftu.<\/p>\n<p>Hem kendi yapt\u0131klar\u0131 yat\u0131r\u0131mlar\u0131n bedelini \u00f6dediklerini, hem de ge\u00e7en d\u00f6nem yap\u0131lan yat\u0131r\u0131mlar\u0131n bor\u00e7 olarak kalan miktar\u0131n\u0131 \u00f6dediklerini kaydeden Se\u00e7er, &#8220;E\u011fer ki ge\u00e7ti\u011fimiz d\u00f6nemden bor\u00e7 \u00f6demeseydik, yani bize b\u0131rak\u0131lan miras daha iyi bir miras olsayd\u0131, emin olun \u015fu anda Mersin&#8217;e yapt\u0131\u011f\u0131m\u0131z yat\u0131r\u0131mlar\u0131n y\u00fczde 50, y\u00fczde 60 daha fazlas\u0131n\u0131 yapard\u0131m&#8221; dedi.<\/p>\n<p>B\u00fcy\u00fck\u015fehir Belediyesi&#8217;nde bankamatik personeli oldu\u011fu y\u00f6n\u00fcndeki iddialara yan\u0131t veren Ba\u015fkan Se\u00e7er, &#8220;Bankamatik\u00e7i, benim en \u00e7ok alerjim olan konudur. Ba\u015fkalar\u0131n\u0131n yapt\u0131\u011f\u0131n\u0131 ele\u015ftirirken, biz ayn\u0131 hatay\u0131 yaparsak inand\u0131r\u0131c\u0131l\u0131\u011f\u0131m\u0131z olmaz&#8221; ifadesini kulland\u0131.<\/p>\n<p>Meclis \u00e7o\u011funlu\u011funa dayal\u0131 sistem gere\u011fi, Meclis&#8217;ten belli d\u00f6nemlerde talep etti\u011fi bor\u00e7lanma yetkilerini alamad\u0131\u011f\u0131n\u0131 hat\u0131rlatan Se\u00e7er, &#8220;Bor\u00e7lanma konusunda feveran etti\u011fim s\u00f6yleniyor. Benim feveranl\u0131\u011f\u0131m vatanda\u015f\u0131m ad\u0131na can\u0131m\u0131n yanmas\u0131ndan kaynakl\u0131d\u0131r, kendi ad\u0131ma de\u011fil&#8221; diye konu\u015ftu.<\/p>\n<p>Siyasi hesaplar oldu\u011fu kadar, yarg\u0131 kar\u015f\u0131s\u0131nda da verilecek hesaplar oldu\u011funa dikkat \u00e7eken Se\u00e7er, &#8220;Benim babam\u0131n o\u011flu da olsa, do\u011fru g\u00f6rd\u00fc\u011f\u00fcm\u00fc, do\u011fru bildi\u011fimi anlatmak, a\u00e7\u0131klamak zorunday\u0131m. Bunlar\u0131 da ortaya koyaca\u011f\u0131m ki, ortal\u0131\u011fa d\u00f6k\u00fcl\u00fcp en kahraman belediye ba\u015fkan\u0131y\u0131m pozlar\u0131nda kimse dola\u015fmas\u0131n&#8221; dedi.<\/p>\n<p>MERS\u0130N\/(FOTO\u011eRAFLI-G\u00d6R\u00dcNT\u00dcL\u00dc)<\/p>\n<p>Mersin B\u00fcy\u00fck\u015fehir Belediyesi&#8217;nin 2023 y\u0131l\u0131 b\u00fct\u00e7esinin 10 milyar 680 milyon TL olarak planland\u0131\u011f\u0131n\u0131 belirten Ba\u015fkan Se\u00e7er, \u00f6nceki y\u0131llar\u0131n b\u00fct\u00e7e ger\u00e7ekle\u015fme oranlar\u0131ndan \u00f6rnekler vererek, &#8220;Mersin B\u00fcy\u00fck\u015fehir Belediyesi ger\u00e7ek\u00e7i b\u00fct\u00e7e haz\u0131rl\u0131yor. Plan B\u00fct\u00e7e Komisyonu&#8217;nda da reel bir \u015fekilde de\u011ferlendirilip Meclis&#8217;e sunuluyor. Biz ger\u00e7ekle\u015ftirece\u011fimiz yat\u0131r\u0131mlar\u0131 buraya koyuyoruz. Yeter ki y\u0131l i\u00e7erisinde ekonomi istikrarl\u0131 gitsin&#8221; dedi.<\/p>\n<p>2022 y\u0131l\u0131 b\u00fct\u00e7esinin 6 milyar 98 milyon 910 bin lira olarak belirlendi\u011fini hat\u0131rlatan Se\u00e7er, &#8220;Bu y\u0131l b\u00fct\u00e7e ger\u00e7ekle\u015fme tahminimiz yakla\u015f\u0131k olarak y\u00fczde 93 seviyelerinde. Bu da her \u015feye ra\u011fmen, yapt\u0131\u011f\u0131m\u0131z b\u00fct\u00e7enin ne kadar ger\u00e7ek\u00e7i oldu\u011funun bir g\u00f6stergesidir&#8221; diye konu\u015ftu.<\/p>\n<p>Ba\u015fkan Se\u00e7er: &#8220;Yat\u0131r\u0131ma ayr\u0131lan pay\u0131 her y\u0131l art\u0131r\u0131yoruz&#8221;<\/p>\n<p>2022 y\u0131l\u0131 yat\u0131r\u0131mlar\u0131n\u0131n Mersin B\u00fcy\u00fck\u015fehir Belediyesi&#8217;ne 5 milyar 122 milyon 367 bin TL&#8217;ye mal oldu\u011funu ifade eden Se\u00e7er, 2023 y\u0131l\u0131nda yer alacak yat\u0131r\u0131mlar\u0131n maliyetinin ise 8 milyar 799 milyon TL olarak tahmin edildi\u011fini s\u00f6yledi. Se\u00e7er, &#8220;Demek ki 1 y\u0131l i\u00e7erisinde yat\u0131r\u0131mlar\u0131m\u0131zdaki art\u0131\u015f y\u00fczde 71.79 olacak. Bunun i\u00e7ine b\u00fct\u00fcn hizmetlerimiz dahil. 2019 y\u0131l\u0131nda y\u00fczde 17 yapt\u0131\u011f\u0131m\u0131z yat\u0131r\u0131m\u0131n b\u00fct\u00e7eye oran\u0131, 2020 y\u0131l\u0131 i\u00e7erisinde y\u00fczde 22&#8217;ye, 2021 y\u0131l\u0131nda y\u00fczde 30,86&#8217;ya ve \u015fu an itibariyle de y\u00fczde 46,49&#8217;a \u00e7\u0131km\u0131\u015f. Yani y\u00f6netime geldi\u011fimiz y\u0131l, her 100 liran\u0131n 17 liras\u0131yla yat\u0131r\u0131m yaparken, \u015fu anda her 100 liran\u0131n yakla\u015f\u0131k olarak 47 liras\u0131n\u0131 yat\u0131r\u0131ma ay\u0131r\u0131yoruz. Bu ciddi bir yat\u0131r\u0131m hamlesidir&#8221; \u015feklinde konu\u015ftu.  <\/p>\n<p>&#8220;Belediye&#8217;de mali disiplini sa\u011flad\u0131k&#8221;<\/p>\n<p>G\u00f6reve geldi\u011fi ilk g\u00fcnden itibaren 1 milyar 292 milyon 253 bin TL bor\u00e7 \u00f6dediklerini ifade eden Ba\u015fkan Se\u00e7er, &#8220;Toplam borcumuz 1 milyar 898 milyon TL&#8217;ye \u00e7\u0131kt\u0131. Ancak tabii ki bo\u015f durmad\u0131k, ald\u0131\u011f\u0131m\u0131z k\u00f6t\u00fc miras\u0131 da bir bir temizlemeye koyulduk. \u015eu ana kadar 1 milyar 292 milyon 253 bin TL bor\u00e7 \u00f6dedik. \u015eu anda TL baz\u0131nda 1 milyar 582 milyon TL ald\u0131\u011f\u0131m\u0131z banka borcu miktar\u0131, 605 milyon 811 bin TL seviyelerinde. Kasam\u0131z\u0131 nereden nereye getirdi\u011fimizi, belediyemizin mali disiplinini nas\u0131l sa\u011flad\u0131\u011f\u0131m\u0131z\u0131 buradan g\u00f6rebilirsiniz&#8221; ifadelerini kulland\u0131.<\/p>\n<p>&#8220;Ge\u00e7mi\u015f d\u00f6nemin bor\u00e7lar\u0131 olmasayd\u0131, en az y\u00fczde 50 daha fazla yat\u0131r\u0131m yapard\u0131m&#8221;<\/p>\n<p>G\u00f6reve geldikleri g\u00fcnden bu yana hem kendi yapt\u0131klar\u0131 yat\u0131r\u0131mlar\u0131n bedelini \u00f6dediklerini, hem de ge\u00e7en d\u00f6nem yap\u0131lan yat\u0131r\u0131mlar\u0131n bor\u00e7 olarak kalan miktar\u0131n\u0131 \u00f6dediklerini kaydeden Se\u00e7er, &#8220;E\u011fer ki ge\u00e7ti\u011fimiz d\u00f6nemden bor\u00e7 \u00f6demeseydik, yani bize b\u0131rak\u0131lan miras daha iyi bir miras olsayd\u0131, emin olun \u015fu anda Mersin&#8217;e yapt\u0131\u011f\u0131m\u0131z yat\u0131r\u0131mlar\u0131n y\u00fczde 50, y\u00fczde 60 daha fazlas\u0131n\u0131 yapard\u0131m&#8221; dedi. Ba\u015fkan Se\u00e7er konu\u015fmas\u0131n\u0131n devam\u0131nda, &#8220;G\u00f6reve geldi\u011fimizde 100 lira b\u00fct\u00e7emiz, 100 lira da borcumuz vard\u0131. Bug\u00fcn geldi\u011fimiz noktada 100 lira b\u00fct\u00e7emiz, 22 lira borcumuz var. 10 milyar 680 milyon TL b\u00fct\u00e7e yapt\u0131k, toplam borcumuz 2 milyar 34 milyon TL&#8221; diye konu\u015ftu.<\/p>\n<p>Devrald\u0131klar\u0131 banka borcunun 278 milyon dolar oldu\u011funu, bu rakam\u0131n \u015fu anda 32 milyon dolara indi\u011fini de s\u00f6zlerine ekleyen Se\u00e7er, dolar baz\u0131nda ne kadar para \u00f6dendi\u011finin ise, TL&#8217;nin o tarihteki de\u011feri ile g\u00fcn\u00fcm\u00fczdeki de\u011ferinin k\u0131yaslanmas\u0131 halinde anla\u015f\u0131laca\u011f\u0131n\u0131 s\u00f6yledi.<\/p>\n<p>&#8220;Bizden daha \u00f6nce yap\u0131lm\u0131\u015f hatalar\u0131 biz yapmay\u0131z&#8221;<\/p>\n<p>Ba\u015f\u0131ndan beri y\u00fcksek faizle bor\u00e7lanma yapmad\u0131klar\u0131n\u0131n alt\u0131n\u0131 \u00e7izen Se\u00e7er, bir \u00f6nceki y\u00f6netimin hatas\u0131na d\u00fc\u015fmeyece\u011fini belirterek, &#8220;Biz y\u00fcksek faizle bor\u00e7lanarak, bizden \u00f6nce yap\u0131lm\u0131\u015f hatalar\u0131 yapmay\u0131z. Bu belediye 2018&#8217;in Aral\u0131k ay\u0131nda y\u00fczde 31.5 faizle bor\u00e7land\u0131r\u0131lm\u0131\u015f bir belediyedir. Ben ayn\u0131 hesaps\u0131zl\u0131\u011f\u0131, plans\u0131zl\u0131\u011f\u0131 yapmam&#8221; dedi.<\/p>\n<p>Bor\u00e7lanma yetkisinin 250 milyon lira olmas\u0131na ra\u011fmen, bunun sadece 27 milyon liras\u0131n\u0131 bor\u00e7land\u0131\u011f\u0131n\u0131 vurgulayan Se\u00e7er, &#8220;Ben bu k\u00f6t\u00fcl\u00fc\u011f\u00fc Mersin halk\u0131na yapmad\u0131m, yapmam da. Bu y\u0131l 310 milyon lira; sadece \u0130ller Bankas\u0131&#8217;ndan 100 milyon kullanaca\u011f\u0131m, onun da yar\u0131s\u0131n\u0131 kulland\u0131m. Bankalarla g\u00f6r\u00fc\u015fme halindeyim. E\u011fer bana uygun faiz oran\u0131 vermezlerse, asla bug\u00fcn\u00fcn k\u00f6t\u00fc miras\u0131n\u0131 yar\u0131n \u00e7ocuklar\u0131m\u0131za b\u0131rakmaya vicdan\u0131m raz\u0131 olmaz. Belediyemizin mali disiplini tamd\u0131r, ciddiyeti tamd\u0131r, bor\u00e7lu bir belediye de\u011fildir; aksine taahh\u00fctlerini yerine getiren bir belediyedir&#8221; diye konu\u015ftu.<\/p>\n<p>&#8220;Biz bankamatik\u00e7ilerin k\u00f6k\u00fcn\u00fc kaz\u0131d\u0131k&#8221;<\/p>\n<p>B\u00fcy\u00fck\u015fehir Belediyesi&#8217;nde bankamatik personeli oldu\u011fu y\u00f6n\u00fcndeki iddialara da yan\u0131t veren Ba\u015fkan Se\u00e7er, &#8220;Bankamatik\u00e7i, benim en \u00e7ok alerjim olan konudur. Ba\u015fkalar\u0131n\u0131n yapt\u0131\u011f\u0131n\u0131 ele\u015ftirirken, biz ayn\u0131 hatay\u0131 yaparsak inand\u0131r\u0131c\u0131l\u0131\u011f\u0131m\u0131z olmaz. Bana b\u00f6yle bir ki\u015fi getirin, ben onun \u00f6nce amiri ile ilgili gere\u011fini yapar\u0131m, sonra da onunla ilgili&#8221; ifadelerini kulland\u0131.<\/p>\n<p>&#8220;Kentsel Tasar\u0131m \u00e7al\u0131\u015fmalar\u0131m\u0131z devam ediyor&#8221;<\/p>\n<p>Mersin B\u00fcy\u00fck\u015fehir Belediyesi b\u00fcnyesinde \u015fu anda 5 tane kre\u015fin faaliyette oldu\u011fu bilgisini veren Se\u00e7er, 1 y\u0131l sonra bu say\u0131y\u0131 2 kat\u0131na \u00e7\u0131karabileceklerini s\u00f6yledi. Ta\u015f Bina&#8217;daki birimlerin k\u0131sa s\u00fcrede yeni yerine ta\u015f\u0131naca\u011f\u0131n\u0131 ve Ta\u015f Bina&#8217;n\u0131n restorasyonunun ba\u015flayaca\u011f\u0131n\u0131 ifade eden Se\u00e7er, K\u0131rm\u0131z\u0131-Lacivert&#8217;teki birimlerin ve MESK\u0130&#8217;nin de ayn\u0131 s\u00fcre\u00e7te yeni yerlerine ge\u00e7ece\u011fini kaydetti. <\/p>\n<p>\u00c7aml\u0131bel Kentsel Tasar\u0131m ihalesinin yap\u0131ld\u0131\u011f\u0131n\u0131, \u0130stiklal Caddesi Kentsel Tasar\u0131m \u00e7al\u0131\u015fmas\u0131n\u0131n ilk etab\u0131n\u0131n Aral\u0131k ay\u0131n\u0131n ortalar\u0131nda bitece\u011fini belirten Se\u00e7er, &#8220;\u0130kinci etap daha h\u0131zl\u0131 olacak. \u00c7\u00fcnk\u00fc baz\u0131 aksakl\u0131klar\u0131 g\u00f6rd\u00fck ve tedbirlerimizi ald\u0131k. Bu \u00e7al\u0131\u015fma bittikten hemen sonra firma \u00c7aml\u0131bel&#8217;e giriyor ve ard\u0131ndan da Karaduvar. Orada sadece imarda revizyonlar yap\u0131yoruz ve bu da s\u00fcre\u00e7 al\u0131yor. \u015eubat ay\u0131 sonuna kadar, oran\u0131n ilk 2 etab\u0131n\u0131n \u00e7al\u0131\u015fmalar\u0131na da ba\u015flayaca\u011f\u0131z&#8221; ifadelerini kulland\u0131.<\/p>\n<p> Belediye&#8217;ye ba\u011fl\u0131 daire ba\u015fkanl\u0131klar\u0131n\u0131n b\u00fct\u00e7elerini, 1 y\u0131l boyunca yapacaklar\u0131 yat\u0131r\u0131mlara uygun \u015fekilde belirlediklerini belirten Se\u00e7er, Meclis \u00dcyeleri&#8217;ne ba\u015fta altyap\u0131, yol, i\u00e7me suyu, ula\u015f\u0131m, tar\u0131msal alan olmak \u00fczere hayata ge\u00e7irdikleri projeler hakk\u0131nda bilgi verdi.<\/p>\n<p>&#8220;Benim feveranl\u0131\u011f\u0131m, vatanda\u015f\u0131m ad\u0131na can\u0131m\u0131n yanmas\u0131ndan kaynakl\u0131&#8221;<\/p>\n<p>Meclis \u00e7o\u011funlu\u011funa dayal\u0131 sistem gere\u011fi, Meclis&#8217;ten belli d\u00f6nemlerde talep etti\u011fi bor\u00e7lanma yetkilerini alamad\u0131\u011f\u0131n\u0131 hat\u0131rlatan Se\u00e7er, &#8220;Bor\u00e7lanma konusunda feveran etti\u011fim s\u00f6yleniyor. Benim feveranl\u0131\u011f\u0131m, vatanda\u015f\u0131m ad\u0131na can\u0131m\u0131n yanmas\u0131ndan kaynakl\u0131d\u0131r, kendi ad\u0131ma de\u011fil. Vatanda\u015f\u0131m\u0131n hakk\u0131n\u0131 koruma i\u00e7g\u00fcd\u00fcs\u00fcnden kaynakl\u0131 bir feverand\u0131r bu&#8221; diye yan\u0131t verdi.<\/p>\n<p>&#8220;Kimse ortada en kahraman belediye ba\u015fkan\u0131 pozuyla dola\u015fmas\u0131n&#8221;<\/p>\n<p>Siyasi hesaplar oldu\u011fu kadar, yarg\u0131 kar\u015f\u0131s\u0131nda da verilecek hesaplar oldu\u011funa dikkat \u00e7eken Se\u00e7er, &#8220;Benim babam\u0131n o\u011flu da olsa, do\u011fru g\u00f6rd\u00fc\u011f\u00fcm\u00fc, do\u011fru bildi\u011fimi anlatmak, a\u00e7\u0131klamak zorunday\u0131m. Bu ba\u015fka bir partinin Belediye Ba\u015fkan\u0131, benim partimin Belediye Ba\u015fkan\u0131 meselesi de\u011fil. Bunlar\u0131 da ortaya koyaca\u011f\u0131m ki, ortal\u0131\u011fa d\u00f6k\u00fcl\u00fcp en kahraman belediye ba\u015fkan\u0131y\u0131m pozlar\u0131nda kimse dola\u015fmas\u0131n&#8221; diye konu\u015ftu.<\/p>\n<p>B\u00fcy\u00fck\u015fehir b\u00fct\u00e7esi oy birli\u011fiyle kabul edildi<\/p>\n<p>Mersin B\u00fcy\u00fck\u015fehir Belediyesi 2023 Mali Y\u0131l\u0131 B\u00fct\u00e7esi ile ilgili Plan ve B\u00fct\u00e7e Komisyonu&#8217;na havale edilen konu Meclis Toplant\u0131s\u0131&#8217;nda, Komisyon&#8217;dan geldi\u011fi \u015fekliyle madde madde ve tek tek isim okutularak oyland\u0131. Madde madde oylanan ve 2023 y\u0131l\u0131 gider b\u00fct\u00e7esi kalemleri ile gelir b\u00fct\u00e7esi kalemlerinin de tek tek okutularak oyland\u0131\u011f\u0131 2023 Mali Y\u0131l\u0131 B\u00fct\u00e7esi, B\u00fcy\u00fck\u015fehir Belediye Meclisi&#8217;nde kabul edildi. <\/p>\n<p>Ba\u015fkan Se\u00e7er 2023 Mali Y\u0131l\u0131 B\u00fct\u00e7esi ile ilgili eme\u011fi ge\u00e7enlere te\u015fekk\u00fcr ederek, &#8220;B\u00fct\u00e7emiz kabul edilmi\u015ftir. Te\u015fekk\u00fcr ediyorum. \u0130n\u015fallah hep beraber 2023 y\u0131l\u0131nda b\u00fct\u00e7emizi uygulayaca\u011f\u0131z ve b\u00fct\u00e7e ger\u00e7ekle\u015fme oran\u0131m\u0131z\u0131 da en iyi noktalarda tamamlayaca\u011f\u0131z. Eme\u011fi ge\u00e7en Komisyondaki arkada\u015flar\u0131m\u0131za, ba\u015fta b\u00fct\u00e7emizi haz\u0131rlayan b\u00fcrokratlar\u0131m\u0131za, t\u00fcm belediye \u00e7al\u0131\u015fanlar\u0131m\u0131za, Meclis \u00fcyelerimize te\u015fekk\u00fcr ediyorum&#8221; dedi.<\/p>\n<p>Toplant\u0131da ayr\u0131ca, Mersin B\u00fcy\u00fck\u015fehir Belediyesi 2023 Mali Y\u0131l\u0131 Vergi, Har\u00e7 ve \u00dccret Tarifesi ile ilgili Plan ve B\u00fct\u00e7e Komisyonu&#8217;na havale edilen konu da oy \u00e7oklu\u011fuyla kabul edildi.<\/p>\n","protected":false},"excerpt":{"rendered":"<p>Mersin B\u00fcy\u00fck\u015fehir Belediye Meclisi&#8217;nin Kas\u0131m Ay\u0131 3. Birle\u015fim toplant\u0131s\u0131 ger\u00e7ekle\u015ftirildi. Toplant\u0131da Mersin B\u00fcy\u00fck\u015fehir Belediyesi 2023 Mali B\u00fct\u00e7esi, 10 milyar 680 milyon TL olarak kabul edildi. Al\u0131nan kararla ilgili konu\u015fan Mersin &hellip; <a href=\"https:\/\/akdenizolaygazetesi.com\/?p=22533\" class=\"more-link\">Devam\u0131n\u0131 Oku&#8230;<\/a><\/p>\n","protected":false},"author":2,"featured_media":22534,"comment_status":"open","ping_status":"open","sticky":false,"template":"","format":"standard","meta":[],"categories":[8,2,3],"tags":[],"_links":{"self":[{"href":"https:\/\/akdenizolaygazetesi.com\/index.php?rest_route=\/wp\/v2\/posts\/22533"}],"collection":[{"href":"https:\/\/akdenizolaygazetesi.com\/index.php?rest_route=\/wp\/v2\/posts"}],"about":[{"href":"https:\/\/akdenizolaygazetesi.com\/index.php?rest_route=\/wp\/v2\/types\/post"}],"author":[{"embeddable":true,"href":"https:\/\/akdenizolaygazetesi.com\/index.php?rest_route=\/wp\/v2\/users\/2"}],"replies":[{"embeddable":true,"href":"https:\/\/akdenizolaygazetesi.com\/index.php?rest_route=%2Fwp%2Fv2%2Fcomments&post=22533"}],"version-history":[{"count":1,"href":"https:\/\/akdenizolaygazetesi.com\/index.php?rest_route=\/wp\/v2\/posts\/22533\/revisions"}],"predecessor-version":[{"id":22535,"href":"https:\/\/akdenizolaygazetesi.com\/index.php?rest_route=\/wp\/v2\/posts\/22533\/revisions\/22535"}],"wp:featuredmedia":[{"embeddable":true,"href":"https:\/\/akdenizolaygazetesi.com\/index.php?rest_route=\/wp\/v2\/media\/22534"}],"wp:attachment":[{"href":"https:\/\/akdenizolaygazetesi.com\/index.php?rest_route=%2Fwp%2Fv2%2Fmedia&parent=22533"}],"wp:term":[{"taxonomy":"category","embeddable":true,"href":"https:\/\/akdenizolaygazetesi.com\/index.php?rest_route=%2Fwp%2Fv2%2Fcategories&post=22533"},{"taxonomy":"post_tag","embeddable":true,"href":"https:\/\/akdenizolaygazetesi.com\/index.php?rest_route=%2Fwp%2Fv2%2Ftags&post=22533"}],"curies":[{"name":"wp","href":"https:\/\/api.w.org\/{rel}","templated":true}]}}