{"id":22539,"date":"2022-11-26T17:41:59","date_gmt":"2022-11-26T14:41:59","guid":{"rendered":"http:\/\/akdenizolaygazetesi.com\/?p=22539"},"modified":"2022-11-26T17:41:59","modified_gmt":"2022-11-26T14:41:59","slug":"doga-bizi-cagiriyor-bu-kez-kadina-yonelik-siddete-karsi-uluslararasi-mucadele-gunu-kapsaminda-gerceklesti","status":"publish","type":"post","link":"https:\/\/akdenizolaygazetesi.com\/?p=22539","title":{"rendered":"&#8216;DO\u011eA B\u0130Z\u0130 \u00c7A\u011eIRIYOR&#8217; BU KEZ &#8216;KADINA Y\u00d6NEL\u0130K \u015e\u0130DDETE KAR\u015eI ULUSLARARASI M\u00dcCADELE G\u00dcN\u00dc&#8217; KAPSAMINDA GER\u00c7EKLE\u015eT\u0130"},"content":{"rendered":"<p>Mersin B\u00fcy\u00fck\u015fehir Belediyesi Kad\u0131n ve Aile Hizmetleri Dairesi b\u00fcnyesinde geleneksel hale getirilen &#8216;Do\u011fa Bizi \u00c7a\u011f\u0131r\u0131yor&#8217; etkinlikleriyle vatanda\u015flar, her seferinde farkl\u0131 yerleri deneyimlemenin keyfini ya\u015farken, do\u011fayla da i\u00e7 i\u00e7e bir g\u00fcn ge\u00e7irme f\u0131rsat\u0131 buluyor.<\/p>\n<p>Tarsus&#8217;un Sa\u011fl\u0131kl\u0131 Mahallesi&#8217;ni gezdiler<\/p>\n<p>B\u00fcy\u00fck\u015fehir Belediyesi b\u00fcnyesinde ger\u00e7ekle\u015fen &#8216;Do\u011fa Bizi \u00c7a\u011f\u0131r\u0131yor&#8217; etkinlikleri kapsam\u0131nda bu kez, K\u00fclt\u00fcr ve Sosyal \u0130\u015fler Dairesi Ba\u015fkanl\u0131\u011f\u0131 ile Kad\u0131n ve Aile Hizmetleri Daire Ba\u015fkanl\u0131\u011f\u0131 koordinasyonunda &#8217;25 Kas\u0131m Kad\u0131na Y\u00f6nelik \u015eiddete Kar\u015f\u0131 Uluslararas\u0131 M\u00fccadele G\u00fcn\u00fc&#8217; kapsam\u0131nda, Tarsus&#8217;un Sa\u011fl\u0131kl\u0131 Mahallesi&#8217;ne gezi d\u00fczenlendi.<\/p>\n<p>Gezide kad\u0131na y\u00f6nelik \u015fiddete fark\u0131ndal\u0131k olu\u015fturmak ama\u00e7l\u0131 bilgilendirme yap\u0131ld\u0131<\/p>\n<p>Geziye kat\u0131lan vatanda\u015flar, Sa\u011fl\u0131kl\u0131 Mahallesi&#8217;nde Roma Kap\u0131s\u0131&#8217;ndan ge\u00e7erek antik yolu deneyimledi ve ard\u0131ndan Psikolog Yaren K\u0131rat taraf\u0131ndan, kad\u0131na y\u00f6nelik \u015fiddete fark\u0131ndal\u0131k olu\u015fturmak ama\u00e7l\u0131 bilgilendirme yap\u0131ld\u0131.<\/p>\n<p>Gezide ayr\u0131ca B\u00fcy\u00fck\u015fehir Belediyesi Kent Orkestras\u0131 da sahne al\u0131rken, verdikleri konser ile ziyaret\u00e7iler keyifli bir gezi ge\u00e7irdi.<\/p>\n","protected":false},"excerpt":{"rendered":"<p>Mersin B\u00fcy\u00fck\u015fehir Belediyesi Kad\u0131n ve Aile Hizmetleri Dairesi b\u00fcnyesinde geleneksel hale getirilen &#8216;Do\u011fa Bizi \u00c7a\u011f\u0131r\u0131yor&#8217; etkinlikleriyle vatanda\u015flar, her seferinde farkl\u0131 yerleri deneyimlemenin keyfini ya\u015farken, do\u011fayla da i\u00e7 i\u00e7e bir g\u00fcn &hellip; <a href=\"https:\/\/akdenizolaygazetesi.com\/?p=22539\" class=\"more-link\">Devam\u0131n\u0131 Oku&#8230;<\/a><\/p>\n","protected":false},"author":2,"featured_media":22540,"comment_status":"open","ping_status":"open","sticky":false,"template":"","format":"standard","meta":[],"categories":[3],"tags":[],"_links":{"self":[{"href":"https:\/\/akdenizolaygazetesi.com\/index.php?rest_route=\/wp\/v2\/posts\/22539"}],"collection":[{"href":"https:\/\/akdenizolaygazetesi.com\/index.php?rest_route=\/wp\/v2\/posts"}],"about":[{"href":"https:\/\/akdenizolaygazetesi.com\/index.php?rest_route=\/wp\/v2\/types\/post"}],"author":[{"embeddable":true,"href":"https:\/\/akdenizolaygazetesi.com\/index.php?rest_route=\/wp\/v2\/users\/2"}],"replies":[{"embeddable":true,"href":"https:\/\/akdenizolaygazetesi.com\/index.php?rest_route=%2Fwp%2Fv2%2Fcomments&post=22539"}],"version-history":[{"count":1,"href":"https:\/\/akdenizolaygazetesi.com\/index.php?rest_route=\/wp\/v2\/posts\/22539\/revisions"}],"predecessor-version":[{"id":22541,"href":"https:\/\/akdenizolaygazetesi.com\/index.php?rest_route=\/wp\/v2\/posts\/22539\/revisions\/22541"}],"wp:featuredmedia":[{"embeddable":true,"href":"https:\/\/akdenizolaygazetesi.com\/index.php?rest_route=\/wp\/v2\/media\/22540"}],"wp:attachment":[{"href":"https:\/\/akdenizolaygazetesi.com\/index.php?rest_route=%2Fwp%2Fv2%2Fmedia&parent=22539"}],"wp:term":[{"taxonomy":"category","embeddable":true,"href":"https:\/\/akdenizolaygazetesi.com\/index.php?rest_route=%2Fwp%2Fv2%2Fcategories&post=22539"},{"taxonomy":"post_tag","embeddable":true,"href":"https:\/\/akdenizolaygazetesi.com\/index.php?rest_route=%2Fwp%2Fv2%2Ftags&post=22539"}],"curies":[{"name":"wp","href":"https:\/\/api.w.org\/{rel}","templated":true}]}}