{"id":22551,"date":"2022-11-27T14:54:26","date_gmt":"2022-11-27T11:54:26","guid":{"rendered":"http:\/\/akdenizolaygazetesi.com\/?p=22551"},"modified":"2022-11-27T14:54:26","modified_gmt":"2022-11-27T11:54:26","slug":"secer-ogrencilerimize-ogretimden-once-egitim-verin","status":"publish","type":"post","link":"https:\/\/akdenizolaygazetesi.com\/?p=22551","title":{"rendered":"SE\u00c7ER: &#8220;\u00d6\u011eRENC\u0130LER\u0130M\u0130ZE \u00d6\u011eRET\u0130MDEN \u00d6NCE E\u011e\u0130T\u0130M VER\u0130N&#8221;"},"content":{"rendered":"<p>Mersin B\u00fcy\u00fck\u015fehir Belediye Ba\u015fkan\u0131 Vahap Se\u00e7er, B\u00fcy\u00fck\u015fehir Belediyesi Sosyal Hizmetler Dairesi taraf\u0131ndan d\u00fczenlenen &#8216;\u00d6\u011fretmenler G\u00fcn\u00fc Etkinli\u011fi&#8217;ne kat\u0131ld\u0131. E\u011fitim ve \u00d6\u011fretimi Destekleme Kurs Merkezleri \u00f6\u011fretmenleri, \u00f6\u011frenciler ve ailelerinin de kat\u0131ld\u0131\u011f\u0131 etkinlik, Kongre ve Sergi Saray\u0131&#8217;nda ger\u00e7ekle\u015fti.<br \/>\nBa\u015fkan Se\u00e7er: &#8220;\u00c7ocuklar\u0131m\u0131za \u00f6\u011fretimden \u00f6nce e\u011fitim verin&#8221;<br \/>\nBa\u015f\u00f6\u011fretmen Mustafa Kemal Atat\u00fcrk&#8217;\u00fc sayg\u0131yla anarak konu\u015fmas\u0131na ba\u015flayan Ba\u015fkan Se\u00e7er, \u00f6\u011frenmenin ya\u015f\u0131 olmad\u0131\u011f\u0131n\u0131 ve hayat boyu devam etti\u011fini belirtti. \u00d6\u011frenilen \u015feylerin bir s\u00fcre sonra topluma ve gelecek ku\u015faklara yans\u0131t\u0131ld\u0131\u011f\u0131n\u0131 ifade eden Se\u00e7er, &#8220;E\u011fitimli toplumda ya\u015famak, e\u011fitimli toplumda olmak insan\u0131 mutlu k\u0131lar, huzurlu k\u0131lar. E\u011fitimli toplum yasalara ve kurallara riayet eder. Kimse haks\u0131zl\u0131k, hukuksuzluk yapmaz. Bunlar e\u011fitimle olur&#8221; dedi.<br \/>\nE\u011fitim ve \u00d6\u011fretimi Destekleme Kurs Merkezleri&#8217;nde e\u011fitim veren \u00f6\u011fretmenlere seslenen Se\u00e7er, &#8220;Benim sizlerden istedi\u011fim; \u00f6\u011frencilerimize \u00f6\u011fretimden \u00f6nce e\u011fitim vermeniz. Bize inan\u0131n, kendinizi g\u00fcvende hissedin ki, o duygular\u0131 \u00f6\u011frencilerinize de yans\u0131t\u0131n&#8221; diye konu\u015ftu.<br \/>\nVatan\u0131n\u0131 ve milletini ger\u00e7ekten seven insanlar\u0131n; kimsenin hakk\u0131na tecav\u00fcz etmeyen, kamu mal\u0131n\u0131 israf etmeyen, yetim hakk\u0131n\u0131 kimseye ne yediren ne yiyen, gelecek ku\u015faklar\u0131 d\u00fc\u015f\u00fcnen, insanl\u0131k i\u00e7in hizmet eden insanlar oldu\u011funu kaydeden Se\u00e7er, &#8220;\u00c7ocuklar\u0131m\u0131za ideolojik olarak yakla\u015fmay\u0131n. Bizim belirli temel ilkelerimiz var, \u00e7izgilerimiz var; bir tanesi tart\u0131\u015fmas\u0131z laik, demokratik T\u00fcrkiye Cumhuriyeti&#8217;ni kuran Atat\u00fcrk&#8217;t\u00fcr, bayra\u011f\u0131m\u0131zd\u0131r ve vatan\u0131m\u0131zd\u0131r. Bizim i\u00e7in gerisi teferruatt\u0131r&#8221; dedi.<br \/>\n&#8220;E\u011fitimsiz toplumlar\u0131n d\u00fcnyayla rekabet etme \u015fans\u0131 yok&#8221;<br \/>\n\u00dclkelerin geli\u015fmi\u015flik seviyelerinin e\u011fitime ba\u011fl\u0131 oldu\u011funu vurgulayan Se\u00e7er, e\u011fitimli toplumlar\u0131n, sorunlar\u0131n \u00fcstesinden gelme noktas\u0131nda, cahil toplumlara g\u00f6re daha avantajl\u0131 oldu\u011funu vurgulad\u0131. E\u011fitimsiz toplumlar\u0131n, d\u00fcnyayla rekabet etme \u015fanslar\u0131n\u0131n da olmad\u0131\u011f\u0131n\u0131 ve hep y\u00f6netilen olduklar\u0131n\u0131 belirten Se\u00e7er, &#8220;Biz kimseyi y\u00f6netmeyelim, ama y\u00f6netilmeyelim de. Tam ba\u011f\u0131ms\u0131z bir \u00fclkede ya\u015fayal\u0131m. Emin olabilirsiniz ki T\u00fcrkiye bug\u00fcnden \u00e7ok daha g\u00fczel olur. Hi\u00e7 merak etmeyin; d\u00fcnyada geli\u015fmi\u015f demokrasilerde, geli\u015fmi\u015f toplumlarda hi\u00e7bir \u015fey geli\u015fmi\u015f uluslar\u0131n kuca\u011f\u0131na kimse taraf\u0131ndan verilmedi. Ama bizim bir \u015fans\u0131m\u0131z vard\u0131. Ulu \u00d6nder Mustafa Kemal Atat\u00fcrk gibi ulusal bir kahraman\u0131m\u0131z sayesinde, bug\u00fcn \u00e7ok \u00f6nemli de\u011ferlere kavu\u015ftuk&#8221; ifadelerini kulland\u0131.<br \/>\n&#8220;\u00d6\u011fretmenlik bir meslek de\u011fil, sevgi i\u015fi&#8221;<br \/>\nMersin&#8217;de 17 merkezde, 374 \u00f6\u011fretmenle 6 bin 500 \u00f6\u011frenciye e\u011fitim ve \u00f6\u011fretim hizmeti verdiklerinin alt\u0131n\u0131 \u00e7izen Se\u00e7er, &#8220;Sizler \u00f6nemli bir g\u00f6rev yap\u0131yorsunuz. \u00d6\u011fretmenlik bir meslek de\u011fil. \u00d6\u011fretmenlik sevgi i\u015fi. Belediye Ba\u015fkanl\u0131\u011f\u0131 gibi. \u0130kisi de topluma hizmet ediyor. Asl\u0131nda Belediye Ba\u015fkan\u0131 da, gelecek ku\u015faklara ya\u015fayacaklar\u0131 d\u00fcnyay\u0131 tesis ediyor, kenti haz\u0131r ediyor ya da k\u00f6t\u00fc bir miras b\u0131rak\u0131yor, ama \u00f6\u011fretmenlerimiz de \u00f6yle. Bu nedenle kendinizi \u00f6nemli hissedin&#8221; dedi.<br \/>\n&#8220;Bizim amac\u0131m\u0131z, e\u011fitimde f\u0131rsat e\u015fitli\u011fini tesis etmek&#8221;<\/p>\n<p>B\u00fcy\u00fck\u015fehir Belediyesi&#8217;nin kurs merkezlerine gelen \u00e7ocuklar\u0131n ailelerinin,  geliri y\u00fcksek aileler olmad\u0131\u011f\u0131n\u0131, orta-alt ya da alt geliri olan aileler oldu\u011funu dile getiren Se\u00e7er, &#8220;Zaten bu e\u011fitim merkezlerinin temel amac\u0131, e\u011fitimde f\u0131rsat e\u015fitli\u011fidir. Onun i\u00e7in kent genelinde 17 ayr\u0131 noktada a\u00e7t\u0131k. Dezavantajl\u0131 ailelerimizin ya\u015fad\u0131\u011f\u0131 mahallelere dahi biz e\u011fitim merkezlerimizi ta\u015f\u0131yal\u0131m, \u00e7ocuklar\u0131m\u0131z e\u011fitim als\u0131n, en iyi liseleri, en iyi \u00fcniversiteleri kazans\u0131n diye. Varl\u0131kl\u0131 ailelerin \u00e7ocuklar\u0131n\u0131n okudu\u011fu yerlerde okumak, bu \u00e7ocuklar\u0131n da hakk\u0131d\u0131r. \u0130\u015fte e\u011fitimde f\u0131rsat e\u015fitli\u011fi bu&#8221; dedi.<\/p>\n<p>&#8220;\u00c7orba da\u011f\u0131tmas\u0131n\u0131 da, e\u011fitim vermesini de, yol yapmas\u0131n\u0131 da biliriz&#8221;<br \/>\nB\u00fct\u00fcn kurs merkezlerinde \u00f6\u011frencilere sabahlar\u0131 s\u0131cak \u00e7orba da\u011f\u0131t\u0131m\u0131 ve LGS kurs merkezlerinde de \u00f6\u011flen yemek da\u011f\u0131t\u0131m\u0131 ger\u00e7ekle\u015ftirildi\u011finin alt\u0131n\u0131 \u00e7izen Se\u00e7er, &#8220;Bu hizmetler, onlar i\u00e7in \u00f6nemli. Hep s\u00f6yl\u00fcyorum, bunu s\u00f6yleyece\u011fim, bunu s\u00f6ylemem laz\u0131m. Bana &#8216;\u00c7orbac\u0131 Ba\u015fkan&#8217; diyorlard\u0131. Biz \u00e7orba da\u011f\u0131tmas\u0131n\u0131 da biliriz, yemek da\u011f\u0131tmas\u0131n\u0131 da biliriz,  insanlara umut vermesini de biliriz, yol yapmas\u0131n\u0131 da biliriz, kald\u0131r\u0131m yapmas\u0131n\u0131 da biliriz. Ama her \u015feyden \u00f6nemlisi biz Mersin halk\u0131na sevgimizi verdik&#8221; diye konu\u015ftu.<br \/>\n\u00d6\u011fretmenlerin, merkezi y\u00f6netimin \u00e7\u00f6zmesi gereken sorunlar\u0131 oldu\u011funu bildi\u011fini ve kendisinin de bir siyaset\u00e7i olarak yak\u0131ndan ilgilendi\u011fi konular\u0131n ba\u015f\u0131nda bu sorunlar\u0131n oldu\u011funu belirten Se\u00e7er, B\u00fcy\u00fck\u015fehir Belediyesi&#8217;nde g\u00f6rev yapan \u00f6\u011fretmenlerin, belediye \u015fartlar\u0131 i\u00e7erisinde en iyi noktalarda olmas\u0131 i\u00e7in, kendisinin \u00f6\u011fretmenlerin taraf\u0131nda oldu\u011funu s\u00f6yledi.<\/p>\n<p>&#8220;Mersin&#8217;in marka kent olma h\u00fcviyetine \u00e7ok \u00f6nemli katk\u0131 yap\u0131yorsunuz&#8221;<\/p>\n<p>Bu kentte ya\u015fayan \u00e7ocuklara besledi\u011fi duygunun, iki evlad\u0131na besledi\u011fi duygudan farkl\u0131 olmad\u0131\u011f\u0131n\u0131 vurgulayan Se\u00e7er, &#8220;\u0130ki evlad\u0131m\u0131 ne kadar seviyorsam, b\u00fct\u00fcn \u00e7ocuklar\u0131 da o kadar seviyorum. Sizler de \u00f6ylesiniz. Yoksa iyi bir \u00f6\u011fretmen de\u011filsinizdir. \u0130yi bir \u00f6\u011fretmen de\u011filseniz, zaten bizimle beraber de\u011filsinizdir. E\u011fitim verdi\u011finiz, gelece\u011fe haz\u0131rlad\u0131\u011f\u0131n\u0131z \u00e7ocuklar\u0131m ad\u0131na, sizlerin \u00f6n\u00fcnde sayg\u0131yla e\u011filiyorum&#8221; ifadelerini kulland\u0131.   <\/p>\n<p>T\u00fcrkiye&#8217;nin ve d\u00fcnyan\u0131n her yerinde e\u011fitimli Mersinlilerin olmas\u0131n\u0131 \u00e7ok istedi\u011fini de s\u00f6zlerine ekleyen Se\u00e7er, &#8220;Ben istiyorum ki Mersin, uluslararas\u0131 arenada tan\u0131nan bir kent olsun. Bu da ancak; iyi yeti\u015fmi\u015f insan\u0131yla olur, marka kent olma h\u00fcviyetiyle olur. Siz de Mersinin marka kent olma h\u00fcviyetine \u00e7ok \u00f6nemli katk\u0131 yap\u0131yorsunuz. Hep beraber \u00fclkemize, insanl\u0131\u011fa katk\u0131 sunmak i\u00e7in durmadan, y\u0131lmadan, usanmadan \u00e7al\u0131\u015fmaya devam edece\u011fiz&#8221; dedi.<\/p>\n<p>\u00d6zel: &#8220;E\u011fitimde f\u0131rsat e\u015fitli\u011fini ama\u00e7layan bir Belediye Ba\u015fkan\u0131&#8217;n\u0131n y\u00f6netti\u011fi kurumun \u00f6\u011fretmenleriyiz&#8221;<br \/>\nMersin B\u00fcy\u00fck\u015fehir Belediyesi Halkkent Kurs Merkezi Fen Bilgisi \u00d6\u011fretmeni Gizem \u00d6zel, \u00f6\u011fretmenler ad\u0131na bir konu\u015fma yapt\u0131. \u00d6zel, Ba\u015fkan Se\u00e7er&#8217;in e\u011fitime, \u00f6\u011frenciye ve velilere verdi\u011fi destekleri anlatarak, &#8220;E\u011fitimin her alan\u0131nda f\u0131rsat e\u015fitli\u011fini ama\u00e7layan ve sosyal belediyecili\u011fi ilke edinmi\u015f bir Belediye Ba\u015fkan\u0131&#8217;n\u0131n y\u00f6netti\u011fi kurumun \u00f6\u011fretmenleriyiz. En kutsal meslek olarak bilinen \u00f6\u011fretmenli\u011fi yapmam\u0131za vesile olan, &#8216;bir toplum e\u011fitimcisine ne kadar de\u011fer verirse, gelece\u011fine o kadar g\u00fcvenle bakar&#8217; diyerek, \u00f6\u011fretmenin her zaman yan\u0131nda olan Ba\u015fkan\u0131m\u0131z Say\u0131n Vahap Se\u00e7er&#8217;e, b\u00fct\u00fcn \u00f6\u011fretmen arkada\u015flar\u0131m ad\u0131na te\u015fekk\u00fcr ederim&#8221; dedi.<br \/>\nKarao\u011flu: &#8220;Bana verdi\u011finiz deste\u011fi \u00f6mr\u00fcm\u00fcn sonuna kadar unutamam&#8221;<br \/>\nTarsus \u015eubesi&#8217;nde e\u011fitim alan ve \u0130ngilizce \u00d6\u011fretmenli\u011fi B\u00f6l\u00fcm\u00fc&#8217;n\u00fc kazanan S\u0131la Karao\u011flu, &#8220;Ba\u015fta sayg\u0131de\u011fer Ba\u015fkan\u0131m Vahap Se\u00e7er, k\u0131ymetli b\u00fcy\u00fcklerim ve onlarla ayn\u0131 mesle\u011fi yapmaya aday oldu\u011fum say\u0131n \u00f6\u011fretmenlerim, bana verdi\u011finiz deste\u011fi \u00f6mr\u00fcm\u00fcn sonuna kadar unutamam. Bug\u00fcn e\u011fer ki bu kutsal mesle\u011fi yapmaya adaysam, sizin bundaki eme\u011finizi sadece ben de\u011fil, hi\u00e7bir \u00f6\u011frenciniz g\u00f6z ard\u0131 edemez. Sadece ders veren bir kurum de\u011fil, gerekti\u011finde aile olan, derslerin yan\u0131nda bizi bilgileri ile hayata haz\u0131rlayan \u00f6\u011fretmenlerin var oldu\u011fu bu kuruma ne kadar minnettar olsak az olacakt\u0131r&#8221; diye belirtti.<br \/>\nSar\u0131kaya:  &#8220;Kursta ald\u0131\u011f\u0131m e\u011fitim sonucu Fen Lisesi&#8217;ni kazand\u0131m&#8221;<br \/>\nTarsus Mithatpa\u015fa Kurs Merkezi&#8217;nde e\u011fitim alan ve Fen Lisesi&#8217;ni kazanan Tuana Sar\u0131kaya, LGS \u00f6\u011frencileri ad\u0131na konu\u015ftu. Sar\u0131kaya, &#8220;Tarsus Mithatpa\u015fa Kurs Merkezi&#8217;nde ald\u0131\u011f\u0131m e\u011fitim, bana b\u00fcy\u00fck katk\u0131lar sa\u011flad\u0131. Bunun sonucunda 75. Y\u0131l Fen Lisesi&#8217;ni kazand\u0131m. Bu s\u00fcre\u00e7te her an\u0131mda yan\u0131mda olan \u00f6\u011fretmenlerime te\u015fekk\u00fcr ediyorum. \u00dczerimde emekleri \u00e7ok fazla&#8221; diye konu\u015ftu.<br \/>\n\u00c7\u0131nar: &#8220;B\u00fcy\u00fck\u015fehir sayesinde okuyabiliyorum, yapamad\u0131klar\u0131n\u0131 yapabiliyorum&#8221;<br \/>\nTurgut T\u00fcrkalp \u015eubesi&#8217;nde ilk kez okuma yazmay\u0131 \u00f6\u011frenen S\u0131d\u0131ka \u00c7\u0131nar da, okuma yazmay\u0131 yeni \u00f6\u011frenen \u00f6\u011frenciler ad\u0131na konu\u015ftu. B\u00fcy\u00fck\u015fehir Belediyesi sayesinde okuma yazma \u00f6\u011frendi\u011fini g\u00f6zya\u015flar\u0131 i\u00e7erisinde anlatan \u00c7\u0131nar, &#8220;Ge\u00e7en sene okuma yazma kursuna giden \u00f6\u011frencilerden biriyim. Okuyabiliyorum, hastanelere gidebiliyorum, yapamad\u0131klar\u0131m\u0131 yapabiliyorum. Sonsuz te\u015fekk\u00fcrlerimi iletiyorum&#8221; dedi.<br \/>\nBa\u015fkan Se\u00e7er konu\u015fmas\u0131n\u0131n ard\u0131ndan, t\u00fcm \u00f6\u011fretmenler ad\u0131na Gizem \u00d6zel \u00f6\u011fretmene hediye ve \u00e7i\u00e7ek takdim etti. Ard\u0131ndan Ba\u015fkan Se\u00e7er, Gizem \u00f6\u011fretmen ile birlikte sahnede t\u00fcm salonu da alarak selfie yapt\u0131. Etkinlik, Mersin B\u00fcy\u00fck\u015fehir Belediyesi Kent Orkestras\u0131&#8217;n\u0131n konseri ile devam etti.<\/p>\n","protected":false},"excerpt":{"rendered":"<p>Mersin B\u00fcy\u00fck\u015fehir Belediye Ba\u015fkan\u0131 Vahap Se\u00e7er, B\u00fcy\u00fck\u015fehir Belediyesi Sosyal Hizmetler Dairesi taraf\u0131ndan d\u00fczenlenen &#8216;\u00d6\u011fretmenler G\u00fcn\u00fc Etkinli\u011fi&#8217;ne kat\u0131ld\u0131. E\u011fitim ve \u00d6\u011fretimi Destekleme Kurs Merkezleri \u00f6\u011fretmenleri, \u00f6\u011frenciler ve ailelerinin de kat\u0131ld\u0131\u011f\u0131 etkinlik, &hellip; <a href=\"https:\/\/akdenizolaygazetesi.com\/?p=22551\" class=\"more-link\">Devam\u0131n\u0131 Oku&#8230;<\/a><\/p>\n","protected":false},"author":2,"featured_media":22552,"comment_status":"open","ping_status":"open","sticky":false,"template":"","format":"standard","meta":[],"categories":[3],"tags":[],"_links":{"self":[{"href":"https:\/\/akdenizolaygazetesi.com\/index.php?rest_route=\/wp\/v2\/posts\/22551"}],"collection":[{"href":"https:\/\/akdenizolaygazetesi.com\/index.php?rest_route=\/wp\/v2\/posts"}],"about":[{"href":"https:\/\/akdenizolaygazetesi.com\/index.php?rest_route=\/wp\/v2\/types\/post"}],"author":[{"embeddable":true,"href":"https:\/\/akdenizolaygazetesi.com\/index.php?rest_route=\/wp\/v2\/users\/2"}],"replies":[{"embeddable":true,"href":"https:\/\/akdenizolaygazetesi.com\/index.php?rest_route=%2Fwp%2Fv2%2Fcomments&post=22551"}],"version-history":[{"count":1,"href":"https:\/\/akdenizolaygazetesi.com\/index.php?rest_route=\/wp\/v2\/posts\/22551\/revisions"}],"predecessor-version":[{"id":22553,"href":"https:\/\/akdenizolaygazetesi.com\/index.php?rest_route=\/wp\/v2\/posts\/22551\/revisions\/22553"}],"wp:featuredmedia":[{"embeddable":true,"href":"https:\/\/akdenizolaygazetesi.com\/index.php?rest_route=\/wp\/v2\/media\/22552"}],"wp:attachment":[{"href":"https:\/\/akdenizolaygazetesi.com\/index.php?rest_route=%2Fwp%2Fv2%2Fmedia&parent=22551"}],"wp:term":[{"taxonomy":"category","embeddable":true,"href":"https:\/\/akdenizolaygazetesi.com\/index.php?rest_route=%2Fwp%2Fv2%2Fcategories&post=22551"},{"taxonomy":"post_tag","embeddable":true,"href":"https:\/\/akdenizolaygazetesi.com\/index.php?rest_route=%2Fwp%2Fv2%2Ftags&post=22551"}],"curies":[{"name":"wp","href":"https:\/\/api.w.org\/{rel}","templated":true}]}}