{"id":22554,"date":"2022-11-27T14:56:29","date_gmt":"2022-11-27T11:56:29","guid":{"rendered":"http:\/\/akdenizolaygazetesi.com\/?p=22554"},"modified":"2022-11-27T14:56:29","modified_gmt":"2022-11-27T11:56:29","slug":"tarihi-ticaret-yolu-yeniden-kullaniliyor","status":"publish","type":"post","link":"https:\/\/akdenizolaygazetesi.com\/?p=22554","title":{"rendered":"TAR\u0130H\u0130 T\u0130CARET YOLU YEN\u0130DEN KULLANILIYOR"},"content":{"rendered":"<p>Mersin B\u00fcy\u00fck\u015fehir Belediyesi Yol Yap\u0131m Bak\u0131m ve Onar\u0131m Dairesi Ba\u015fkanl\u0131\u011f\u0131 ekipleri, tar\u0131msal \u00fcretim faaliyetlerinin yo\u011fun oldu\u011fu b\u00f6lgelerde, ula\u015f\u0131m altyap\u0131s\u0131n\u0131n kalitesini y\u00fckseltmeye devam ediyor.<\/p>\n<p>Tarsus&#8217;un Karg\u0131l\u0131 Mahallesi ile Adana&#8217;n\u0131n K\u00fc\u00e7\u00fck\u00e7\u0131ld\u0131r\u0131m ve B\u00fcy\u00fck\u00e7\u0131ld\u0131r\u0131m Mahalleleri aras\u0131nda kalan ve pamuk ekiminin yo\u011fun yap\u0131ld\u0131\u011f\u0131 d\u00f6nemlerde s\u0131k kullan\u0131lan tarihi ticaret yolu, B\u00fcy\u00fck\u015fehir Belediyesi ekiplerinin \u00e7al\u0131\u015fmas\u0131yla \u00e7ift kat sathi asfalt ile kapland\u0131.<\/p>\n<p>5,5 kilometrelik yol, g\u00fcvenli ge\u00e7i\u015f yap\u0131l\u0131r duruma getirildi<\/p>\n<p>Bozuk zemini nedeniyle son d\u00f6nemde tercih edilmeyen 5,5 kilometre uzunlu\u011fundaki yol a\u011f\u0131nda, \u00f6nce zemin iyile\u015ftirme faaliyetini yerine getiren B\u00fcy\u00fck\u015fehir Belediyesi ekipleri, ard\u0131ndan \u00e7ift kat sathi asfalt serim i\u015flemini uygulad\u0131. Yap\u0131lan \u00e7al\u0131\u015fma neticesinde vatanda\u015flar\u0131n kar\u015f\u0131l\u0131kl\u0131 seferlerde mesafesi k\u0131salarak, hem zamandan hem de akaryak\u0131ttan tasarruf sa\u011flanm\u0131\u015f oldu.<\/p>\n<p>Muhtar Irgal: &#8220;Bu yol, iki vilayeti birbirine ba\u011flayan tarihi bir yoldur&#8221;<\/p>\n<p>Yolun asfaltlanmas\u0131n\u0131n mutlulu\u011funu ya\u015fad\u0131klar\u0131n\u0131 kaydeden Karg\u0131l\u0131 Mahallesi Muhtar\u0131 M\u00fcnir Irgal, &#8220;Bu yap\u0131lan yol, iki vilayeti birbirine ba\u011flayan tarihi bir yoldur. Ayn\u0131 zamanda \u00e7ift\u00e7ilerin de olduk\u00e7a yo\u011fun kulland\u0131\u011f\u0131 bir yoldur. Bu yolu tekrar d\u00fczenleyen Vahap Se\u00e7er Ba\u015fkan\u0131m\u0131za \u00e7ok te\u015fekk\u00fcr ediyoruz. T\u00fcm alanlarda yapt\u0131\u011f\u0131 ba\u015far\u0131l\u0131 \u00e7al\u0131\u015fmalar\u0131n\u0131n da devam\u0131n\u0131 diliyorum&#8221; dedi.<\/p>\n<p>Muhtar Ceyhan: &#8220;Buras\u0131 b\u00fct\u00fcn arazilerimizin ge\u00e7i\u015f noktas\u0131&#8221;<\/p>\n<p>Adana B\u00fcy\u00fck\u00e7\u0131ld\u0131r\u0131m Mahalle Muhtar\u0131 Alpaslan Ceyhan ise, &#8220;Mersin B\u00fcy\u00fck\u015fehir Belediyesi&#8217;ne sonsuz te\u015fekk\u00fcrler ediyorum. Buras\u0131, Tarsus&#8217;a pamuk g\u00f6t\u00fcrd\u00fc\u011f\u00fcm\u00fcz yollar\u0131m\u0131zdan biriydi. B\u00fct\u00fcn arazilerimizin ge\u00e7i\u015f noktas\u0131, ana yollar\u0131m\u0131zdan birisi. Eskiden yol k\u00f6t\u00fc oldu\u011fu i\u00e7in, Karg\u0131l\u0131&#8217;ya gidip gelemiyorduk. Yenice&#8217;yi doland\u0131\u011f\u0131m\u0131z zaman da 20 kilometre gidiyorduk. Ama yol d\u00fczeltilince, aram\u0131z 5,5 kilometreye d\u00fc\u015ft\u00fc. Her \u015fey i\u00e7in te\u015fekk\u00fcr ederim&#8221; ifadelerini kulland\u0131.<\/p>\n<p>B\u00fcy\u00fck\u00e7\u0131ld\u0131r\u0131m Mahallesi i\u00e7erisinde kalan yollar\u0131n da, Adana B\u00fcy\u00fck\u015fehir Belediyesi taraf\u0131ndan yap\u0131ld\u0131\u011f\u0131n\u0131 kaydeden Muhtar Ceyhan, &#8220;Buras\u0131, Mersin B\u00fcy\u00fck\u015fehir Belediyesi ile Adana B\u00fcy\u00fck\u015fehir Belediyesi&#8217;nin \u00e7al\u0131\u015fmalar\u0131n\u0131n birle\u015fme noktas\u0131 oldu. \u0130kisinin i\u015fbirli\u011fi ile k\u00f6y\u00fcm\u00fcz\u00fcn g\u00fczel bir yolu olmu\u015f oldu&#8221; \u015feklinde konu\u015ftu.<\/p>\n","protected":false},"excerpt":{"rendered":"<p>Mersin B\u00fcy\u00fck\u015fehir Belediyesi Yol Yap\u0131m Bak\u0131m ve Onar\u0131m Dairesi Ba\u015fkanl\u0131\u011f\u0131 ekipleri, tar\u0131msal \u00fcretim faaliyetlerinin yo\u011fun oldu\u011fu b\u00f6lgelerde, ula\u015f\u0131m altyap\u0131s\u0131n\u0131n kalitesini y\u00fckseltmeye devam ediyor. Tarsus&#8217;un Karg\u0131l\u0131 Mahallesi ile Adana&#8217;n\u0131n K\u00fc\u00e7\u00fck\u00e7\u0131ld\u0131r\u0131m ve &hellip; <a href=\"https:\/\/akdenizolaygazetesi.com\/?p=22554\" class=\"more-link\">Devam\u0131n\u0131 Oku&#8230;<\/a><\/p>\n","protected":false},"author":2,"featured_media":22555,"comment_status":"open","ping_status":"open","sticky":false,"template":"","format":"standard","meta":[],"categories":[3,5],"tags":[],"_links":{"self":[{"href":"https:\/\/akdenizolaygazetesi.com\/index.php?rest_route=\/wp\/v2\/posts\/22554"}],"collection":[{"href":"https:\/\/akdenizolaygazetesi.com\/index.php?rest_route=\/wp\/v2\/posts"}],"about":[{"href":"https:\/\/akdenizolaygazetesi.com\/index.php?rest_route=\/wp\/v2\/types\/post"}],"author":[{"embeddable":true,"href":"https:\/\/akdenizolaygazetesi.com\/index.php?rest_route=\/wp\/v2\/users\/2"}],"replies":[{"embeddable":true,"href":"https:\/\/akdenizolaygazetesi.com\/index.php?rest_route=%2Fwp%2Fv2%2Fcomments&post=22554"}],"version-history":[{"count":1,"href":"https:\/\/akdenizolaygazetesi.com\/index.php?rest_route=\/wp\/v2\/posts\/22554\/revisions"}],"predecessor-version":[{"id":22556,"href":"https:\/\/akdenizolaygazetesi.com\/index.php?rest_route=\/wp\/v2\/posts\/22554\/revisions\/22556"}],"wp:featuredmedia":[{"embeddable":true,"href":"https:\/\/akdenizolaygazetesi.com\/index.php?rest_route=\/wp\/v2\/media\/22555"}],"wp:attachment":[{"href":"https:\/\/akdenizolaygazetesi.com\/index.php?rest_route=%2Fwp%2Fv2%2Fmedia&parent=22554"}],"wp:term":[{"taxonomy":"category","embeddable":true,"href":"https:\/\/akdenizolaygazetesi.com\/index.php?rest_route=%2Fwp%2Fv2%2Fcategories&post=22554"},{"taxonomy":"post_tag","embeddable":true,"href":"https:\/\/akdenizolaygazetesi.com\/index.php?rest_route=%2Fwp%2Fv2%2Ftags&post=22554"}],"curies":[{"name":"wp","href":"https:\/\/api.w.org\/{rel}","templated":true}]}}