{"id":22560,"date":"2022-11-28T13:29:07","date_gmt":"2022-11-28T10:29:07","guid":{"rendered":"http:\/\/akdenizolaygazetesi.com\/?p=22560"},"modified":"2022-11-28T13:29:07","modified_gmt":"2022-11-28T10:29:07","slug":"gelecegin-buyuklerine-dis-sagliginin-onemi-anlatildi","status":"publish","type":"post","link":"https:\/\/akdenizolaygazetesi.com\/?p=22560","title":{"rendered":"GELECE\u011e\u0130N B\u00dcY\u00dcKLER\u0130NE D\u0130\u015e SA\u011eLI\u011eININ \u00d6NEM\u0130 ANLATILDI"},"content":{"rendered":"<p>Mersin B\u00fcy\u00fck\u015fehir Belediyesi Mersin Su ve Kanalizasyon \u0130daresi (MESK\u0130) Genel M\u00fcd\u00fcrl\u00fc\u011f\u00fc, 21-27 Kas\u0131m A\u011f\u0131z ve Di\u015f Sa\u011fl\u0131\u011f\u0131 Haftas\u0131 kapsam\u0131nda anaokulu, ilkokul ve ortaokul \u00f6\u011frencilerine, su tasarrufu ile a\u011f\u0131z ve di\u015f sa\u011fl\u0131\u011f\u0131 e\u011fitimleri verdi.<br \/>\nMESK\u0130 Genel M\u00fcd\u00fcrl\u00fc\u011f\u00fc Bas\u0131n Yay\u0131n ve Halkla \u0130li\u015fkiler \u015eube M\u00fcd\u00fcrl\u00fc\u011f\u00fc, 2022-2023 e\u011fitim-\u00f6\u011fretim y\u0131l\u0131nda anaokulu, ilkokul ve ortaokullarda devam etti\u011fi su tasarrufu e\u011fitimlerinin yan\u0131 s\u0131ra, a\u011f\u0131z ve di\u015f sa\u011fl\u0131\u011f\u0131 hakk\u0131nda da \u00f6\u011frencileri bilgilendirdi. E\u011fitimlerde \u00f6\u011frencilere suyun \u00f6nemi ve su tasarrufu konusunda kapsaml\u0131 bir sunum ger\u00e7ekle\u015ftirildi. Sunumla birlikte a\u011f\u0131z ve di\u015f sa\u011fl\u0131\u011f\u0131, do\u011fru di\u015f f\u0131r\u00e7alama konular\u0131n\u0131n \u00f6nemi \u00f6\u011frencilere anlat\u0131ld\u0131.<br \/>\n\u00d6\u011frencilere izletilen e\u011flenceli ve yararl\u0131 animasyon videosu ile hemen ard\u0131ndan yap\u0131lan soru-cevap b\u00f6l\u00fcm\u00fcnde ise bilgilerin peki\u015ftirilmesi sa\u011fland\u0131. E\u011fitimin ard\u0131ndan di\u015f f\u0131r\u00e7as\u0131 hediye edilen \u00f6\u011frenciler, keyifli dakikalar ya\u015fad\u0131.<br \/>\nKorkmaz: &#8220;Sosyal faaliyetlerimizi de h\u0131z kesmeden s\u00fcrd\u00fcr\u00fcyoruz&#8221;<br \/>\nMESK\u0130 Genel M\u00fcd\u00fcr\u00fc \u0130rfan Korkmaz, e\u011fitimlerle ilgili olarak; &#8220;Mersin B\u00fcy\u00fck\u015fehir Belediye Ba\u015fkan\u0131m\u0131z Vahap Se\u00e7er&#8217;in \u00f6nc\u00fcl\u00fc\u011f\u00fcnde 13 il\u00e7ede ger\u00e7ekle\u015ftirdi\u011fimiz i\u00e7me suyu, kanalizasyon ve ya\u011fmursuyu yat\u0131r\u0131mlar\u0131na ara vermeden devam ediyoruz. Kentimizin altyap\u0131 ihtiya\u00e7lar\u0131na kal\u0131c\u0131 \u00e7\u00f6z\u00fcmler sunman\u0131n yan\u0131 s\u0131ra, sosyal faaliyetlerimizi de h\u0131z kesmeden s\u00fcrd\u00fcr\u00fcyoruz. Bu kapsamda \u00f6\u011frencilere verdi\u011fimiz su tasarrufu e\u011fitimleri sayesinde, daha duyarl\u0131 ve sorumluluk sahibi bireyler yeti\u015ftirmeyi ama\u00e7l\u0131yoruz. A\u011f\u0131z ve Di\u015f Sa\u011fl\u0131\u011f\u0131 Haftas\u0131 dolay\u0131s\u0131yla \u00f6\u011frencilere, tasarrufun yan\u0131nda hijyen ve a\u011f\u0131z sa\u011fl\u0131\u011f\u0131 konusunda bilgiler vererek, gelece\u011fin b\u00fcy\u00fcklerini bilin\u00e7lendirmeye katk\u0131 sunuyoruz&#8221; diye konu\u015ftu.<\/p>\n","protected":false},"excerpt":{"rendered":"<p>Mersin B\u00fcy\u00fck\u015fehir Belediyesi Mersin Su ve Kanalizasyon \u0130daresi (MESK\u0130) Genel M\u00fcd\u00fcrl\u00fc\u011f\u00fc, 21-27 Kas\u0131m A\u011f\u0131z ve Di\u015f Sa\u011fl\u0131\u011f\u0131 Haftas\u0131 kapsam\u0131nda anaokulu, ilkokul ve ortaokul \u00f6\u011frencilerine, su tasarrufu ile a\u011f\u0131z ve di\u015f &hellip; <a href=\"https:\/\/akdenizolaygazetesi.com\/?p=22560\" class=\"more-link\">Devam\u0131n\u0131 Oku&#8230;<\/a><\/p>\n","protected":false},"author":2,"featured_media":22561,"comment_status":"open","ping_status":"open","sticky":false,"template":"","format":"standard","meta":[],"categories":[3,9],"tags":[],"_links":{"self":[{"href":"https:\/\/akdenizolaygazetesi.com\/index.php?rest_route=\/wp\/v2\/posts\/22560"}],"collection":[{"href":"https:\/\/akdenizolaygazetesi.com\/index.php?rest_route=\/wp\/v2\/posts"}],"about":[{"href":"https:\/\/akdenizolaygazetesi.com\/index.php?rest_route=\/wp\/v2\/types\/post"}],"author":[{"embeddable":true,"href":"https:\/\/akdenizolaygazetesi.com\/index.php?rest_route=\/wp\/v2\/users\/2"}],"replies":[{"embeddable":true,"href":"https:\/\/akdenizolaygazetesi.com\/index.php?rest_route=%2Fwp%2Fv2%2Fcomments&post=22560"}],"version-history":[{"count":1,"href":"https:\/\/akdenizolaygazetesi.com\/index.php?rest_route=\/wp\/v2\/posts\/22560\/revisions"}],"predecessor-version":[{"id":22562,"href":"https:\/\/akdenizolaygazetesi.com\/index.php?rest_route=\/wp\/v2\/posts\/22560\/revisions\/22562"}],"wp:featuredmedia":[{"embeddable":true,"href":"https:\/\/akdenizolaygazetesi.com\/index.php?rest_route=\/wp\/v2\/media\/22561"}],"wp:attachment":[{"href":"https:\/\/akdenizolaygazetesi.com\/index.php?rest_route=%2Fwp%2Fv2%2Fmedia&parent=22560"}],"wp:term":[{"taxonomy":"category","embeddable":true,"href":"https:\/\/akdenizolaygazetesi.com\/index.php?rest_route=%2Fwp%2Fv2%2Fcategories&post=22560"},{"taxonomy":"post_tag","embeddable":true,"href":"https:\/\/akdenizolaygazetesi.com\/index.php?rest_route=%2Fwp%2Fv2%2Ftags&post=22560"}],"curies":[{"name":"wp","href":"https:\/\/api.w.org\/{rel}","templated":true}]}}