{"id":22563,"date":"2022-11-28T13:33:12","date_gmt":"2022-11-28T10:33:12","guid":{"rendered":"http:\/\/akdenizolaygazetesi.com\/?p=22563"},"modified":"2022-11-28T13:33:12","modified_gmt":"2022-11-28T10:33:12","slug":"buyuksehir-bir-kadini-daha-hayallerine-ulastirdi","status":"publish","type":"post","link":"https:\/\/akdenizolaygazetesi.com\/?p=22563","title":{"rendered":"B\u00dcY\u00dcK\u015eEH\u0130R B\u0130R KADINI DAHA HAYALLER\u0130NE ULA\u015eTIRDI"},"content":{"rendered":"<p>Kimisi \u00e7ocuklar\u0131n\u0131n e\u011fitimine katk\u0131 sunmak i\u00e7in, kimisi e\u015fine destek olmak i\u00e7in, kimisi ise hayallerine ula\u015fmak i\u00e7in el eme\u011fi, al\u0131n teri \u00fcr\u00fcnlerini insanlara ula\u015ft\u0131rmaya \u00e7al\u0131\u015fan kad\u0131nlara, Mersin B\u00fcy\u00fck\u015fehir Belediyesi&#8217;nin deste\u011fi devam ediyor.<\/p>\n<p>\u0130\u015fte bu kad\u0131nlardan birisi olan Tarsuslu G\u00fclizar Kayda, 2000 y\u0131l\u0131nda vefat eden kay\u0131npederinden kalan \u015eam Tatl\u0131s\u0131 tezg\u00e2h\u0131n\u0131, Kad\u0131n ve Aile Hizmetleri Dairesi Ba\u015fkanl\u0131\u011f\u0131&#8217;n\u0131n sundu\u011fu destek ile i\u015fyerine \u00e7evirmeyi ba\u015fard\u0131. Vatanda\u015flar\u0131n da b\u00fcy\u00fck be\u011feni ile t\u00fcketti\u011fi ev yap\u0131m\u0131 \u015eam Tatl\u0131&#8217;n\u0131n, hayat\u0131n\u0131n merkezinde oldu\u011funu s\u00f6yleyen Kayda, 1935&#8217;den beri aile lezzeti olan \u00fcr\u00fcn\u00fcn\u00fc \u00f6nce t\u00fcm T\u00fcrkiye&#8217;ye, ard\u0131ndan d\u00fcnyaya tan\u0131tmak istiyor.<\/p>\n<p>Kayda: &#8220;B\u00fcy\u00fck\u015fehir&#8217;in deste\u011fi pozitif manada \u00e7ok \u015feyi de\u011fi\u015ftirdi&#8221;<\/p>\n<p>&#8220;Gaziantep&#8217;in baklavas\u0131 patent alm\u0131\u015fsa, Tarsus \u015eam Tatl\u0131s\u0131 da almal\u0131&#8221; diyen Kayda, ba\u015far\u0131s\u0131n\u0131n s\u00fcrece\u011finden emin. 2 \u00e7ocuk annesi G\u00fclizar Kayda hik\u00e2yesini \u015fu c\u00fcmlelerle anlat\u0131yor: &#8220;\u0130\u015fimi severek, isteyerek yap\u0131yorum. \u00d6ncesinde tezg\u00e2hta sat\u0131yordum, sonras\u0131nda \u00fcretici kad\u0131n stantlar\u0131nda satmaya ba\u015flad\u0131m ve son olarak da d\u00fckk\u00e2n a\u00e7t\u0131m. B\u00fcy\u00fck\u015fehir Belediyesi&#8217;nin deste\u011fi, pozitif manada \u00e7ok \u015feyi de\u011fi\u015ftirdi. \u0130nsanlara faydal\u0131 olmay\u0131 seviyorum. \u0130\u015fimi severek yap\u0131yorum, sevgimi kat\u0131yorum. Hayata daha s\u0131k\u0131 sar\u0131ld\u0131m.&#8221;<\/p>\n<p>&#8220;Buradan elde etti\u011fim gelir ile o\u011flumu \u00fcniversiteye haz\u0131rl\u0131yorum&#8221;<\/p>\n<p>Bu i\u015ften elde etti\u011fi gelirle aile b\u00fct\u00e7esine \u00f6nemli katk\u0131 sa\u011flad\u0131\u011f\u0131n\u0131 ve \u00fcniversiteye haz\u0131rlanan o\u011flunu okuttu\u011funu s\u00f6zlerine ekleyen Kayda, &#8220;Tek ba\u015f\u0131ma m\u00fccadele ediyorum diyebilirim. E\u015fime, \u00e7ocuklar\u0131ma faydal\u0131y\u0131m. Hayat \u00e7ok zorla\u015ft\u0131, tek maa\u015fla olmuyor. \u00c7ocuklar\u0131n ge\u00e7im kayna\u011f\u0131, okul masraflar\u0131 o kadar pahaland\u0131 ki, kad\u0131nlar\u0131m\u0131z\u0131n da \u00e7al\u0131\u015fmas\u0131 laz\u0131m. \u00c7al\u0131\u015f\u0131rsak gelece\u011fe de g\u00fcvenle bakar\u0131z&#8221; \u015feklinde konu\u015ftu.<\/p>\n","protected":false},"excerpt":{"rendered":"<p>Kimisi \u00e7ocuklar\u0131n\u0131n e\u011fitimine katk\u0131 sunmak i\u00e7in, kimisi e\u015fine destek olmak i\u00e7in, kimisi ise hayallerine ula\u015fmak i\u00e7in el eme\u011fi, al\u0131n teri \u00fcr\u00fcnlerini insanlara ula\u015ft\u0131rmaya \u00e7al\u0131\u015fan kad\u0131nlara, Mersin B\u00fcy\u00fck\u015fehir Belediyesi&#8217;nin deste\u011fi devam &hellip; <a href=\"https:\/\/akdenizolaygazetesi.com\/?p=22563\" class=\"more-link\">Devam\u0131n\u0131 Oku&#8230;<\/a><\/p>\n","protected":false},"author":2,"featured_media":22564,"comment_status":"open","ping_status":"open","sticky":false,"template":"","format":"standard","meta":[],"categories":[3,5],"tags":[],"_links":{"self":[{"href":"https:\/\/akdenizolaygazetesi.com\/index.php?rest_route=\/wp\/v2\/posts\/22563"}],"collection":[{"href":"https:\/\/akdenizolaygazetesi.com\/index.php?rest_route=\/wp\/v2\/posts"}],"about":[{"href":"https:\/\/akdenizolaygazetesi.com\/index.php?rest_route=\/wp\/v2\/types\/post"}],"author":[{"embeddable":true,"href":"https:\/\/akdenizolaygazetesi.com\/index.php?rest_route=\/wp\/v2\/users\/2"}],"replies":[{"embeddable":true,"href":"https:\/\/akdenizolaygazetesi.com\/index.php?rest_route=%2Fwp%2Fv2%2Fcomments&post=22563"}],"version-history":[{"count":1,"href":"https:\/\/akdenizolaygazetesi.com\/index.php?rest_route=\/wp\/v2\/posts\/22563\/revisions"}],"predecessor-version":[{"id":22565,"href":"https:\/\/akdenizolaygazetesi.com\/index.php?rest_route=\/wp\/v2\/posts\/22563\/revisions\/22565"}],"wp:featuredmedia":[{"embeddable":true,"href":"https:\/\/akdenizolaygazetesi.com\/index.php?rest_route=\/wp\/v2\/media\/22564"}],"wp:attachment":[{"href":"https:\/\/akdenizolaygazetesi.com\/index.php?rest_route=%2Fwp%2Fv2%2Fmedia&parent=22563"}],"wp:term":[{"taxonomy":"category","embeddable":true,"href":"https:\/\/akdenizolaygazetesi.com\/index.php?rest_route=%2Fwp%2Fv2%2Fcategories&post=22563"},{"taxonomy":"post_tag","embeddable":true,"href":"https:\/\/akdenizolaygazetesi.com\/index.php?rest_route=%2Fwp%2Fv2%2Ftags&post=22563"}],"curies":[{"name":"wp","href":"https:\/\/api.w.org\/{rel}","templated":true}]}}