{"id":22572,"date":"2022-11-28T17:31:17","date_gmt":"2022-11-28T14:31:17","guid":{"rendered":"http:\/\/akdenizolaygazetesi.com\/?p=22572"},"modified":"2022-11-28T17:31:17","modified_gmt":"2022-11-28T14:31:17","slug":"akdeniz-zabitasi-okul-kantinlerini-denetledi","status":"publish","type":"post","link":"https:\/\/akdenizolaygazetesi.com\/?p=22572","title":{"rendered":"AKDEN\u0130Z ZABITASI OKUL KANT\u0130NLER\u0130N\u0130 DENETLED\u0130"},"content":{"rendered":"<p>Akdeniz Belediyesi Zab\u0131ta M\u00fcd\u00fcrl\u00fc\u011f\u00fc ekipleri, ara tatilin ard\u0131ndan e\u011fitim \u00f6\u011fretim d\u00f6neminin ba\u015flamas\u0131yla birlikte il\u00e7e genelinde bulunan okul kantinlerine y\u00f6nelik denetim ve kontrollerini s\u0131k\u0131la\u015ft\u0131rd\u0131.<br \/>\nHalk\u0131n sa\u011fl\u0131\u011f\u0131, huzuru ve esenli\u011fi i\u00e7in 7 g\u00fcn 24 saat esas\u0131na g\u00f6re g\u00f6revinin ba\u015f\u0131nda olan Akdeniz Belediyesi Zab\u0131ta M\u00fcd\u00fcrl\u00fc\u011f\u00fc, ara tatilin bitmesi ve yeni e\u011fitim-\u00f6\u011fretim d\u00f6neminin ba\u015flamas\u0131yla birlikte il\u00e7e s\u0131n\u0131rlar\u0131nda yer alan e\u011fitim yuvalar\u0131nda faaliyet g\u00f6steren kantinleri denetledi.<br \/>\nMen\u015fei belirsiz, son kullanma tarihi ge\u00e7mi\u015f \u00fcr\u00fcn olup olmad\u0131\u011f\u0131 incelendi<br \/>\nZab\u0131ta ekipleri, yapt\u0131klar\u0131 kontrollerde, \u00e7ocuklar\u0131n sa\u011fl\u0131\u011f\u0131n\u0131 tehdit edebilecek merdiven alt\u0131 \u00fcretim tabir edilen men\u015fei belirsiz, son kullanma tarihi ge\u00e7mi\u015f veya a\u00e7\u0131kta \u00fcr\u00fcn sat\u0131\u015f\u0131 olup olmad\u0131\u011f\u0131n\u0131 denetledi. Denetimde kantinlerin genel temizli\u011fi ve personelin hijyen kurallar\u0131na uyup uymad\u0131\u011f\u0131 da incelendi.<br \/>\nEksikleri tespit edilen kantinler uyar\u0131ld\u0131<br \/>\n\u0130\u015fyeri ruhsatlar\u0131n\u0131n da kontrol edildi\u011fi uygulamada, eksi\u011fi g\u00f6r\u00fclen kimi kantin sahipleri uyar\u0131ld\u0131, eksikleri en k\u0131sa s\u00fcrede gidermeleri i\u00e7in yasal s\u00fcre verildi. Zab\u0131ta ekipleri; uyar\u0131lar\u0131 dikkate almay\u0131p eksikliklerini gidermeyen i\u015fletme sahiplerini, k\u0131sa s\u00fcre sonra yapacaklar\u0131 ikinci denetimlerde ilgili yasalar gere\u011fi cezai i\u015flem uygulayacaklar\u0131 konusunda da uyard\u0131.<br \/>\n\u00d6\u011frenci velilerinden te\u015fekk\u00fcr<br \/>\nKantinlere y\u00f6nelik denetimlere tan\u0131k olan \u00f6\u011frenci velileri de memnuniyetlerini ifade ederek Akdeniz Belediyesi Zab\u0131ta M\u00fcd\u00fcrl\u00fc\u011f\u00fc ekiplerine te\u015fekk\u00fcr ettiler. Akdeniz\u2019de; \u00f6\u011frencilerin sa\u011fl\u0131\u011f\u0131n\u0131 korumak amac\u0131yla okul kantinleri ve okul \u00e7evrelerinde g\u0131da \u00fcretimi ve sat\u0131\u015f\u0131 yapan i\u015fyerlerine y\u00f6nelik denetimleri belirli aral\u0131klarla devam edecek.<\/p>\n","protected":false},"excerpt":{"rendered":"<p>Akdeniz Belediyesi Zab\u0131ta M\u00fcd\u00fcrl\u00fc\u011f\u00fc ekipleri, ara tatilin ard\u0131ndan e\u011fitim \u00f6\u011fretim d\u00f6neminin ba\u015flamas\u0131yla birlikte il\u00e7e genelinde bulunan okul kantinlerine y\u00f6nelik denetim ve kontrollerini s\u0131k\u0131la\u015ft\u0131rd\u0131. Halk\u0131n sa\u011fl\u0131\u011f\u0131, huzuru ve esenli\u011fi i\u00e7in 7 &hellip; <a href=\"https:\/\/akdenizolaygazetesi.com\/?p=22572\" class=\"more-link\">Devam\u0131n\u0131 Oku&#8230;<\/a><\/p>\n","protected":false},"author":2,"featured_media":22573,"comment_status":"open","ping_status":"open","sticky":false,"template":"","format":"standard","meta":[],"categories":[3,9],"tags":[],"_links":{"self":[{"href":"https:\/\/akdenizolaygazetesi.com\/index.php?rest_route=\/wp\/v2\/posts\/22572"}],"collection":[{"href":"https:\/\/akdenizolaygazetesi.com\/index.php?rest_route=\/wp\/v2\/posts"}],"about":[{"href":"https:\/\/akdenizolaygazetesi.com\/index.php?rest_route=\/wp\/v2\/types\/post"}],"author":[{"embeddable":true,"href":"https:\/\/akdenizolaygazetesi.com\/index.php?rest_route=\/wp\/v2\/users\/2"}],"replies":[{"embeddable":true,"href":"https:\/\/akdenizolaygazetesi.com\/index.php?rest_route=%2Fwp%2Fv2%2Fcomments&post=22572"}],"version-history":[{"count":1,"href":"https:\/\/akdenizolaygazetesi.com\/index.php?rest_route=\/wp\/v2\/posts\/22572\/revisions"}],"predecessor-version":[{"id":22574,"href":"https:\/\/akdenizolaygazetesi.com\/index.php?rest_route=\/wp\/v2\/posts\/22572\/revisions\/22574"}],"wp:featuredmedia":[{"embeddable":true,"href":"https:\/\/akdenizolaygazetesi.com\/index.php?rest_route=\/wp\/v2\/media\/22573"}],"wp:attachment":[{"href":"https:\/\/akdenizolaygazetesi.com\/index.php?rest_route=%2Fwp%2Fv2%2Fmedia&parent=22572"}],"wp:term":[{"taxonomy":"category","embeddable":true,"href":"https:\/\/akdenizolaygazetesi.com\/index.php?rest_route=%2Fwp%2Fv2%2Fcategories&post=22572"},{"taxonomy":"post_tag","embeddable":true,"href":"https:\/\/akdenizolaygazetesi.com\/index.php?rest_route=%2Fwp%2Fv2%2Ftags&post=22572"}],"curies":[{"name":"wp","href":"https:\/\/api.w.org\/{rel}","templated":true}]}}