{"id":22575,"date":"2022-11-28T17:33:42","date_gmt":"2022-11-28T14:33:42","guid":{"rendered":"http:\/\/akdenizolaygazetesi.com\/?p=22575"},"modified":"2022-11-28T17:33:42","modified_gmt":"2022-11-28T14:33:42","slug":"3-ocak-destani-siirlerle-anlatilacak","status":"publish","type":"post","link":"https:\/\/akdenizolaygazetesi.com\/?p=22575","title":{"rendered":"3 OCAK DESTANI \u015e\u0130\u0130RLERLE ANLATILACAK!"},"content":{"rendered":"<p>3 Ocak Mersin&#8217;in D\u00fc\u015fman \u0130\u015fgalinden Kurtulu\u015funun y\u0131l d\u00f6n\u00fcm\u00fcn\u00fc her y\u0131l d\u00fczenledi\u011fi Zafer Y\u00fcr\u00fcy\u00fc\u015f\u00fc ve etkinliklerle milli co\u015fkuya d\u00f6n\u00fc\u015ft\u00fcren Toroslar Belediyesi, bu y\u0131l da bu co\u015fkuyu ta\u00e7land\u0131rmaya haz\u0131rlan\u0131yor.<\/p>\n<p>Toroslar Belediyesinin, her y\u0131l geleneksel olarak d\u00fczenledi\u011fi &#8220;3 Ocak Mersin&#8217;in Kurtulu\u015fu&#8221; konulu \u015fiir yar\u0131\u015fmas\u0131n\u0131n ba\u015fvurular\u0131, 16 Aral\u0131k 2022 tarihinde sona erecek.<\/p>\n<p>Mersin Yazarlar Derne\u011fi (MEYAD) ile birlikte organize edilen yar\u0131\u015fmaya; 18 ya\u015f\u0131n\u0131 doldurmu\u015f olan herkes kat\u0131labilecek.<\/p>\n<p>Yar\u0131\u015fmaya kat\u0131lmak isteyenler \u015fiirlerini; 16 Aral\u0131k Cuma g\u00fcn\u00fcne kadar Mersin Yazarlar Derne\u011fi&#8217;nin mersinyazarlardernegi@gmail.com internet adresine veya 0532 771 11 91 numaral\u0131 Whatsapp hatt\u0131na ula\u015ft\u0131rabilirler.<\/p>\n<p>Birinciye tam, ikinciye yar\u0131m, \u00fc\u00e7\u00fcnc\u00fcye \u00e7eyrek alt\u0131n\u0131n verilece\u011fi yar\u0131\u015fman\u0131n sonucu ise 3 Ocak 2023 tarihinden \u00f6nce yap\u0131lacak etkinlik veya internet ortam\u0131nda yar\u0131\u015fmac\u0131lara duyurulacak. Yar\u0131\u015fman\u0131n \u015fartlar\u0131yla ilgili detayl\u0131 bilgi; Toroslar Belediyesinin www.toroslar-bld.gov.tr ve Mersin Yazarlar Derne\u011fi&#8217;nin www.mersinyazarlardernegi.org internet adresinde yer al\u0131yor.<\/p>\n<p>&#8220;Amac\u0131m\u0131z, Milli M\u00fccadele Ruhunun Yeni Nesle Aktar\u0131lmas\u0131&#8221;<\/p>\n<p>Toroslar Belediye Ba\u015fkan\u0131 Ats\u0131z Af\u015f\u0131n Y\u0131lmaz, Mersin&#8217;in d\u00fc\u015fman i\u015fgalinden kurtulu\u015fu s\u0131ras\u0131nda verilen m\u00fccadelenin anlat\u0131lmas\u0131 ve amat\u00f6r \u015fairlere f\u0131rsat verilmesinin ama\u00e7land\u0131\u011f\u0131 \u015fiir yar\u0131\u015fmas\u0131n\u0131n art\u0131k ulusal bir nitelik kazand\u0131\u011f\u0131n\u0131 s\u00f6yledi.<\/p>\n<p>Yar\u0131\u015fman\u0131n T\u00fcrkiye genelinde ilgi g\u00f6rmesinden dolay\u0131 mutluluk duyduklar\u0131n\u0131 belirten Ba\u015fkan Y\u0131lmaz, organizasyona destek veren Mersin Yazarlar Derne\u011fi Ba\u015fkan\u0131 R\u00fc\u015ft\u00fc Ayd\u0131n ve y\u00f6netim kurulu \u00fcyelerine te\u015fekk\u00fcr ederek; &#8220;Mersin&#8217;in Kurtulu\u015fu konulu \u015fiir yar\u0131\u015fmam\u0131z \u00fclkemizin d\u00f6rt bir yan\u0131nda yo\u011fun ilgi g\u00f6r\u00fcyor. Kentimizin kurtulu\u015f m\u00fccadelesini en g\u00fczel ifadelerle anlatarak bu anlamda derin hisler besleyen t\u00fcm vatanda\u015flar\u0131m\u0131za minnettar\u0131z. Her ge\u00e7en y\u0131l kat\u0131l\u0131m\u0131n artt\u0131\u011f\u0131 bu organizasyonla amac\u0131m\u0131z,  tarihi ve k\u00fclt\u00fcrel de\u011ferlerimize sahip \u00e7\u0131karak milli birlik ve beraberli\u011fimize katk\u0131 sa\u011flamak&#8221; diye konu\u015ftu.<\/p>\n","protected":false},"excerpt":{"rendered":"<p>3 Ocak Mersin&#8217;in D\u00fc\u015fman \u0130\u015fgalinden Kurtulu\u015funun y\u0131l d\u00f6n\u00fcm\u00fcn\u00fc her y\u0131l d\u00fczenledi\u011fi Zafer Y\u00fcr\u00fcy\u00fc\u015f\u00fc ve etkinliklerle milli co\u015fkuya d\u00f6n\u00fc\u015ft\u00fcren Toroslar Belediyesi, bu y\u0131l da bu co\u015fkuyu ta\u00e7land\u0131rmaya haz\u0131rlan\u0131yor. Toroslar Belediyesinin, her &hellip; <a href=\"https:\/\/akdenizolaygazetesi.com\/?p=22575\" class=\"more-link\">Devam\u0131n\u0131 Oku&#8230;<\/a><\/p>\n","protected":false},"author":2,"featured_media":22576,"comment_status":"open","ping_status":"open","sticky":false,"template":"","format":"standard","meta":[],"categories":[3],"tags":[],"_links":{"self":[{"href":"https:\/\/akdenizolaygazetesi.com\/index.php?rest_route=\/wp\/v2\/posts\/22575"}],"collection":[{"href":"https:\/\/akdenizolaygazetesi.com\/index.php?rest_route=\/wp\/v2\/posts"}],"about":[{"href":"https:\/\/akdenizolaygazetesi.com\/index.php?rest_route=\/wp\/v2\/types\/post"}],"author":[{"embeddable":true,"href":"https:\/\/akdenizolaygazetesi.com\/index.php?rest_route=\/wp\/v2\/users\/2"}],"replies":[{"embeddable":true,"href":"https:\/\/akdenizolaygazetesi.com\/index.php?rest_route=%2Fwp%2Fv2%2Fcomments&post=22575"}],"version-history":[{"count":1,"href":"https:\/\/akdenizolaygazetesi.com\/index.php?rest_route=\/wp\/v2\/posts\/22575\/revisions"}],"predecessor-version":[{"id":22577,"href":"https:\/\/akdenizolaygazetesi.com\/index.php?rest_route=\/wp\/v2\/posts\/22575\/revisions\/22577"}],"wp:featuredmedia":[{"embeddable":true,"href":"https:\/\/akdenizolaygazetesi.com\/index.php?rest_route=\/wp\/v2\/media\/22576"}],"wp:attachment":[{"href":"https:\/\/akdenizolaygazetesi.com\/index.php?rest_route=%2Fwp%2Fv2%2Fmedia&parent=22575"}],"wp:term":[{"taxonomy":"category","embeddable":true,"href":"https:\/\/akdenizolaygazetesi.com\/index.php?rest_route=%2Fwp%2Fv2%2Fcategories&post=22575"},{"taxonomy":"post_tag","embeddable":true,"href":"https:\/\/akdenizolaygazetesi.com\/index.php?rest_route=%2Fwp%2Fv2%2Ftags&post=22575"}],"curies":[{"name":"wp","href":"https:\/\/api.w.org\/{rel}","templated":true}]}}