{"id":22578,"date":"2022-11-29T13:49:18","date_gmt":"2022-11-29T10:49:18","guid":{"rendered":"http:\/\/akdenizolaygazetesi.com\/?p=22578"},"modified":"2022-11-29T13:49:18","modified_gmt":"2022-11-29T10:49:18","slug":"harika-bir-genclik-kampimiz-olacak","status":"publish","type":"post","link":"https:\/\/akdenizolaygazetesi.com\/?p=22578","title":{"rendered":"&#8220;HAR\u0130KA B\u0130R GEN\u00c7L\u0130K KAMPIMIZ OLACAK&#8221;"},"content":{"rendered":"<p>Mersin B\u00fcy\u00fck\u015fehir Belediyesi&#8217;nin, \u00e7ocuklar\u0131n ve gen\u00e7lerin e\u011flenip okul streslerini atabilmeleri i\u00e7in hizmete ald\u0131\u011f\u0131 Tarsus Gen\u00e7lik Kamp\u0131 yenileniyor. Ziyaret\u00e7ilerin daha fazla keyif alabilece\u011fi hale getirilecek olan Tarsus Gen\u00e7lik Kamp\u0131&#8217;na, mevcut alanlar\u0131n yan\u0131 s\u0131ra &#8216;Macera Park\u0131&#8217; geliyor.<\/p>\n<p>Dokucu: &#8220;Tarsus Gen\u00e7lik Kamp\u0131 \u00e7ocuklara daha uygun hale gelecek&#8221;<\/p>\n<p>Yenileme \u00e7al\u0131\u015fmalar\u0131 hakk\u0131nda bilgi veren Mersin B\u00fcy\u00fck\u015fehir Belediyesi Kad\u0131n ve Aile Hizmetleri Dairesi Ba\u015fkan\u0131 \u015eerife Haso\u011flu Dokucu, &#8220;Tarsus Gen\u00e7lik Kamp\u0131&#8217;n\u0131, \u00e7ocuklara daha uygun hale getirece\u011fiz. \u00c7ocuklara tehlike arz eden a\u011fa\u00e7lar\u0131n budamalar\u0131 yap\u0131ld\u0131. Su kenarlar\u0131n\u0131n g\u00fcvenlikleri art\u0131r\u0131l\u0131yor. Elektrik tesisatlar\u0131 yeniden g\u00f6zden ge\u00e7irilecek. B\u00fcy\u00fck bir alanda elektri\u011fimiz yoktu. Oralara elektrik verilecek&#8221; dedi.<\/p>\n<p>&#8220;\u00c7ocuklar\u0131m\u0131z i\u00e7in Macera Park\u0131 geliyor&#8221;<\/p>\n<p>Mevcut oyunlar\u0131n kald\u0131r\u0131ld\u0131\u011f\u0131n\u0131 ve yerlerine TSE damgal\u0131, g\u00fcvenlikli oyunlar getirilece\u011fini ifade eden Dokucu, &#8220;Bu oyunlar \u00e7ocuklar\u0131 biraz daha zorlayacak oyunlar. Macera park\u0131m\u0131z geliyor. Onlar\u0131n kurulmas\u0131 i\u00e7in \u00e7al\u0131\u015fmalar yap\u0131l\u0131yor. T\u00fcm alana internet organize edildi. Giri\u015f-\u00e7\u0131k\u0131\u015flar kontroll\u00fc hale getirilecek. G\u00fcvenlikli ve kay\u0131t alan bir sistem getirece\u011fiz. Bungalovlar\u0131m\u0131z yenileniyor, i\u00e7 ve d\u0131\u015f bak\u0131mlar\u0131 yap\u0131ld\u0131. Yatakhaneler \u00e7ok sa\u011fl\u0131kl\u0131 de\u011fildi, kald\u0131r\u0131ld\u0131. Onun da \u015f\u00f6yle bir avantaj\u0131 oldu. Bize daha \u00e7ok bir alan sa\u011flad\u0131. Anneleri ve \u00e7ocuklar\u0131 orada a\u011f\u0131rlamak i\u00e7in, ortam\u0131 daha da g\u00fczel ve do\u011fal hale getirdik&#8221; diye konu\u015ftu.<\/p>\n<p>&#8220;Harika bir gen\u00e7lik kamp\u0131m\u0131z olacak&#8221;<\/p>\n<p>Mevcut yemekhanenin de y\u0131k\u0131larak yerine yenisinin yap\u0131laca\u011f\u0131n\u0131 s\u00f6zlerine ekleyen Dokucu, &#8220;Ne yaz\u0131k ki b\u00f6yle zamanlarda net bir tarih veremiyoruz, ama birka\u00e7 aya kadar \u00e7ok g\u00fczel bir gen\u00e7lik kamp\u0131 olaca\u011f\u0131n\u0131 s\u00f6yleyebilirim. \u00c7ocuklar\u0131n sab\u0131rs\u0131zland\u0131\u011f\u0131n\u0131 da biliyoruz. Birazc\u0131k daha sab\u0131r, sonras\u0131nda harika bir gen\u00e7lik kamp\u0131m\u0131z olacak&#8221; ifadelerini kulland\u0131.<\/p>\n","protected":false},"excerpt":{"rendered":"<p>Mersin B\u00fcy\u00fck\u015fehir Belediyesi&#8217;nin, \u00e7ocuklar\u0131n ve gen\u00e7lerin e\u011flenip okul streslerini atabilmeleri i\u00e7in hizmete ald\u0131\u011f\u0131 Tarsus Gen\u00e7lik Kamp\u0131 yenileniyor. Ziyaret\u00e7ilerin daha fazla keyif alabilece\u011fi hale getirilecek olan Tarsus Gen\u00e7lik Kamp\u0131&#8217;na, mevcut alanlar\u0131n &hellip; <a href=\"https:\/\/akdenizolaygazetesi.com\/?p=22578\" class=\"more-link\">Devam\u0131n\u0131 Oku&#8230;<\/a><\/p>\n","protected":false},"author":2,"featured_media":22579,"comment_status":"open","ping_status":"open","sticky":false,"template":"","format":"standard","meta":[],"categories":[2,3],"tags":[],"_links":{"self":[{"href":"https:\/\/akdenizolaygazetesi.com\/index.php?rest_route=\/wp\/v2\/posts\/22578"}],"collection":[{"href":"https:\/\/akdenizolaygazetesi.com\/index.php?rest_route=\/wp\/v2\/posts"}],"about":[{"href":"https:\/\/akdenizolaygazetesi.com\/index.php?rest_route=\/wp\/v2\/types\/post"}],"author":[{"embeddable":true,"href":"https:\/\/akdenizolaygazetesi.com\/index.php?rest_route=\/wp\/v2\/users\/2"}],"replies":[{"embeddable":true,"href":"https:\/\/akdenizolaygazetesi.com\/index.php?rest_route=%2Fwp%2Fv2%2Fcomments&post=22578"}],"version-history":[{"count":1,"href":"https:\/\/akdenizolaygazetesi.com\/index.php?rest_route=\/wp\/v2\/posts\/22578\/revisions"}],"predecessor-version":[{"id":22580,"href":"https:\/\/akdenizolaygazetesi.com\/index.php?rest_route=\/wp\/v2\/posts\/22578\/revisions\/22580"}],"wp:featuredmedia":[{"embeddable":true,"href":"https:\/\/akdenizolaygazetesi.com\/index.php?rest_route=\/wp\/v2\/media\/22579"}],"wp:attachment":[{"href":"https:\/\/akdenizolaygazetesi.com\/index.php?rest_route=%2Fwp%2Fv2%2Fmedia&parent=22578"}],"wp:term":[{"taxonomy":"category","embeddable":true,"href":"https:\/\/akdenizolaygazetesi.com\/index.php?rest_route=%2Fwp%2Fv2%2Fcategories&post=22578"},{"taxonomy":"post_tag","embeddable":true,"href":"https:\/\/akdenizolaygazetesi.com\/index.php?rest_route=%2Fwp%2Fv2%2Ftags&post=22578"}],"curies":[{"name":"wp","href":"https:\/\/api.w.org\/{rel}","templated":true}]}}