{"id":22584,"date":"2022-11-29T13:54:41","date_gmt":"2022-11-29T10:54:41","guid":{"rendered":"http:\/\/akdenizolaygazetesi.com\/?p=22584"},"modified":"2022-11-29T13:54:41","modified_gmt":"2022-11-29T10:54:41","slug":"uretici-kadinlara-dijital-pazarlama-egitimi-verildi","status":"publish","type":"post","link":"https:\/\/akdenizolaygazetesi.com\/?p=22584","title":{"rendered":"\u00dcRET\u0130C\u0130 KADINLARA D\u0130J\u0130TAL PAZARLAMA E\u011e\u0130T\u0130M\u0130 VER\u0130LD\u0130"},"content":{"rendered":"<p>Mersin B\u00fcy\u00fck\u015fehir Belediyesi, \u00fcretici kad\u0131nlar\u0131 desteklemeye devam ediyor. Mersin&#8217;in 13 il\u00e7esinde ger\u00e7ekle\u015ftirilen etkinliklerde stant a\u00e7malar\u0131 sa\u011flanan \u00fcretici kad\u0131nlara, son olarak Mersin Kent Konseyi Gen\u00e7lik Meclisi ve JCI T\u00fcrkiye Mersin \u015eubesi taraf\u0131ndan, bilin\u00e7li sosyal medya kullan\u0131m\u0131 ve giri\u015fimcilik e\u011fitimi verildi.<br \/>\nMersin B\u00fcy\u00fck\u015fehir Belediyesi Kongre Merkezi&#8217;nde d\u00fczenlenen etkinli\u011fe, kendi markas\u0131n\u0131 kurma a\u015famas\u0131nda olan 40 \u00fcretici kad\u0131n kat\u0131l\u0131rken; e\u011fitimciler, yapt\u0131klar\u0131 sunumlarla onlara yeni nesil markala\u015fmada ihtiya\u00e7 duyacaklar\u0131 en \u00f6nemli konular hakk\u0131nda bilgi verdiler.<\/p>\n<p>Tu\u011fcu: &#8220;Kad\u0131nlar\u0131n, var olma s\u00fcre\u00e7lerinde aktif rolleri de\u011fi\u015fiyor&#8221;<\/p>\n<p>Etkinlik hakk\u0131nda bilgi veren Mersin Kent Konseyi Ba\u015fkan\u0131 Ayferi Tu\u011fcu, d\u00fcnyan\u0131n felsefesinin de\u011fi\u015fti\u011fini ve buna ba\u011fl\u0131 olarak da kad\u0131nlar\u0131n var olma s\u00fcre\u00e7lerinde aktif rollerinin farkl\u0131la\u015ft\u0131\u011f\u0131n\u0131 belirterek, &#8220;\u00d6zellikle giri\u015fimcilik alan\u0131nda kad\u0131nlar \u00f6nemli rolleri \u00fcstlenirken, gen\u00e7ler de bu konuda onlara destek olmaya \u00e7al\u0131\u015f\u0131yor. Ger\u00e7ekle\u015ftirdi\u011fimiz program, Mersin Kent Konseyi Gen\u00e7lik Meclisi ve JCI&#8217;\u0131n ortak bir program\u0131. Gen\u00e7ler bir araya geldiler. Kad\u0131nlar\u0131m\u0131z\u0131 \u00f6nemsediklerini dile getirdiler. Bu \u00f6nemli hafta kapsam\u0131nda da, \u00fcreten ellerle ilgili inovatif \u00e7al\u0131\u015fmalara nas\u0131l katk\u0131 sunabilecekleri y\u00f6n\u00fcnde bir program d\u00fczenlediler. Son derece de ba\u015far\u0131l\u0131 ge\u00e7ti&#8221; dedi.<\/p>\n<p>Sert: &#8220;\u00dcretici kad\u0131nlar\u0131m\u0131z, ald\u0131klar\u0131 e\u011fitimlerle daha h\u0131zl\u0131 ilerleyebilecek&#8221;<\/p>\n<p>Kad\u0131nlar\u0131n daha iyi bir e\u011fitimle, daha h\u0131zl\u0131 ilerleyebilmelerini hedef ald\u0131klar\u0131n\u0131 belirten Kad\u0131n ve Aile Hizmetleri Dairesi Ba\u015fkanl\u0131\u011f\u0131&#8217;ndan Burcu Sert ise, &#8220;\u00dcretici kad\u0131nlar\u0131m\u0131z, markala\u015fma ve geli\u015fim \u00fczerine e\u011fitim al\u0131yorlar. Bu e\u011fitimle 40 \u00fcretici kad\u0131n\u0131m\u0131z, daha iyi e\u011fitimle daha h\u0131zl\u0131 bir \u015fekilde ilerlesin diye hem sosyal medya uzmanl\u0131\u011f\u0131, hem markala\u015fma, hem de dijital tasar\u0131m odakl\u0131 d\u00fc\u015f\u00fcnme ile ilgili e\u011fitimler al\u0131yor&#8221; diye konu\u015ftu.<\/p>\n<p>&#8220;B\u00fcy\u00fck\u015fehir Belediyesi \u00e7ok g\u00fczel e\u011fitimler veriyor&#8221;<\/p>\n<p>Verilen e\u011fitimlerden \u00e7ok memnun oldu\u011funu ve b\u00fcy\u00fctmeye \u00e7al\u0131\u015ft\u0131\u011f\u0131 i\u015fleri i\u00e7in bu t\u00fcr e\u011fitimlerin \u00e7ok faydal\u0131 olaca\u011f\u0131na inand\u0131\u011f\u0131n\u0131 s\u00f6yleyen \u00fcretici kad\u0131nlardan Canan Sava\u015f, &#8220;Bu ald\u0131\u011f\u0131m e\u011fitimle; \u00fcretimimi, insanlara daha fazla nas\u0131l sunabilirim noktas\u0131nda g\u00fczel ve faydal\u0131 bilgiler ald\u0131m. Bundan sonra daha da ilerleyece\u011fimi d\u00fc\u015f\u00fcn\u00fcyorum&#8221; \u015feklinde konu\u015ftu.<\/p>\n<p>Emekli olduktan sonra tak\u0131 tasar\u0131mlar\u0131 yapmaya ba\u015flayan ve \u00fcretici kad\u0131n stantlar\u0131 ile emeklerinin kar\u015f\u0131l\u0131\u011f\u0131n\u0131 almaya ba\u015flad\u0131\u011f\u0131n\u0131 s\u00f6yleyen Aydan Bilgi\u00e7 isimli kad\u0131n ise, &#8220;B\u00fcy\u00fck\u015fehir Belediyesi \u00e7ok g\u00fczel e\u011fitimler veriyor ve dolay\u0131s\u0131yla yapt\u0131\u011f\u0131m\u0131z \u00e7al\u0131\u015fmalarda, bize a\u00e7m\u0131\u015f olduklar\u0131 stantlarda geri d\u00f6n\u00fc\u015f\u00fcmleri gayet g\u00fczel oluyor. Bu e\u011fitim de \u00e7ok g\u00fczeldi. B\u00f6yle e\u011fitimlerin olmas\u0131 \u015fart. \u00c7\u00fcnk\u00fc bu e\u011fitimler sayesinde yeni bilgiler \u00f6\u011freniyoruz. Dijital olarak da, teknik olarak da bilmemizde fayda var&#8221; ifadelerini kulland\u0131.<\/p>\n","protected":false},"excerpt":{"rendered":"<p>Mersin B\u00fcy\u00fck\u015fehir Belediyesi, \u00fcretici kad\u0131nlar\u0131 desteklemeye devam ediyor. Mersin&#8217;in 13 il\u00e7esinde ger\u00e7ekle\u015ftirilen etkinliklerde stant a\u00e7malar\u0131 sa\u011flanan \u00fcretici kad\u0131nlara, son olarak Mersin Kent Konseyi Gen\u00e7lik Meclisi ve JCI T\u00fcrkiye Mersin \u015eubesi &hellip; <a href=\"https:\/\/akdenizolaygazetesi.com\/?p=22584\" class=\"more-link\">Devam\u0131n\u0131 Oku&#8230;<\/a><\/p>\n","protected":false},"author":2,"featured_media":22585,"comment_status":"open","ping_status":"open","sticky":false,"template":"","format":"standard","meta":[],"categories":[3,5],"tags":[],"_links":{"self":[{"href":"https:\/\/akdenizolaygazetesi.com\/index.php?rest_route=\/wp\/v2\/posts\/22584"}],"collection":[{"href":"https:\/\/akdenizolaygazetesi.com\/index.php?rest_route=\/wp\/v2\/posts"}],"about":[{"href":"https:\/\/akdenizolaygazetesi.com\/index.php?rest_route=\/wp\/v2\/types\/post"}],"author":[{"embeddable":true,"href":"https:\/\/akdenizolaygazetesi.com\/index.php?rest_route=\/wp\/v2\/users\/2"}],"replies":[{"embeddable":true,"href":"https:\/\/akdenizolaygazetesi.com\/index.php?rest_route=%2Fwp%2Fv2%2Fcomments&post=22584"}],"version-history":[{"count":1,"href":"https:\/\/akdenizolaygazetesi.com\/index.php?rest_route=\/wp\/v2\/posts\/22584\/revisions"}],"predecessor-version":[{"id":22586,"href":"https:\/\/akdenizolaygazetesi.com\/index.php?rest_route=\/wp\/v2\/posts\/22584\/revisions\/22586"}],"wp:featuredmedia":[{"embeddable":true,"href":"https:\/\/akdenizolaygazetesi.com\/index.php?rest_route=\/wp\/v2\/media\/22585"}],"wp:attachment":[{"href":"https:\/\/akdenizolaygazetesi.com\/index.php?rest_route=%2Fwp%2Fv2%2Fmedia&parent=22584"}],"wp:term":[{"taxonomy":"category","embeddable":true,"href":"https:\/\/akdenizolaygazetesi.com\/index.php?rest_route=%2Fwp%2Fv2%2Fcategories&post=22584"},{"taxonomy":"post_tag","embeddable":true,"href":"https:\/\/akdenizolaygazetesi.com\/index.php?rest_route=%2Fwp%2Fv2%2Ftags&post=22584"}],"curies":[{"name":"wp","href":"https:\/\/api.w.org\/{rel}","templated":true}]}}