{"id":22590,"date":"2022-11-29T13:57:42","date_gmt":"2022-11-29T10:57:42","guid":{"rendered":"http:\/\/akdenizolaygazetesi.com\/?p=22590"},"modified":"2022-11-29T13:57:42","modified_gmt":"2022-11-29T10:57:42","slug":"toroslar-belediye-personeli-icinde-5-bin-euro-ve-3-bin-tl-bulunan-cuzdani-sahibine-ulastirdi","status":"publish","type":"post","link":"https:\/\/akdenizolaygazetesi.com\/?p=22590","title":{"rendered":"TOROSLAR BELED\u0130YE PERSONEL\u0130, \u0130\u00c7\u0130NDE 5 B\u0130N EURO ve 3 B\u0130N TL BULUNAN C\u00dcZDANI SAH\u0130B\u0130NE ULA\u015eTIRDI"},"content":{"rendered":"<p>Toroslar Belediyesi personeli Tamer Ta\u015fsoy (37), \u00f6rnek bir davran\u0131\u015fa imza att\u0131 ve parkta temizlik yaparken buldu\u011fu c\u00fczdan\u0131, sahibine teslim etti.<\/p>\n<p>Mersin&#8217;in Merkez il\u00e7esi Toroslar&#8217;da bulunan Mehmet\u00e7ik Park\u0131&#8217;nda g\u00f6revli Toroslar Belediyesi Park ve Bah\u00e7eler M\u00fcd\u00fcrl\u00fc\u011f\u00fc personeli Tamer Ta\u015fsoy, parkta temizlik yaparken oturma bank\u0131n\u0131n alt\u0131nda bir c\u00fczdan buldu.<\/p>\n<p>H\u00fcseyin Okan Merzeci Mahalle Muhtarl\u0131\u011f\u0131&#8217;na ge\u00e7erek muhtar Aziz Filiz&#8217;e ve amirlerine konuyla ilgili bilgi veren personel Ta\u015fsoy, i\u00e7erisinde kimliklerle birlikte 5 bin Euro ve 3 bin T\u00fcrk Liras\u0131 bulunan c\u00fczdan sahibi Erol Avc\u0131&#8217;ya (61) ula\u015ft\u0131.<\/p>\n<p>C\u00fczdan\u0131n i\u00e7erisindeki kart bilgilerinden c\u00fczdan sahibi ile irtibata ge\u00e7en personel Ta\u015fsoy,  Mehmet\u00e7ik Park\u0131&#8217;nda Erol Avc\u0131&#8217;ya c\u00fczdan\u0131n\u0131 teslim etti.<\/p>\n<p>Almanya&#8217;dan emekli olan ve Mersin&#8217;e ev almak i\u00e7in gelen Erol Avc\u0131, duyarl\u0131l\u0131\u011f\u0131ndan dolay\u0131 belediye personeli Ta\u015fsoy&#8217;a ve b\u00f6yle duyarl\u0131 bir personeli oldu\u011fu i\u00e7in Belediye Ba\u015fkan\u0131 Ats\u0131z Af\u015f\u0131n Y\u0131lmaz&#8217;a te\u015fekk\u00fcr etti.<\/p>\n<p>PERSONEL TA\u015eSOY; &#8220;O PARAYA ASLA DOKUNMAM&#8221;<\/p>\n<p>Toroslar Belediye Personeli Tamer Ta\u015fsoy, Akbelen Bulvar\u0131 \u00fczerinde bulunan Mehmet\u00e7ik Park\u0131&#8217;nda rutin temizlik \u00e7al\u0131\u015fmalar\u0131n\u0131 ger\u00e7ekle\u015ftirdi\u011fi s\u0131rada c\u00fczdan\u0131 fark etti\u011fini belirterek: &#8220;Bir bank\u0131n alt\u0131na d\u00fc\u015fm\u00fc\u015f c\u00fczdan oldu\u011funu g\u00f6rd\u00fcm. C\u00fczdan\u0131 al\u0131p Mahalle muhtar\u0131na gittim ve amirlerime bilgi verdim. C\u00fczdan\u0131n i\u00e7indeki yap\u0131 market yazan karttaki numaray\u0131 arayarak c\u00fczdan\u0131n sahibini tan\u0131y\u0131p tan\u0131mad\u0131\u011f\u0131n\u0131 sordum. Arad\u0131\u011f\u0131m ki\u015fi kendisini tan\u0131d\u0131\u011f\u0131n\u0131 s\u00f6yledi.  C\u00fczdan sahibinin H\u00fcseyin Okan Merzeci Mahalle Muhtarl\u0131\u011f\u0131na gelmesini istedik. Ve kendisine c\u00fczdan\u0131n\u0131 teslim ettik&#8221; diye konu\u015ftu.<\/p>\n<p>15 y\u0131ld\u0131r belediyede \u00e7al\u0131\u015fan Tamer Ta\u015fsoy, hi\u00e7bir zaman harama el s\u00fcrmeyece\u011fini belirterek; &#8220;\u015eimdiye kadar al\u0131n teriyle kazand\u0131m. Ba\u015f\u0131ma yine ayn\u0131 olay gelse yine ayn\u0131 davran\u0131\u015fta bulunurum&#8221; dedi.<\/p>\n<p>C\u00dcZDAN SAH\u0130B\u0130 AVCI; &#8220;TOROSLAR&#8217;DA \u00d6RNEK B\u0130R DAVRANI\u015eLA KAR\u015eILA\u015eTIM. \u00c7OK MUTLUYUM&#8221;<\/p>\n<p>Kaybetti\u011fi c\u00fczdan\u0131n bulunmas\u0131ndan b\u00fcy\u00fck mutluluk ya\u015fad\u0131\u011f\u0131n\u0131 s\u00f6yleyen c\u00fczdan sahibi Erol Avc\u0131: &#8220;Aslen Ni\u011fdeliyim. Almanya&#8217;dan Mersin&#8217;e ev almak i\u00e7in geldim. Portakal Mahallesi&#8217;nde akrabalar\u0131m\u0131n yan\u0131nda kal\u0131yorum. H\u00fcseyin Okan Merzeci Mahallesi&#8217;nde evlere bak\u0131yordum. Dinlenmek i\u00e7in Mehmet\u00e7ik Park\u0131&#8217;nda bir banka oturdum. C\u00fczdan, pantolonumdan d\u00fc\u015fm\u00fc\u015f, haberim yoktu. Arkada\u015f\u0131m arad\u0131, c\u00fczdan\u0131n nerede dedi. Bakt\u0131m c\u00fczdan\u0131m yok ama evde olabilir dedim. Evde olmad\u0131\u011f\u0131n\u0131 ve c\u00fczdan\u0131m\u0131n bir belediye g\u00f6revlisi taraf\u0131ndan bulundu\u011funu s\u00f6yledi. Mahalle muhtarl\u0131\u011f\u0131na gittim ve c\u00fczdan\u0131m\u0131 Tamer Bey&#8217;den teslim ald\u0131m. C\u00fczdan\u0131mda \u00f6nemli kartlar\u0131m vard\u0131. Bu d\u00fcr\u00fcstl\u00fc\u011f\u00fcnden dolay\u0131 kendisine te\u015fekk\u00fcr ederim&#8221; ifadelerini kulland\u0131.<\/p>\n<p>MUHTAR F\u0130L\u0130Z; &#8220;TOROSLAR BELED\u0130YEM\u0130ZE TE\u015eEKK\u00dcR EDER\u0130Z&#8221;<\/p>\n<p>H\u00fcseyin Okan Merzeci Mahalle Muhtar\u0131 H\u00fcseyin Filiz de Toroslar Belediye Ba\u015fkan\u0131 Ats\u0131z Af\u015f\u0131n Y\u0131lmaz&#8217;a ve ekibine te\u015fekk\u00fcr ederek; &#8220;Gurbet\u00e7i vatanda\u015f\u0131m\u0131z, mahallemizde ev ar\u0131yordu. Dinlenmek i\u00e7in oturdu\u011fu bankta c\u00fczdan\u0131n\u0131 kaybetmi\u015f. Park\u0131m\u0131zda g\u00f6revli belediye personeli temizlik yaparken c\u00fczdan\u0131 bulmu\u015f. Muhtarl\u0131\u011f\u0131m\u0131za getirdi ve sahibine birlikte teslim ettik. Duyarl\u0131 davran\u0131\u015f\u0131ndan dolay\u0131 Tamer karde\u015fimize te\u015fekk\u00fcr ediyorum. Mehmet\u00e7ik Park\u0131, kentimizin en g\u00fcvenilir park\u0131. Toroslar Belediyemize de b\u00f6yle bir personeli oldu\u011fu i\u00e7in te\u015fekk\u00fcr ederim&#8221; \u015feklinde konu\u015ftu.<\/p>\n<p>BA\u015eKAN YILMAZ; &#8220;KEND\u0130S\u0130N\u0130 Y\u00dcREKTEN KUTLUYORUM&#8221;<\/p>\n<p>Toroslar Belediye Ba\u015fkan\u0131 Ats\u0131z Af\u015f\u0131n Y\u0131lmaz da bu duyarl\u0131 davran\u0131\u015f\u0131ndan dolay\u0131 belediye personeli Tamer Ta\u015fsoy&#8217;a te\u015fekk\u00fcr ederek; &#8220;Biz, Toroslar&#8217;da b\u00fcy\u00fck bir aileyiz. El ele, g\u00f6n\u00fcl g\u00f6n\u00fcle vatanda\u015flar\u0131m\u0131z\u0131n yan\u0131nda olmaya devam edece\u011fiz. Personelimiz Tamer Ta\u015fsoy da temizlik yaparken buldu\u011fu c\u00fczdan\u0131 sahibine teslim ederek, \u00f6rnek bir davran\u0131\u015f sergiledi. Gurbet\u00e7i vatanda\u015f\u0131m\u0131z\u0131n hay\u0131r duas\u0131n\u0131 ald\u0131. Belediyemizde b\u00f6yle d\u00fcr\u00fcst \u00e7al\u0131\u015fanlar\u0131m\u0131z\u0131n olmas\u0131 bizim i\u00e7in onur ve mutluluk verici. Kendisini y\u00fcrekten kutluyorum&#8221; dedi.<\/p>\n","protected":false},"excerpt":{"rendered":"<p>Toroslar Belediyesi personeli Tamer Ta\u015fsoy (37), \u00f6rnek bir davran\u0131\u015fa imza att\u0131 ve parkta temizlik yaparken buldu\u011fu c\u00fczdan\u0131, sahibine teslim etti. Mersin&#8217;in Merkez il\u00e7esi Toroslar&#8217;da bulunan Mehmet\u00e7ik Park\u0131&#8217;nda g\u00f6revli Toroslar Belediyesi &hellip; <a href=\"https:\/\/akdenizolaygazetesi.com\/?p=22590\" class=\"more-link\">Devam\u0131n\u0131 Oku&#8230;<\/a><\/p>\n","protected":false},"author":2,"featured_media":22591,"comment_status":"open","ping_status":"open","sticky":false,"template":"","format":"standard","meta":[],"categories":[8,2,3],"tags":[],"_links":{"self":[{"href":"https:\/\/akdenizolaygazetesi.com\/index.php?rest_route=\/wp\/v2\/posts\/22590"}],"collection":[{"href":"https:\/\/akdenizolaygazetesi.com\/index.php?rest_route=\/wp\/v2\/posts"}],"about":[{"href":"https:\/\/akdenizolaygazetesi.com\/index.php?rest_route=\/wp\/v2\/types\/post"}],"author":[{"embeddable":true,"href":"https:\/\/akdenizolaygazetesi.com\/index.php?rest_route=\/wp\/v2\/users\/2"}],"replies":[{"embeddable":true,"href":"https:\/\/akdenizolaygazetesi.com\/index.php?rest_route=%2Fwp%2Fv2%2Fcomments&post=22590"}],"version-history":[{"count":1,"href":"https:\/\/akdenizolaygazetesi.com\/index.php?rest_route=\/wp\/v2\/posts\/22590\/revisions"}],"predecessor-version":[{"id":22592,"href":"https:\/\/akdenizolaygazetesi.com\/index.php?rest_route=\/wp\/v2\/posts\/22590\/revisions\/22592"}],"wp:featuredmedia":[{"embeddable":true,"href":"https:\/\/akdenizolaygazetesi.com\/index.php?rest_route=\/wp\/v2\/media\/22591"}],"wp:attachment":[{"href":"https:\/\/akdenizolaygazetesi.com\/index.php?rest_route=%2Fwp%2Fv2%2Fmedia&parent=22590"}],"wp:term":[{"taxonomy":"category","embeddable":true,"href":"https:\/\/akdenizolaygazetesi.com\/index.php?rest_route=%2Fwp%2Fv2%2Fcategories&post=22590"},{"taxonomy":"post_tag","embeddable":true,"href":"https:\/\/akdenizolaygazetesi.com\/index.php?rest_route=%2Fwp%2Fv2%2Ftags&post=22590"}],"curies":[{"name":"wp","href":"https:\/\/api.w.org\/{rel}","templated":true}]}}