{"id":22601,"date":"2022-11-30T13:24:22","date_gmt":"2022-11-30T10:24:22","guid":{"rendered":"http:\/\/akdenizolaygazetesi.com\/?p=22601"},"modified":"2022-11-30T13:24:22","modified_gmt":"2022-11-30T10:24:22","slug":"buyuksehir-personeli-yangin-konusunda-bilgilendiriliyor","status":"publish","type":"post","link":"https:\/\/akdenizolaygazetesi.com\/?p=22601","title":{"rendered":"B\u00dcY\u00dcK\u015eEH\u0130R PERSONEL\u0130 YANGIN KONUSUNDA B\u0130LG\u0130LEND\u0130R\u0130L\u0130YOR"},"content":{"rendered":"<p>Mersin B\u00fcy\u00fck\u015fehir Belediyesi&#8217;nin de\u011fi\u015fik birimlerinde \u00e7al\u0131\u015fan personelleri, olas\u0131 yang\u0131n olaylar\u0131nda nas\u0131l davran\u0131lmas\u0131 gerekti\u011fi, \u00f6zellikle yang\u0131n t\u00fcplerinin ne \u015fekilde kullan\u0131laca\u011f\u0131 konular\u0131nda, program dahilinde bilgilendirilmeye devam ediliyor.<\/p>\n<p>Mersin B\u00fcy\u00fck\u015fehir Belediyesi Muhtarl\u0131k \u0130\u015fleri Dairesi Ba\u015fkanl\u0131\u011f\u0131&#8217;na ba\u011fl\u0131 Tarsus Koordinasyon \u015eube M\u00fcd\u00fcrl\u00fc\u011f\u00fc bah\u00e7esinde ve Toplu Ta\u015f\u0131ma Grup Amirli\u011fi&#8217;nde, bu konuyla ilgili e\u011fitim \u00e7al\u0131\u015fmas\u0131 ger\u00e7ekle\u015ftirildi.<\/p>\n<p>B\u00fcy\u00fck\u015fehir Belediyesi \u0130tfaiyesi Tarsus Grup Amirli\u011fi&#8217;nde g\u00f6revli e\u011fitim amiri \u0130smail Ceyran taraf\u0131ndan ger\u00e7ekle\u015ftirilen her iki yang\u0131n bilgilendirme \u00e7al\u0131\u015fmas\u0131nda, olas\u0131 m\u00fcdahalelerde yang\u0131n t\u00fcplerinin cinsi ve kullan\u0131m \u015fekilleri hakk\u0131nda detayl\u0131 bilgi verildi.<\/p>\n<p>Mutfaklarda ocakta olu\u015fabilecek ya\u011f yang\u0131n\u0131, elektrik konta\u011f\u0131ndan kaynaklanabilecek alevlenmeler, sobadan \u00e7\u0131kabilecek yang\u0131nlar ve di\u011fer durumlarda yang\u0131n t\u00fcplerinin hangisinin nas\u0131l ve ne \u015fekilde kullan\u0131laca\u011f\u0131 hakk\u0131nda detayl\u0131 bilgi veren \u0130smail Ceyran, yang\u0131n t\u00fcplerinin kullan\u0131m\u0131 esnas\u0131nda r\u00fczgar\u0131n muhakkak arkaya al\u0131nmas\u0131 gerekti\u011finin alt\u0131n\u0131 \u00e7izdi.<\/p>\n<p>E\u011fitim \u00e7al\u0131\u015fmalar\u0131nda kontroll\u00fc olarak yak\u0131lan alanlara yang\u0131n t\u00fcpleriyle m\u00fcdahale edilerek, t\u00fcplerin kullan\u0131m \u015fekilleri personele bizzat g\u00f6sterildi.<\/p>\n","protected":false},"excerpt":{"rendered":"<p>Mersin B\u00fcy\u00fck\u015fehir Belediyesi&#8217;nin de\u011fi\u015fik birimlerinde \u00e7al\u0131\u015fan personelleri, olas\u0131 yang\u0131n olaylar\u0131nda nas\u0131l davran\u0131lmas\u0131 gerekti\u011fi, \u00f6zellikle yang\u0131n t\u00fcplerinin ne \u015fekilde kullan\u0131laca\u011f\u0131 konular\u0131nda, program dahilinde bilgilendirilmeye devam ediliyor. Mersin B\u00fcy\u00fck\u015fehir Belediyesi Muhtarl\u0131k \u0130\u015fleri &hellip; <a href=\"https:\/\/akdenizolaygazetesi.com\/?p=22601\" class=\"more-link\">Devam\u0131n\u0131 Oku&#8230;<\/a><\/p>\n","protected":false},"author":2,"featured_media":22602,"comment_status":"open","ping_status":"open","sticky":false,"template":"","format":"standard","meta":[],"categories":[3,5],"tags":[],"_links":{"self":[{"href":"https:\/\/akdenizolaygazetesi.com\/index.php?rest_route=\/wp\/v2\/posts\/22601"}],"collection":[{"href":"https:\/\/akdenizolaygazetesi.com\/index.php?rest_route=\/wp\/v2\/posts"}],"about":[{"href":"https:\/\/akdenizolaygazetesi.com\/index.php?rest_route=\/wp\/v2\/types\/post"}],"author":[{"embeddable":true,"href":"https:\/\/akdenizolaygazetesi.com\/index.php?rest_route=\/wp\/v2\/users\/2"}],"replies":[{"embeddable":true,"href":"https:\/\/akdenizolaygazetesi.com\/index.php?rest_route=%2Fwp%2Fv2%2Fcomments&post=22601"}],"version-history":[{"count":1,"href":"https:\/\/akdenizolaygazetesi.com\/index.php?rest_route=\/wp\/v2\/posts\/22601\/revisions"}],"predecessor-version":[{"id":22603,"href":"https:\/\/akdenizolaygazetesi.com\/index.php?rest_route=\/wp\/v2\/posts\/22601\/revisions\/22603"}],"wp:featuredmedia":[{"embeddable":true,"href":"https:\/\/akdenizolaygazetesi.com\/index.php?rest_route=\/wp\/v2\/media\/22602"}],"wp:attachment":[{"href":"https:\/\/akdenizolaygazetesi.com\/index.php?rest_route=%2Fwp%2Fv2%2Fmedia&parent=22601"}],"wp:term":[{"taxonomy":"category","embeddable":true,"href":"https:\/\/akdenizolaygazetesi.com\/index.php?rest_route=%2Fwp%2Fv2%2Fcategories&post=22601"},{"taxonomy":"post_tag","embeddable":true,"href":"https:\/\/akdenizolaygazetesi.com\/index.php?rest_route=%2Fwp%2Fv2%2Ftags&post=22601"}],"curies":[{"name":"wp","href":"https:\/\/api.w.org\/{rel}","templated":true}]}}