{"id":22607,"date":"2022-11-30T13:27:15","date_gmt":"2022-11-30T10:27:15","guid":{"rendered":"http:\/\/akdenizolaygazetesi.com\/?p=22607"},"modified":"2022-11-30T13:27:15","modified_gmt":"2022-11-30T10:27:15","slug":"tarim-iscilerinin-sabah-corbasi-buyuksehirden","status":"publish","type":"post","link":"https:\/\/akdenizolaygazetesi.com\/?p=22607","title":{"rendered":"TARIM \u0130\u015e\u00c7\u0130LER\u0130N\u0130N SABAH \u00c7ORBASI B\u00dcY\u00dcK\u015eEH\u0130R&#8217;DEN"},"content":{"rendered":"<p>Mersin B\u00fcy\u00fck\u015fehir Belediyesi taraf\u0131ndan, kent genelindeki 60 farkl\u0131 noktada ger\u00e7ekle\u015ftirilen &#8216;1 Ekmek 1 \u00c7orba&#8217; uygulamas\u0131, so\u011fuk k\u0131\u015f aylar\u0131nda hen\u00fcz g\u00fcn do\u011fmadan tarla ve bah\u00e7elere \u00e7al\u0131\u015fmaya giden tar\u0131m i\u015f\u00e7ileriyle de bulu\u015ftu.<\/p>\n<p>Sabah saat 5&#8217;de ba\u015flayan &#8216;1 Ekmek 1 \u00c7orba&#8217; ikram\u0131, Okan Merzeci Bulvar\u0131 ile \u00c7ift\u00e7iler Caddesi birle\u015fim kav\u015fa\u011f\u0131nda yap\u0131l\u0131yor. \u00c7al\u0131\u015fma hakk\u0131nda bilgi veren Sosyal Hizmetler Dairesi Ba\u015fkanl\u0131\u011f\u0131 Sosyal Yard\u0131mlar \u015eube M\u00fcd\u00fcr\u00fc \u00d6zlem Ya\u015far; ama\u00e7lar\u0131n\u0131n i\u015f\u00e7ilere, i\u015flerine gitmeden \u00f6nce s\u0131cak bir \u00e7orba ve ekmek ikram ederek, katk\u0131 sunmak oldu\u011funu s\u00f6yledi.<\/p>\n<p>Ya\u015far: &#8220;\u0130\u015flerinin ba\u015f\u0131na gitmeden, onlara s\u0131cak bir \u00e7orba ikram ediyoruz&#8221;<\/p>\n<p>Her g\u00fcn sabah 5&#8217;de tar\u0131m i\u015f\u00e7ilerine ikramla ba\u015flayan &#8216;1 Ekmek 1 \u00c7orba&#8217; hizmetinin, kentteki 60 farkl\u0131 noktada devam etti\u011fini belirten \u00d6zlem Ya\u015far, &#8220;\u00c7orba ikram\u0131m\u0131z, \u00f6zellikle sirk\u00fclasyonu fazla olan noktalarda, saat 9&#8217;a kadar devam ediyor. Mevsimlik tar\u0131m i\u015f\u00e7ileri, bu noktada yo\u011funlukla bulunuyor. Ge\u00e7i\u015f noktalar\u0131 2. \u00c7evre Yolu ile \u00c7ift\u00e7iler Caddesi&#8217;nin kesi\u015fimi olan bu nokta. Burada toplan\u0131p gidecekleri tarlalara, bah\u00e7elere da\u011f\u0131l\u0131yorlar. Biz de, i\u015flerinin ba\u015f\u0131na gitmeden \u00f6nce, bir s\u0131cak \u00e7orba ve ekmekle onlara katk\u0131 vermeyi ama\u00e7lad\u0131k. Bu noktada amac\u0131m\u0131za ula\u015f\u0131yoruz. Bu hizmeti sunabildi\u011fimiz ve yanlar\u0131nda olabildi\u011fimiz i\u00e7in mutluyuz&#8221; diye konu\u015ftu.<\/p>\n<p>&#8220;Sabah sabah i\u00e7imiz \u0131s\u0131nd\u0131&#8221;<\/p>\n<p>Yap\u0131lan ikramdan dolay\u0131 \u00e7ok mutlu oldu\u011funu belirten Asiye Do\u011fan isimli vatanda\u015f &#8220;\u00c7ok g\u00fczel olmu\u015f. Narenciye i\u015finde \u00e7al\u0131\u015f\u0131yoruz. Mandalina-portakal kesiyoruz. B\u00f6yle bir hizmet verdi\u011fi i\u00e7in Belediyemize te\u015fekk\u00fcr ederiz&#8221; derken, Zeynep Korkmaz isimli kad\u0131n ise &#8220;Sabah sabah i\u00e7imiz \u0131s\u0131nd\u0131&#8221; dedi.<\/p>\n<p>Da\u011f\u0131t\u0131m\u0131n yap\u0131ld\u0131\u011f\u0131 b\u00f6lgede esnafl\u0131k yapan Mehmet Ali Navruz isimli vatanda\u015f, &#8220;Burada i\u015f\u00e7iler var, \u00e7orbalar\u0131n\u0131 i\u00e7ip gidiyorlar bah\u00e7eye. Ben de burada market\u00e7ilik yap\u0131yorum, biz de hizmet yap\u0131yoruz. Ben de faydalan\u0131yorum, han\u0131mla beraber i\u00e7iyoruz. Sabahlar\u0131 \u00e7ok g\u00fczel oluyor. Havalar so\u011fudu zaten, \u00e7orba g\u00fczel geldi, insanlar\u0131n i\u00e7i \u0131s\u0131n\u0131yor&#8221; ifadelerini kulland\u0131.<\/p>\n<p>Mersin B\u00fcy\u00fck\u015fehir Belediyesi&#8217;nin, i\u015fe gitmeden \u00f6nce kendilerine b\u00f6yle bir hizmette bulunmas\u0131n\u0131n memnuniyet verici oldu\u011funu s\u00f6yleyen \u00d6mer Erener isimli 17 ya\u015f\u0131ndaki gen\u00e7, &#8220;Hizmet \u00e7ok iyi, \u00e7ok iyi bir destek program\u0131. Allah raz\u0131 olsun. \u0130yi geliyor, havalar so\u011fudu, i\u015fe gitmeden i\u00e7iyoruz ve i\u00e7imiz \u0131s\u0131n\u0131yor&#8221; \u015feklinde konu\u015ftu.<br \/>\nYap\u0131lan hizmetlerin tamam\u0131ndan memnun oldu\u011funu s\u00f6yleyen Fettullah \u00dczer ise, &#8220;S\u00fcper hizmet, Ba\u015fkandan \u00e7ok memnunuz. Bu saatte i\u015fe gidiyorum. Evden-eve i\u015fi yap\u0131yorum. \u00c7orbayla kar\u015f\u0131land\u0131k, \u00e7ok memnun kald\u0131k. Devam\u0131n\u0131n gelmesini diliyoruz&#8221; dedi.<\/p>\n","protected":false},"excerpt":{"rendered":"<p>Mersin B\u00fcy\u00fck\u015fehir Belediyesi taraf\u0131ndan, kent genelindeki 60 farkl\u0131 noktada ger\u00e7ekle\u015ftirilen &#8216;1 Ekmek 1 \u00c7orba&#8217; uygulamas\u0131, so\u011fuk k\u0131\u015f aylar\u0131nda hen\u00fcz g\u00fcn do\u011fmadan tarla ve bah\u00e7elere \u00e7al\u0131\u015fmaya giden tar\u0131m i\u015f\u00e7ileriyle de bulu\u015ftu. &hellip; <a href=\"https:\/\/akdenizolaygazetesi.com\/?p=22607\" class=\"more-link\">Devam\u0131n\u0131 Oku&#8230;<\/a><\/p>\n","protected":false},"author":2,"featured_media":22608,"comment_status":"open","ping_status":"open","sticky":false,"template":"","format":"standard","meta":[],"categories":[2,3,5],"tags":[],"_links":{"self":[{"href":"https:\/\/akdenizolaygazetesi.com\/index.php?rest_route=\/wp\/v2\/posts\/22607"}],"collection":[{"href":"https:\/\/akdenizolaygazetesi.com\/index.php?rest_route=\/wp\/v2\/posts"}],"about":[{"href":"https:\/\/akdenizolaygazetesi.com\/index.php?rest_route=\/wp\/v2\/types\/post"}],"author":[{"embeddable":true,"href":"https:\/\/akdenizolaygazetesi.com\/index.php?rest_route=\/wp\/v2\/users\/2"}],"replies":[{"embeddable":true,"href":"https:\/\/akdenizolaygazetesi.com\/index.php?rest_route=%2Fwp%2Fv2%2Fcomments&post=22607"}],"version-history":[{"count":1,"href":"https:\/\/akdenizolaygazetesi.com\/index.php?rest_route=\/wp\/v2\/posts\/22607\/revisions"}],"predecessor-version":[{"id":22609,"href":"https:\/\/akdenizolaygazetesi.com\/index.php?rest_route=\/wp\/v2\/posts\/22607\/revisions\/22609"}],"wp:featuredmedia":[{"embeddable":true,"href":"https:\/\/akdenizolaygazetesi.com\/index.php?rest_route=\/wp\/v2\/media\/22608"}],"wp:attachment":[{"href":"https:\/\/akdenizolaygazetesi.com\/index.php?rest_route=%2Fwp%2Fv2%2Fmedia&parent=22607"}],"wp:term":[{"taxonomy":"category","embeddable":true,"href":"https:\/\/akdenizolaygazetesi.com\/index.php?rest_route=%2Fwp%2Fv2%2Fcategories&post=22607"},{"taxonomy":"post_tag","embeddable":true,"href":"https:\/\/akdenizolaygazetesi.com\/index.php?rest_route=%2Fwp%2Fv2%2Ftags&post=22607"}],"curies":[{"name":"wp","href":"https:\/\/api.w.org\/{rel}","templated":true}]}}