{"id":22610,"date":"2022-11-30T13:29:49","date_gmt":"2022-11-30T10:29:49","guid":{"rendered":"http:\/\/akdenizolaygazetesi.com\/?p=22610"},"modified":"2022-11-30T13:29:50","modified_gmt":"2022-11-30T10:29:50","slug":"meclis-uyelerinden-mersin-metrosuna-ziyaret","status":"publish","type":"post","link":"https:\/\/akdenizolaygazetesi.com\/?p=22610","title":{"rendered":"MECL\u0130S \u00dcYELER\u0130NDEN MERS\u0130N METROSU&#8217;NA Z\u0130YARET"},"content":{"rendered":"\n<p>Mersin B\u00fcy\u00fck\u015fehir Belediyesi Meclis \u00dcyeleri,&nbsp;<strong>&#8216;Mersin B\u00fcy\u00fck\u015fehir Belediyesi Mezitli-3 Ocak Hafif Rayl\u0131 Sistem Metro Hatt\u0131&#8217;<\/strong>n\u0131n \u015fantiyelerini gezerek, B\u00fcy\u00fck\u015fehir Belediyesi b\u00fcrokratlar\u0131ndan \u00e7al\u0131\u015fmalar ve s\u00fcre\u00e7 hakk\u0131nda bilgi ald\u0131.<\/p>\n\n\n\n<p>Mersin B\u00fcy\u00fck\u015fehir Belediye Meclisi&#8217;nin Kas\u0131m Ay\u0131 3. Birle\u015fim Toplant\u0131s\u0131&#8217;nda Meclis \u00dcyeleri&#8217;nin Mersin Metrosu \u015fantiyesini ziyaret etme talebi, yerine getirildi. Cumhur \u0130ttifak\u0131 \u00fcyelerinden sadece Zafer \u015eahin \u00d6zturan ve Mehmet Topkara&#8217;n\u0131n kat\u0131ld\u0131\u011f\u0131 teknik inceleme ziyaretine, CHP&#8217;li \u00fcyeler Abdurrahman Y\u0131ld\u0131z, Ahmet G\u00f6kulu, Erden Do\u011fru\u00f6z ve Selahattin Arslan da kat\u0131ld\u0131. Meclis \u00dcyelerine; Mersin B\u00fcy\u00fck\u015fehir Belediyesi Genel Sekreter Yard\u0131mc\u0131s\u0131 Tar\u0131k \u0130rde, Ula\u015f\u0131m Daire Ba\u015fkan\u0131 Ersan Top\u00e7uo\u011flu ve Ba\u015fkan Dan\u0131\u015fman\u0131 Ertan Liman bilgi verdi.<\/p>\n\n\n\n<p>B\u00fcy\u00fck\u015fehir Belediyesi Meclis \u00dcyeleri ilk olarak Mersin Metrosu&#8217;nun ba\u015flang\u0131\u00e7 noktas\u0131 olan 3 Ocak Kent Meydan \u015eantiyesi&#8217;ne gitti. Burada, Metro&#8217;nun yap\u0131m s\u00fcreci hakk\u0131nda bilgi alan \u00fcyelere, metro in\u015faat \u00e7al\u0131\u015fmalar\u0131nda gelinen s\u00fcre\u00e7 hakk\u0131nda bilgiler aktar\u0131ld\u0131.<\/p>\n\n\n\n<p><strong>\u0130rde: &#8220;3 Ocak Kent Meydan\u0131 istasyonunda \u00e7al\u0131\u015fmalar s\u00fcr\u00fcyor&#8221;<\/strong><\/p>\n\n\n\n<p>Projeyle ilgili teknik bilgileri payla\u015fan ve 3 Ocak Kent Meydan\u0131 istasyonunda \u00e7al\u0131\u015fmalar\u0131n devam etti\u011fini vurgulayan Genel Sekreter Yard\u0131mc\u0131s\u0131 Tar\u0131k \u0130rde,&nbsp;<strong>&#8220;Yakla\u015f\u0131k 618 kaz\u0131\u011f\u0131n 593&#8217;\u00fc tamamland\u0131. Bunun ard\u0131ndan s\u0131ras\u0131yla Gar, \u00d6zg\u00fcr \u00c7ocuk Park\u0131, Tulumba, Mu\u011fdat, Pozcu, Barboros&#8217;a kadar TBM, ondan sonra Marina, \u00dcniversite, Mezitli Kent Meydan\u0131, Viran\u015fehir a\u00e7-kapa metodu ile olacak&#8221;&nbsp;<\/strong>bilgisini payla\u015ft\u0131.<\/p>\n\n\n\n<p><strong>Liman: &#8220;Bu i\u015f belediyenin \u00f6z kaynaklar\u0131yla olacak bir i\u015f de\u011fil&#8221;<\/strong><\/p>\n\n\n\n<p>Meclis \u00dcyeleri&#8217;nin, b\u00f6yle bir projenin belediyenin kendi \u00f6z kaynaklar\u0131 ile hayata ge\u00e7mesinin zor oldu\u011funu, i\u015fin finansal boyutu hakk\u0131nda ne gibi \u00f6nlemler al\u0131nd\u0131\u011f\u0131 y\u00f6n\u00fcndeki sorular\u0131na Ba\u015fkan Dan\u0131\u015fman\u0131 Ertan Liman,&nbsp;<strong>&#8220;Bu i\u015f elbette belediyenin \u00f6z kaynaklar\u0131yla olacak bir i\u015f de\u011fil. \u00d6z kayna\u011f\u0131m\u0131z, ancak bu i\u015fin ihale \u015fartlar\u0131nda olan %15 art\u0131 KDV&#8217;sini \u00f6der. Onun d\u0131\u015f\u0131ndaki k\u0131s\u0131m, muhakkak yurtd\u0131\u015f\u0131 ya da yurti\u00e7i kredi ile halledilebilir. Zaten bug\u00fcne kadar yapt\u0131\u011f\u0131m\u0131z i\u015fler, belediyenin 200 milyon TL&#8217;lik \u00f6z kayna\u011f\u0131 ile yap\u0131ld\u0131<\/strong>&#8221; yan\u0131t\u0131n\u0131 verdi.<\/p>\n\n\n\n<p>S\u00fcre\u00e7 hakk\u0131nda bilgiler de payla\u015fan Liman, Hazine&#8217;nin onaylamas\u0131 halinde i\u015flerin daha da h\u0131zl\u0131 y\u00fcr\u00fcyebilece\u011fini vurgulad\u0131 ve&nbsp;<strong>&#8220;Cumhurba\u015fkan\u0131&#8217;n\u0131n Yat\u0131r\u0131m Program\u0131&#8217;na ald\u0131\u011f\u0131 projemizde, Hazine&#8217;nin imzas\u0131 1 y\u0131l\u0131 a\u015fk\u0131n bir s\u00fcredir bekletiliyor. Ba\u015fkan\u0131m\u0131z bu konuyla ilgili Say\u0131n Cumhurba\u015fkan\u0131&#8217;yla da g\u00f6r\u00fc\u015fmeye gitti. Projeyi anlatt\u0131. Projemizle ilgili b\u00fct\u00fcn dosyalar\u0131 da verdi. Fakat, o g\u00fcnden bug\u00fcne kadar herhangi bir geli\u015fme olmad\u0131&#8221;<\/strong>&nbsp;ifadelerini kulland\u0131.<\/p>\n\n\n\n<p>Meclis \u00dcyeleri, daha sonra Metro&#8217;nun Yeni\u015fehir s\u0131n\u0131rlar\u0131 i\u00e7erisinde ve Divan Oteli&#8217;nin arkas\u0131nda yer alan \u015fantiye alan\u0131na ge\u00e7erek burada yer alan idari k\u0131s\u0131mlar\u0131 da gezerek bilgi ald\u0131.<\/p>\n\n\n\n<p><strong>Mersin Metrosu ve MBB&#8217;nin Rayl\u0131 Sistem Projeleri<\/strong><\/p>\n\n\n\n<p>Toplam 13.4 km uzunlu\u011fundaki Mersin Metrosu, Eski Otogar&#8217;dan ba\u015flayacak ve Mezitli Belediyesi&#8217;nin eski binas\u0131na kadar uzanacak. Temeli 3 Ocak&#8217;ta at\u0131lan metro, 11 istasyondan olu\u015facak ve i\u00e7inde sanat merkezleri, otoparklar da bulunacak. Mersin Metrosu&#8217;nun g\u00fczerg\u00e2h\u0131nda, ula\u015f\u0131m s\u00fcresinin 23 dakika olmas\u0131 \u00f6ng\u00f6r\u00fcl\u00fcyor.<\/p>\n\n\n\n<p>Metroya entegre olacak 2. Faz tramvay hatt\u0131 ise 11.5 kilometre olacak ve Mersin \u00dcniversitesi-34. Cadde hatt\u0131nda, 3. Faz ise 10.4 kilometrelik tramvay olarak Mersinli Ahmet Caddesi, \u00c7a\u011fda\u015fkent, Siteler, 3 Ocak, \u015eehir Hastanesi ve ME\u015eOT hatt\u0131 \u00fczerinde yer alacak.<\/p>\n\n\n\n<p>Hazine ve Maliye Bakanl\u0131\u011f\u0131, Belediye Meclisi&#8217;nden al\u0131nan finansman kullanma yetkisine, \u00fczerinden bir y\u0131l\u0131 a\u015fk\u0131n zaman ge\u00e7mesine ra\u011fmen onay vermedi\u011fi i\u00e7in, finansman hala kullan\u0131lamad\u0131.<\/p>\n","protected":false},"excerpt":{"rendered":"<p>Mersin B\u00fcy\u00fck\u015fehir Belediyesi Meclis \u00dcyeleri,&nbsp;&#8216;Mersin B\u00fcy\u00fck\u015fehir Belediyesi Mezitli-3 Ocak Hafif Rayl\u0131 Sistem Metro Hatt\u0131&#8217;n\u0131n \u015fantiyelerini gezerek, B\u00fcy\u00fck\u015fehir Belediyesi b\u00fcrokratlar\u0131ndan \u00e7al\u0131\u015fmalar ve s\u00fcre\u00e7 hakk\u0131nda bilgi ald\u0131. Mersin B\u00fcy\u00fck\u015fehir Belediye Meclisi&#8217;nin Kas\u0131m &hellip; <a href=\"https:\/\/akdenizolaygazetesi.com\/?p=22610\" class=\"more-link\">Devam\u0131n\u0131 Oku&#8230;<\/a><\/p>\n","protected":false},"author":2,"featured_media":22612,"comment_status":"open","ping_status":"open","sticky":false,"template":"","format":"standard","meta":[],"categories":[34,1,3,6],"tags":[],"_links":{"self":[{"href":"https:\/\/akdenizolaygazetesi.com\/index.php?rest_route=\/wp\/v2\/posts\/22610"}],"collection":[{"href":"https:\/\/akdenizolaygazetesi.com\/index.php?rest_route=\/wp\/v2\/posts"}],"about":[{"href":"https:\/\/akdenizolaygazetesi.com\/index.php?rest_route=\/wp\/v2\/types\/post"}],"author":[{"embeddable":true,"href":"https:\/\/akdenizolaygazetesi.com\/index.php?rest_route=\/wp\/v2\/users\/2"}],"replies":[{"embeddable":true,"href":"https:\/\/akdenizolaygazetesi.com\/index.php?rest_route=%2Fwp%2Fv2%2Fcomments&post=22610"}],"version-history":[{"count":1,"href":"https:\/\/akdenizolaygazetesi.com\/index.php?rest_route=\/wp\/v2\/posts\/22610\/revisions"}],"predecessor-version":[{"id":22613,"href":"https:\/\/akdenizolaygazetesi.com\/index.php?rest_route=\/wp\/v2\/posts\/22610\/revisions\/22613"}],"wp:featuredmedia":[{"embeddable":true,"href":"https:\/\/akdenizolaygazetesi.com\/index.php?rest_route=\/wp\/v2\/media\/22612"}],"wp:attachment":[{"href":"https:\/\/akdenizolaygazetesi.com\/index.php?rest_route=%2Fwp%2Fv2%2Fmedia&parent=22610"}],"wp:term":[{"taxonomy":"category","embeddable":true,"href":"https:\/\/akdenizolaygazetesi.com\/index.php?rest_route=%2Fwp%2Fv2%2Fcategories&post=22610"},{"taxonomy":"post_tag","embeddable":true,"href":"https:\/\/akdenizolaygazetesi.com\/index.php?rest_route=%2Fwp%2Fv2%2Ftags&post=22610"}],"curies":[{"name":"wp","href":"https:\/\/api.w.org\/{rel}","templated":true}]}}