{"id":22614,"date":"2022-11-30T13:31:15","date_gmt":"2022-11-30T10:31:15","guid":{"rendered":"http:\/\/akdenizolaygazetesi.com\/?p=22614"},"modified":"2022-11-30T13:31:15","modified_gmt":"2022-11-30T10:31:15","slug":"akdeniz-belediyesinde-ogretmenler-gunu-bulusmasi","status":"publish","type":"post","link":"https:\/\/akdenizolaygazetesi.com\/?p=22614","title":{"rendered":"AKDEN\u0130Z BELED\u0130YES\u0130\u2019NDE \u2018\u00d6\u011eRETMENLER G\u00dcN\u00dc\u2019 BULU\u015eMASI"},"content":{"rendered":"<p>Akdeniz Belediyesi Proje E\u011fitim ve Uygulama Merkezi ile Mahalle K\u00fclt\u00fcr ve Sanat Evleri\u2019nde g\u00f6revli \u00f6\u011fretmenler, e\u011fitmenler ve kurum personeli, \u201924 Kas\u0131m \u00d6\u011fretmenler G\u00fcn\u00fc\u2019 dolay\u0131s\u0131yla d\u00fczenlenen etkinlikte bir araya geldi.<br \/>\nBir otelde ger\u00e7ekle\u015fen yemekli bulu\u015fmaya, Akdeniz Belediyesi Ba\u015fkan Yard\u0131mc\u0131lar\u0131 Onur Ery\u0131lmaz G\u00fcm\u00fc\u015ftok ile Yusuf Duman, Meclis \u00fcyeleri, K\u00fclt\u00fcr ve Sosyal \u0130\u015fler M\u00fcd\u00fcr\u00fc Ali U\u00e7ar, birim m\u00fcd\u00fcrleri ile Proje Uygulama Merkezi ile Mahalle K\u00fclt\u00fcr Sanat Evlerinde e\u011fitim veren \u00f6\u011fretmenler, e\u011fitmen ve usta \u00f6\u011freticiler ile bu kurumlarda g\u00f6revli \u00e7al\u0131\u015fanlar kat\u0131ld\u0131. Renkli ge\u00e7en bulu\u015fmada pasta kesen \u00f6\u011fretmenler ve belediye personeli, g\u00f6n\u00fcllerince e\u011flenerek keyifli bir ak\u015fam ge\u00e7irdi.<br \/>\n\u201c\u00d6\u011fretmenler bizlere yol g\u00f6sterir\u201d<br \/>\nAkdeniz Belediye Ba\u015fkan Yard\u0131mc\u0131s\u0131 Onur Ery\u0131lmaz G\u00fcm\u00fc\u015ftuk, bulu\u015fmada yapt\u0131\u011f\u0131 konu\u015fmada, program\u0131n haz\u0131rlanmas\u0131nda eme\u011fi ge\u00e7enlere te\u015fekk\u00fcr etti, Akdeniz Belediye Ba\u015fkan\u0131 Mustafa G\u00fcltak\u2019\u0131n selamlar\u0131n\u0131 iletti. \u00d6\u011fretmenli\u011fin kutsal bir meslek oldu\u011funun alt\u0131n\u0131 \u00e7izen G\u00fcm\u00fc\u015ftok, \u201c\u00d6\u011fretmenlik mesle\u011fi; topluma yol g\u00f6sterici ve ufuk a\u00e7\u0131c\u0131 oldu\u011fu i\u00e7in \u00e7ok k\u0131ymetlidir ve ayr\u0131 bir \u00f6nemi vard\u0131r. Rahmetli babam da bir \u00f6\u011fretmendi. Bu anlamda hep babam\u0131 \u00f6rnek al\u0131rd\u0131m ve \u00f6\u011fretmen olmay\u0131 isterdim. Tabi ilerleyen y\u0131llarda siyasi bilimler okudum. \u00c7\u00fcnk\u00fc babam siyasetle de u\u011fra\u015f\u0131rd\u0131. San\u0131r\u0131m babam\u0131n o y\u00f6n\u00fcn\u00fcn kendime \u00f6rnek ald\u0131m diye d\u00fc\u015f\u00fcn\u00fcyorum\u201d diye konu\u015ftu.<br \/>\n\u201cBirlikte \u00e7ok daha b\u00fcy\u00fck projelere imza ataca\u011f\u0131z\u201d<br \/>\nBa\u015fkan Yard\u0131mc\u0131s\u0131 Onur Ery\u0131lmaz G\u00fcm\u00fc\u015ftok; Proje E\u011fitim ve Uygulama Merkezi ile Mahalle K\u00fclt\u00fcr ve Sanat Evleri\u2019nde \u00e7e\u015fitli kurslar ile mesleki beceri e\u011fitimleri veren \u00f6\u011fretmen ve e\u011fitmenlere te\u015fekk\u00fcr etti, meslek kazanan y\u00fczlerce Akdenizli kad\u0131n\u0131n hayata art\u0131k \u00e7ok farkl\u0131 bakt\u0131\u011f\u0131n\u0131 ifade etti.<br \/>\nS\u00f6zlerini; \u201cG\u00fczel i\u015fler yapaca\u011f\u0131m\u0131za inan\u0131yorum\u201d \u015feklinde s\u00fcrd\u00fcren G\u00fcm\u00fc\u015ftok; \u201cBa\u015fkan\u0131m\u0131z\u0131n vizyonu, meclis \u00fcyelerimiz, ba\u015fkan yard\u0131mc\u0131lar\u0131m\u0131z ve m\u00fcd\u00fcr arkada\u015flar\u0131m\u0131z\u0131n enerjisi \u00e7ok y\u00fcksek. Sizlerden de ald\u0131\u011f\u0131m\u0131z g\u00fc\u00e7 ve destekle daha b\u00fcy\u00fck projelere birlikte imza ataca\u011f\u0131m\u0131za inan\u0131yorum\u201d ifadelerini kulland\u0131.<br \/>\n\u00d6\u011fretmenler G\u00fcn\u00fc nedeniyle d\u00fczenlenen bulu\u015fmada kat\u0131l\u0131mc\u0131lar \u00f6nce pasta kesti, ard\u0131ndan halaylar \u00e7ekip g\u00f6n\u00fcllerince e\u011flendi.<\/p>\n","protected":false},"excerpt":{"rendered":"<p>Akdeniz Belediyesi Proje E\u011fitim ve Uygulama Merkezi ile Mahalle K\u00fclt\u00fcr ve Sanat Evleri\u2019nde g\u00f6revli \u00f6\u011fretmenler, e\u011fitmenler ve kurum personeli, \u201924 Kas\u0131m \u00d6\u011fretmenler G\u00fcn\u00fc\u2019 dolay\u0131s\u0131yla d\u00fczenlenen etkinlikte bir araya geldi. Bir &hellip; <a href=\"https:\/\/akdenizolaygazetesi.com\/?p=22614\" class=\"more-link\">Devam\u0131n\u0131 Oku&#8230;<\/a><\/p>\n","protected":false},"author":2,"featured_media":22615,"comment_status":"open","ping_status":"open","sticky":false,"template":"","format":"standard","meta":[],"categories":[2,3,5],"tags":[],"_links":{"self":[{"href":"https:\/\/akdenizolaygazetesi.com\/index.php?rest_route=\/wp\/v2\/posts\/22614"}],"collection":[{"href":"https:\/\/akdenizolaygazetesi.com\/index.php?rest_route=\/wp\/v2\/posts"}],"about":[{"href":"https:\/\/akdenizolaygazetesi.com\/index.php?rest_route=\/wp\/v2\/types\/post"}],"author":[{"embeddable":true,"href":"https:\/\/akdenizolaygazetesi.com\/index.php?rest_route=\/wp\/v2\/users\/2"}],"replies":[{"embeddable":true,"href":"https:\/\/akdenizolaygazetesi.com\/index.php?rest_route=%2Fwp%2Fv2%2Fcomments&post=22614"}],"version-history":[{"count":1,"href":"https:\/\/akdenizolaygazetesi.com\/index.php?rest_route=\/wp\/v2\/posts\/22614\/revisions"}],"predecessor-version":[{"id":22616,"href":"https:\/\/akdenizolaygazetesi.com\/index.php?rest_route=\/wp\/v2\/posts\/22614\/revisions\/22616"}],"wp:featuredmedia":[{"embeddable":true,"href":"https:\/\/akdenizolaygazetesi.com\/index.php?rest_route=\/wp\/v2\/media\/22615"}],"wp:attachment":[{"href":"https:\/\/akdenizolaygazetesi.com\/index.php?rest_route=%2Fwp%2Fv2%2Fmedia&parent=22614"}],"wp:term":[{"taxonomy":"category","embeddable":true,"href":"https:\/\/akdenizolaygazetesi.com\/index.php?rest_route=%2Fwp%2Fv2%2Fcategories&post=22614"},{"taxonomy":"post_tag","embeddable":true,"href":"https:\/\/akdenizolaygazetesi.com\/index.php?rest_route=%2Fwp%2Fv2%2Ftags&post=22614"}],"curies":[{"name":"wp","href":"https:\/\/api.w.org\/{rel}","templated":true}]}}