{"id":22635,"date":"2022-12-02T13:27:04","date_gmt":"2022-12-02T10:27:04","guid":{"rendered":"http:\/\/akdenizolaygazetesi.com\/?p=22635"},"modified":"2022-12-02T13:27:04","modified_gmt":"2022-12-02T10:27:04","slug":"mersinin-turizm-potansiyeli-metabta-ele-alindi","status":"publish","type":"post","link":"https:\/\/akdenizolaygazetesi.com\/?p=22635","title":{"rendered":"MERS\u0130N&#8217;\u0130N TUR\u0130ZM POTANS\u0130YEL\u0130 METAB&#8217;TA ELE ALINDI"},"content":{"rendered":"<p>Mersin ve \u00c7evresi Turizm Alan\u0131 Altyap\u0131 Hizmet Birli\u011fi (METAB) Ba\u015fkan\u0131 da olan Toroslar Belediye Ba\u015fkan\u0131 Ats\u0131z Af\u015f\u0131n Y\u0131lmaz, Karg\u0131c\u0131k K\u00fclt\u00fcr ve Turizm Koruma ve Geli\u015fim B\u00f6lgesi ba\u015fta olmak \u00fczere Mersindeki 9 Turizm b\u00f6lgesinin turizm pastas\u0131ndan daha fazla pay\u0131 almas\u0131 i\u00e7in elbirli\u011fiyle \u00e7al\u0131\u015ft\u0131klar\u0131n\u0131 s\u00f6yledi.<\/p>\n<p>Mersin ve \u00c7evresi Turizm Alan\u0131 Altyap\u0131 Hizmet Birli\u011fi (METAB) meclis toplant\u0131s\u0131, Birlik Ba\u015fkan\u0131 ve Toroslar Belediye Ba\u015fkan\u0131 Ats\u0131z Af\u015f\u0131n Y\u0131lmaz ba\u015fkanl\u0131\u011f\u0131nda yap\u0131ld\u0131<\/p>\n<p>Yunus Emre K\u00fclt\u00fcr Merkezi&#8217;nde ger\u00e7ekle\u015ftirilen toplant\u0131ya; belediye ba\u015fkanlar\u0131, birlik enc\u00fcmen \u00fcyeleri ve turizm sekt\u00f6r temsilcileri kat\u0131ld\u0131.<\/p>\n<p>Sayg\u0131 duru\u015fu ve \u0130stiklal Mar\u015f\u0131&#8217;n\u0131n okunmas\u0131n\u0131n ard\u0131ndan ba\u015flayan toplant\u0131da, birli\u011fin 2023 y\u0131l\u0131 taslak \u00c7al\u0131\u015fma ve \u0130\u015f Program\u0131, 2023 y\u0131l\u0131 Gelir-Gider taslak b\u00fct\u00e7esi g\u00f6r\u00fc\u015f\u00fclerek oy birli\u011fiyle kabul edildi.<\/p>\n<p>K\u00fclt\u00fcr ve Turizm Bakanl\u0131\u011f\u0131 T\u00fcrkiye Turizm, Tan\u0131t\u0131m ve Geli\u015ftirme Ajans\u0131 taraf\u0131ndan belirlenen ve 2023 y\u0131l\u0131 i\u00e7erisinde ger\u00e7ekle\u015ftirilecek olan uluslararas\u0131 turizm fuarlar\u0131na METAB olarak kat\u0131l\u0131m sa\u011flanmas\u0131, kat\u0131l\u0131m harcamalar\u0131n\u0131n birli\u011fin b\u00fct\u00e7esinden kar\u015f\u0131lanmas\u0131, hangi fuarlara kat\u0131l\u0131m sa\u011flanaca\u011f\u0131n\u0131n belirlenmesi ve kat\u0131l\u0131mc\u0131lar\u0131n tespit edilmesi i\u00e7in oy birli\u011fiyle Birlik Enc\u00fcmenine yetki verildi.<\/p>\n<p>&#8220;MERS\u0130N, SAH\u0130P OLDU\u011eU G\u00dcZELL\u0130KLERLE \u00dcLKEM\u0130Z\u0130 EN \u0130Y\u0130 SEV\u0130YEYE TA\u015eIYACAK OLAN \u015eEH\u0130RLERDEN B\u0130R\u0130S\u0130&#8221;<\/p>\n<p>Mersindeki k\u00fclt\u00fcr, turizm, koruma ve geli\u015fim b\u00f6lgelerinde devam eden planlama \u00e7al\u0131\u015fmalar\u0131n\u0131n da g\u00f6r\u00fc\u015f\u00fcld\u00fc\u011f\u00fc toplant\u0131n\u0131n dilek ve temenniler b\u00f6l\u00fcm\u00fcnde s\u00f6z alan Ba\u015fkan Y\u0131lmaz, kentin gelece\u011fine y\u00f6n verecek \u00e7al\u0131\u015fmalarda kent dinamikleriyle yap\u0131lacak i\u015fbirli\u011finin \u00f6nemine vurgu yaparak, birli\u011fin \u00e7al\u0131\u015fmalar\u0131na destek veren enc\u00fcmen \u00fcyelerine te\u015fekk\u00fcr etti.<\/p>\n<p>Mersin&#8217;de turizmin geli\u015fmesi i\u00e7in hep birlikte g\u00f6sterilen gayretin \u00f6nemine de\u011finen Ba\u015fkan Y\u0131lmaz, kent turizmine yeni bir ivme kazand\u0131racak Karg\u0131c\u0131k b\u00f6lgesi ile ilgili d\u00fc\u015f\u00fcncelerini de payla\u015farak; &#8220;Ger\u00e7ekten tarihi bir d\u00f6nemde ya\u015f\u0131yoruz. D\u00fcnyadaki dinamikler de\u011fi\u015fiyor. Bunun hayat\u0131m\u0131zda de\u011fi\u015fik a\u00e7\u0131dan etkileri var. Mersin turizmi a\u00e7\u0131s\u0131ndan da etkileri var. Bunu \u00f6zellikle sekt\u00f6r temsilcileri bizzat i\u00e7inde olduklar\u0131 i\u00e7in g\u00f6r\u00fcyorlar. Yenice&#8217;de yap\u0131lan havaalan\u0131n\u0131n tamamlanmas\u0131n\u0131n,  seferlerin ba\u015flamas\u0131n\u0131n ve ula\u015f\u0131m sorunlar\u0131n\u0131n \u00e7\u00f6z\u00fclmesinin ard\u0131ndan turizmde hareketlili\u011fin daha da h\u0131zlanaca\u011f\u0131n\u0131 d\u00fc\u015f\u00fcn\u00fcyorum.  Kentimizde 9 tane turizm b\u00f6lgesi var. Bunlar\u0131n en son verileni Karg\u0131c\u0131k b\u00f6lgesi. 9 turizm b\u00f6lgesinin 8 tanesi tahsis a\u015famas\u0131nda. Karg\u0131c\u0131k ile ilgili bir giri\u015fim var. Mersin Ticaret ve Sanayi Odas\u0131&#8217;n\u0131n \u00f6nc\u00fcl\u00fc\u011f\u00fcnde bir anonim \u015firketi olu\u015fturuldu. Toroslar Belediyesi olarak bu anonim \u015firketinin payda\u015f\u0131y\u0131z. Toroslar&#8217;da denizimiz yok ama bu olu\u015fum i\u00e7inde olmak istedik. \u015eehrimizin gelece\u011fi a\u00e7\u0131s\u0131ndan faydal\u0131 olaca\u011f\u0131n\u0131 d\u00fc\u015f\u00fcnd\u00fck. \u0130n\u015fallah amac\u0131na ula\u015f\u0131r. Sadece Karg\u0131c\u0131k de\u011fil di\u011fer turizm b\u00f6lgelerine de yat\u0131r\u0131m yap\u0131ld\u0131\u011f\u0131 zaman ciddi istihdam olacakt\u0131r. Yeni tesislerin kurulmas\u0131 b\u00f6lgemiz a\u00e7\u0131s\u0131ndan b\u00fcy\u00fck \u00f6nem arz ediyor&#8221; \u015feklinde konu\u015ftu.<\/p>\n<p>K\u00fclt\u00fcr ve do\u011fa turizmi i\u00e7in e\u015fsiz de\u011ferlere sahip Mersin&#8217;i daha sa\u011fl\u0131kl\u0131 ve g\u00fc\u00e7l\u00fc yar\u0131nlara ta\u015f\u0131mak i\u00e7in el birli\u011fiyle \u00e7al\u0131\u015fmaya devam edeceklerini s\u00f6yleyen Ba\u015fkan Y\u0131lmaz, toplant\u0131n\u0131n kent i\u00e7in hay\u0131rl\u0131 olmas\u0131n\u0131 diledi.<\/p>\n","protected":false},"excerpt":{"rendered":"<p>Mersin ve \u00c7evresi Turizm Alan\u0131 Altyap\u0131 Hizmet Birli\u011fi (METAB) Ba\u015fkan\u0131 da olan Toroslar Belediye Ba\u015fkan\u0131 Ats\u0131z Af\u015f\u0131n Y\u0131lmaz, Karg\u0131c\u0131k K\u00fclt\u00fcr ve Turizm Koruma ve Geli\u015fim B\u00f6lgesi ba\u015fta olmak \u00fczere Mersindeki &hellip; <a href=\"https:\/\/akdenizolaygazetesi.com\/?p=22635\" class=\"more-link\">Devam\u0131n\u0131 Oku&#8230;<\/a><\/p>\n","protected":false},"author":2,"featured_media":22636,"comment_status":"open","ping_status":"open","sticky":false,"template":"","format":"standard","meta":[],"categories":[3,5],"tags":[],"_links":{"self":[{"href":"https:\/\/akdenizolaygazetesi.com\/index.php?rest_route=\/wp\/v2\/posts\/22635"}],"collection":[{"href":"https:\/\/akdenizolaygazetesi.com\/index.php?rest_route=\/wp\/v2\/posts"}],"about":[{"href":"https:\/\/akdenizolaygazetesi.com\/index.php?rest_route=\/wp\/v2\/types\/post"}],"author":[{"embeddable":true,"href":"https:\/\/akdenizolaygazetesi.com\/index.php?rest_route=\/wp\/v2\/users\/2"}],"replies":[{"embeddable":true,"href":"https:\/\/akdenizolaygazetesi.com\/index.php?rest_route=%2Fwp%2Fv2%2Fcomments&post=22635"}],"version-history":[{"count":1,"href":"https:\/\/akdenizolaygazetesi.com\/index.php?rest_route=\/wp\/v2\/posts\/22635\/revisions"}],"predecessor-version":[{"id":22637,"href":"https:\/\/akdenizolaygazetesi.com\/index.php?rest_route=\/wp\/v2\/posts\/22635\/revisions\/22637"}],"wp:featuredmedia":[{"embeddable":true,"href":"https:\/\/akdenizolaygazetesi.com\/index.php?rest_route=\/wp\/v2\/media\/22636"}],"wp:attachment":[{"href":"https:\/\/akdenizolaygazetesi.com\/index.php?rest_route=%2Fwp%2Fv2%2Fmedia&parent=22635"}],"wp:term":[{"taxonomy":"category","embeddable":true,"href":"https:\/\/akdenizolaygazetesi.com\/index.php?rest_route=%2Fwp%2Fv2%2Fcategories&post=22635"},{"taxonomy":"post_tag","embeddable":true,"href":"https:\/\/akdenizolaygazetesi.com\/index.php?rest_route=%2Fwp%2Fv2%2Ftags&post=22635"}],"curies":[{"name":"wp","href":"https:\/\/api.w.org\/{rel}","templated":true}]}}