{"id":22638,"date":"2022-12-02T13:30:07","date_gmt":"2022-12-02T10:30:07","guid":{"rendered":"http:\/\/akdenizolaygazetesi.com\/?p=22638"},"modified":"2022-12-02T13:30:08","modified_gmt":"2022-12-02T10:30:08","slug":"baskan-secer-istiklal-caddesi-esnafi-ile-bir-araya-geldi","status":"publish","type":"post","link":"https:\/\/akdenizolaygazetesi.com\/?p=22638","title":{"rendered":"BA\u015eKAN SE\u00c7ER, \u0130ST\u0130KLAL CADDES\u0130 ESNAFI \u0130LE B\u0130R ARAYA GELD\u0130"},"content":{"rendered":"\n<p>Toplant\u0131da bir konu\u015fma yapan&nbsp;Mersin Perakendeci \u0130\u015f \u0130nsanlar\u0131 Derne\u011fi (MEP\u0130AD) Y\u00f6netim Kurulu Ba\u015fkan\u0131 \u00d6zcan Demir, toplant\u0131n\u0131n neden d\u00fczenlendi\u011fi ile ilgili k\u0131saca bilgi vererek,&nbsp;<strong>&#8220;Ba\u015fkan\u0131m\u0131z&#8217;dan \u0130stiklal Caddesi&#8217;nde yapt\u0131\u011f\u0131 \u00e7al\u0131\u015fmalardan dolay\u0131 bilgilendirme talebinde bulunduk. G\u00fczel olaca\u011f\u0131n\u0131 biliyoruz, ama g\u00fczel olan her \u015feyin de bir bedeli var. Zaman al\u0131yor, hepimiz izliyoruz. \u00c7al\u0131\u015fmalar bitmek \u00fczere. Daha sonra 2. etap \u00d6zg\u00fcr \u00c7ocuk Park\u0131&#8217;na kadar olacak. Ben \u015funu kalpten s\u00f6yl\u00fcyorum. Sivil Toplum \u00d6rg\u00fctleri&#8217;ne en rahat ula\u015fan, arad\u0131\u011f\u0131m\u0131z zaman davet eden, konu\u015fan bir belediye ba\u015fkan\u0131m\u0131z var&#8221;<\/strong>&nbsp;dedi.<\/p>\n\n\n\n<p>Esnaf\u0131n taleplerine her zaman yan\u0131t verdiklerini ve \u0130stiklal Caddesi ile ilgili bilgilendirme toplant\u0131s\u0131n\u0131 bu sebeple d\u00fczenlediklerini ifade eden Ba\u015fkan Se\u00e7er, sadece \u0130stiklal Caddesi de\u011fil, \u015fehrin geneliyle ilgili sorular\u0131 her zaman yan\u0131tlamaya haz\u0131r oldu\u011funu ifade etti.<strong><\/strong><\/p>\n\n\n\n<p><strong>Ba\u015fkan Se\u00e7er: &#8220;\u0130stiklal Caddesi 1. etap \u00e7al\u0131\u015fmas\u0131, en ge\u00e7 Aral\u0131k sonunda bitecek&#8221;<\/strong><\/p>\n\n\n\n<p>Yerel y\u00f6netimlerin, tarihe not d\u00fc\u015fecek \u00e7al\u0131\u015fmalar yapmas\u0131 gerekti\u011fini kaydeden ve bu ba\u011flamda \u0130stiklal Caddesi&#8217;nde yap\u0131lan yenileme \u00e7al\u0131\u015fmalar\u0131yla ilgili bilgi veren Se\u00e7er,<strong>&nbsp;&#8220;\u0130stiklal Caddesi&#8217;nin kald\u0131r\u0131m ta\u015f\u0131n\u0131 de\u011fi\u015ftirmek, iki tane bank koymak, \u00e7\u00f6p kovalar\u0131n\u0131 yenilemek de\u011fildir amac\u0131m\u0131z. B\u00f6yle bir belediyecilik, bu kadar geri kalm\u0131\u015f, vizyon noksanl\u0131\u011f\u0131 bir belediyecilik olmaz. Yapaca\u011f\u0131n\u0131z proje ile tarihe not d\u00fc\u015fmelisiniz. Bu caddeler \u00e7ok \u00f6zel caddeler. Bizim \u0130stiklal Caddesi&#8217;ne \u00e7ok ciddi bir kaynak ay\u0131rd\u0131\u011f\u0131m\u0131z\u0131 bilmenizi isterim. Altyap\u0131s\u0131ndan \u00fcstyap\u0131s\u0131na, kullan\u0131lan ta\u015flara kadar \u00e7ok \u00f6zen g\u00f6sterdik&#8221;&nbsp;<\/strong>dedi. \u0130stiklal Caddesi&#8217;nin 1. etap \u00e7al\u0131\u015fmas\u0131n\u0131 en ge\u00e7 Aral\u0131k ay\u0131n\u0131n sonunda bitireceklerini ve hemen ard\u0131ndan s\u0131ras\u0131yla 2. ve 3. etap \u00e7al\u0131\u015fmalar\u0131n\u0131 ba\u015flatacaklar\u0131n\u0131 s\u00f6yleyen Se\u00e7er,<strong>&nbsp;&#8220;Elbette bu s\u00fcre\u00e7te esnaf hakl\u0131 olarak, &#8216;bir an \u00f6nce bitsin, i\u015fime g\u00fcc\u00fcme bakay\u0131m&#8217; diyor. Bizi en \u00e7ok u\u011fra\u015ft\u0131ran ise, kentin bir altyap\u0131 haf\u0131zas\u0131 olmad\u0131\u011f\u0131 i\u00e7in, altyap\u0131da kar\u015f\u0131la\u015ft\u0131\u011f\u0131m\u0131z s\u00fcrprizler. Fakat, buradaki i\u015fleri en k\u0131sa zamanda tamamlama gayreti i\u00e7erisindeyiz. Buran\u0131n bitmesiyle de \u00c7aml\u0131bel ve Karaduvar&#8217;da yenileme \u00e7al\u0131\u015fmalar\u0131m\u0131z\u0131 ba\u015flataca\u011f\u0131z&#8221;&nbsp;<\/strong>diye konu\u015ftu.<\/p>\n\n\n\n<p>Projenin tamamlanmas\u0131yla \u0130stiklal Caddesi&#8217;nin engelli, ya\u015fl\u0131 ve \u00e7ocuklar i\u00e7in eri\u015filebilir bir merkez haline gelece\u011fini ifade eden Se\u00e7er,&nbsp;<strong>&#8220;\u0130stiklal Caddesi yenilenmi\u015f ta\u015f\u0131t yolu, geni\u015f kald\u0131r\u0131mlar\u0131, bisiklet yolu ve ya\u015fam alanlar\u0131yla modern bir g\u00f6r\u00fcnt\u00fcye kavu\u015facak. Mersin kent merkezinin \u00f6zg\u00fcn bir kimli\u011fe kavu\u015fmas\u0131 i\u00e7in, \u00e7al\u0131\u015fmalar\u0131m\u0131z\u0131 son h\u0131zla devam ettiriyoruz&#8221;<\/strong>&nbsp;diye konu\u015ftu.<\/p>\n\n\n\n<p><strong>&#8220;Kamu kurumlar\u0131, yasalar \u00e7er\u00e7evesinde hareket eder&#8221;<\/strong><\/p>\n\n\n\n<p>Kent merkezinde Kasaplar \u00c7ar\u015f\u0131s\u0131, Bal\u0131k Pazar\u0131, Uray Caddesi gibi bir\u00e7ok alan\u0131n da yenileme alan\u0131 kapsam\u0131nda oldu\u011fu bilgisini veren Se\u00e7er, \u015fu an B\u00fcy\u00fck\u015fehir Belediyesi&#8217;nin de bir\u00e7ok biriminin yer ald\u0131\u011f\u0131 K\u0131rm\u0131z\u0131-Lacivert i\u015f han\u0131n\u0131, afet riski ta\u015f\u0131d\u0131\u011f\u0131 i\u00e7in y\u0131kmak zorunda olduklar\u0131n\u0131 tekrarlad\u0131. Bu gibi can g\u00fcvenli\u011fini ilgilendiren konular\u0131n, siyasete malzeme yap\u0131lmamas\u0131 gerekti\u011fini de ifade eden Se\u00e7er, y\u0131k\u0131lmas\u0131 gereken Zafer \u00c7ar\u015f\u0131s\u0131 esnaf\u0131na da, bakanl\u0131\u011f\u0131n tan\u0131d\u0131\u011f\u0131 s\u00fcre i\u00e7inde tebligatlar\u0131 g\u00f6nderdiklerini belirterek,<strong>&nbsp;&#8220;Ben yasalara g\u00f6re hareket etmek zorunday\u0131m. \u0130nsanlar\u0131n ileride zarar g\u00f6rmesinden, ben hukuken de etkilenirim, vicdanen de etkilenirim. Zafer \u00c7ar\u015f\u0131s\u0131 konusunu bir polemik meselesi yapmay\u0131n. \u00c7\u00f6z\u00fclmeyecek hi\u00e7bir problem yok. Toplum hakl\u0131d\u0131r, ama kamu kurumlar\u0131 da yasalar \u00e7er\u00e7evesinde hareket eder. Hukuk devletlerinde bu i\u015fler b\u00f6yledir&#8221;&nbsp;<\/strong>ifadelerini kulland\u0131.<\/p>\n\n\n\n<p>Zafer \u00c7ar\u015f\u0131s\u0131 i\u00e7in \u00d6\u011fretmen Evi&#8217;nin tahsisini istediklerini de s\u00f6yleyen Ba\u015fkan Se\u00e7er,<strong>&nbsp;&#8220;Zafer \u00c7ar\u015f\u0131s\u0131&#8217;n\u0131n merkezde olmas\u0131 gerekir. Biz Zafer \u00c7ar\u015f\u0131s\u0131 i\u00e7in \u00d6\u011fretmen Evi&#8217;nin yerini d\u00fc\u015f\u00fcnd\u00fck ve hemen Milli Emlak&#8217;tan tahsisini istedik. Bak\u0131n Nakliyeciler Sitesi&#8217;ni Huzurkent&#8217;e ta\u015f\u0131yoruz. Bu ay\u0131n ba\u015f\u0131nda da yap\u0131m ihalesi var. \u0130steyince olur, biz de yapar\u0131z&#8221;&nbsp;<\/strong>dedi.<\/p>\n\n\n\n<p>Bal\u0131k Pazar\u0131&#8217;n\u0131n yenilenmesi kapsam\u0131nda, oran\u0131n giydirmesini B\u00fcy\u00fck\u015fehir Belediyesi olarak kendilerinin \u00fcstlenece\u011fini ifade eden Se\u00e7er, projenin \u015fu anda Koruma Kurulu&#8217;nda oldu\u011funu ve izin verilir verilmez, k\u0131sa zamanda bu \u00e7al\u0131\u015fmay\u0131 bitirebileceklerini s\u00f6yledi. Tevfik S\u0131rr\u0131 G\u00fcr Lisesi yan\u0131nda yap\u0131m\u0131n\u0131 tamamlad\u0131klar\u0131 400 ara\u00e7l\u0131k otopark\u0131n a\u00e7\u0131lmas\u0131 ve hemen yak\u0131n\u0131ndaki binaya MESK\u0130&#8217;nin t\u00fcm birimleriyle ta\u015f\u0131nmas\u0131n\u0131n, bu b\u00f6lgede muazzam bir insan trafi\u011fi yarataca\u011f\u0131na ve hareketlilik olu\u015fturaca\u011f\u0131na dikkat \u00e7eken Se\u00e7er, parkomat uygulamas\u0131n\u0131 da ilk ba\u015fta esnaf\u0131 d\u00fc\u015f\u00fcnerek ba\u015flatt\u0131klar\u0131n\u0131, fakat ilk uymayan\u0131n yine esnaf oldu\u011funu hat\u0131rlatt\u0131.<\/p>\n\n\n\n<p><strong>&#8220;Metro konusunda kararl\u0131 oldu\u011fumuzun bilinmesini isterim&#8221;<\/strong><\/p>\n\n\n\n<p>G\u00fcndemdeki yerini s\u00fcrekli koruyan ve \u0130stiklal Caddesi esnaf\u0131n\u0131 da yak\u0131ndan ilgilendiren metro hakk\u0131nda gelinen s\u00fcre\u00e7 hakk\u0131nda da bilgi veren Se\u00e7er,&nbsp;<strong>&#8220;Kent b\u00fcy\u00fcd\u00fck\u00e7e ve kente yap\u0131lan yat\u0131r\u0131mlar artt\u0131k\u00e7a, bu b\u00f6lgeler daha da hareketlenir. Metro projesi bunlardan birisi. Fakat, hi\u00e7 istemedi\u011fimiz halde, metro siyasi tart\u0131\u015fmalara konu ediliyor. Cumhurba\u015fkanl\u0131\u011f\u0131 yat\u0131r\u0131m program\u0131na al\u0131nm\u0131\u015f, ihalesi yap\u0131lm\u0131\u015f ve temeli at\u0131lm\u0131\u015f bir projeden bahsediyoruz. Cumhur \u0130ttifak\u0131&#8217;na mensup meclis \u00fcyeleri metro alan\u0131n\u0131 gezmek istedi. 45 ki\u015filik Cumhur \u0130ttifak\u0131&#8217;ndan sadece 2 meclis \u00fcyesi gitti. \u015eu ana kadar kendi \u00f6z kaynaklar\u0131m\u0131zdan tam 200 milyon lira \u00f6dedik. Fakat finans yollar\u0131n\u0131n a\u00e7\u0131lmas\u0131 i\u00e7in Hazine&#8217;den bekledi\u011fimiz imza, 1 y\u0131l\u0131 a\u015fk\u0131n bir s\u00fcredir at\u0131lm\u0131yor. Maalesef i\u015fin i\u00e7ine siyaset girdi\u011fi zaman, bundan b\u00fct\u00fcn bir kent zarar g\u00f6r\u00fcyor.<\/strong>&nbsp;<strong>Fakat, metro konusunda kararl\u0131 oldu\u011fumuzu bilmenizi isterim&#8221;<\/strong>&nbsp;ifadelerini kulland\u0131. Metronun, mesafeleri daha da k\u0131saltmas\u0131n\u0131n yan\u0131 s\u0131ra, k\u00fclt\u00fcrler aras\u0131nda bir ge\u00e7i\u015f ve kayna\u015fmay\u0131 da sa\u011flayaca\u011f\u0131n\u0131 vurgulayan Se\u00e7er,&nbsp;<strong>&#8220;Mersin g\u00f6\u00e7lerle kurulmu\u015f ve b\u00fcy\u00fcm\u00fc\u015f bir kent. Kentimiz, her k\u00fclt\u00fcrden insan\u0131n ya\u015fad\u0131\u011f\u0131 kozmopolit bir yap\u0131ya sahip. \u0130\u015fte bu farkl\u0131 k\u00fclt\u00fcrlere sahip insanlar, metro gibi ucuz ve s\u00fcratli bir olanak sayesinde her yere rahatl\u0131kla gidip, kayna\u015fma imkan\u0131na kavu\u015facakt\u0131r. Bu da kent olarak daha fazla sosyalle\u015fmemize neden olacak ve toplumsal bar\u0131\u015f\u0131m\u0131za katk\u0131 sunacakt\u0131r&#8221;<\/strong>&nbsp;diye konu\u015ftu.<\/p>\n\n\n\n<p><strong>&#8220;Hakl\u0131 adam dik durur, dik adam da her zaman rakibini zay\u0131flat\u0131r&#8221;<\/strong><\/p>\n\n\n\n<p>Mersin&#8217;in muazzam bir kent oldu\u011funu ve T\u00fcrkiye&#8217;de de her ge\u00e7en g\u00fcn daha fazla konu\u015fulan bir kent haline geldi\u011fini s\u00f6zlerine ekleyen Ba\u015fkan Se\u00e7er,&nbsp;<strong>&#8220;Mersin&#8217;le ilgili, \u00e7ok \u00f6vg\u00fc dolu s\u00f6zler duyuyorum. Bu da benim \u00e7al\u0131\u015fma azmimi art\u0131r\u0131yor. Mersin tertemiz bir yer. Buras\u0131 kolay bir kent de\u011fil. Buradan bir T\u00fcrkiye \u00e7\u0131kart\u0131rs\u0131n\u0131z. Do\u011fu&#8217;dan Bat\u0131&#8217;ya, Kuzey&#8217;den G\u00fcney&#8217;e herkes ya\u015f\u0131yor burada. Hakl\u0131 adam dik durur, dik duran adam da her zaman rakibini zay\u0131flat\u0131r. Bu konuda da herkes rahat olsun. Moralinizi y\u00fcksek tutun&#8221;&nbsp;<\/strong>diye konu\u015ftu.<\/p>\n\n\n\n<p><strong>\u0130rde: &#8220;Bu b\u00f6lgede, ta\u015f\u0131ttan \u00e7ok yaya hareketlili\u011fi \u00f6n planda tutuluyor&#8221;<\/strong><\/p>\n\n\n\n<p>Mersin B\u00fcy\u00fck\u015fehir Belediyesi Genel Sekreter Yard\u0131mc\u0131s\u0131 Tar\u0131k \u0130rde ise, \u00e7al\u0131\u015fmalarla ilgili olarak,&nbsp;<strong>&#8220;\u015eehrimizin tarihi ve k\u00fclt\u00fcrel merkezinde bulunan ve kentsel yenileme alan\u0131m\u0131z\u0131n tam merkezinde yer alan \u0130stiklal Caddesi, Gar ve \u00d6zg\u00fcr \u00c7ocuk Park\u0131 istasyonlar\u0131 aras\u0131ndaki \u00e7al\u0131\u015fmaya 26 Eyl\u00fcl tarihinde ba\u015flad\u0131k. \u00c7al\u0131\u015fmalar\u0131m\u0131z h\u0131zla devam ediyor. \u015eu an parke kaplama \u00e7al\u0131\u015fmalar\u0131m\u0131z yar\u0131s\u0131n\u0131 ge\u00e7ti. Drenaj \u00e7al\u0131\u015fmalar\u0131m\u0131zla ilgili \u00e7al\u0131\u015fmalar ba\u015flad\u0131. Burada temel yakla\u015f\u0131m olarak; yaya hareketlili\u011finin artt\u0131r\u0131lmas\u0131, kentin bu noktas\u0131n\u0131n cazibe merkezi haline getirilmesi, ta\u015f\u0131ttan \u00e7ok yaya hareketlili\u011finin \u00f6n plan \u00e7\u0131kart\u0131lmas\u0131 hedeflenmi\u015ftir. Tabii ki \u015fehrin en eski noktas\u0131 oldu\u011fu i\u00e7in, altyap\u0131 ile ilgili bir\u00e7ok sorunla kar\u015f\u0131la\u015f\u0131yoruz. Onlar\u0131 giderdik, \u015fu anda art\u0131k i\u015fler yoluna girdi. Bundan sonra \u00e7ok h\u0131zl\u0131 bir \u015fekilde \u00e7al\u0131\u015fmam\u0131z sona erecek&#8221;<\/strong>&nbsp;ifadelerine yer verdi.<\/p>\n","protected":false},"excerpt":{"rendered":"<p>Toplant\u0131da bir konu\u015fma yapan&nbsp;Mersin Perakendeci \u0130\u015f \u0130nsanlar\u0131 Derne\u011fi (MEP\u0130AD) Y\u00f6netim Kurulu Ba\u015fkan\u0131 \u00d6zcan Demir, toplant\u0131n\u0131n neden d\u00fczenlendi\u011fi ile ilgili k\u0131saca bilgi vererek,&nbsp;&#8220;Ba\u015fkan\u0131m\u0131z&#8217;dan \u0130stiklal Caddesi&#8217;nde yapt\u0131\u011f\u0131 \u00e7al\u0131\u015fmalardan dolay\u0131 bilgilendirme talebinde bulunduk. &hellip; <a href=\"https:\/\/akdenizolaygazetesi.com\/?p=22638\" class=\"more-link\">Devam\u0131n\u0131 Oku&#8230;<\/a><\/p>\n","protected":false},"author":2,"featured_media":22640,"comment_status":"open","ping_status":"open","sticky":false,"template":"","format":"standard","meta":[],"categories":[1],"tags":[],"_links":{"self":[{"href":"https:\/\/akdenizolaygazetesi.com\/index.php?rest_route=\/wp\/v2\/posts\/22638"}],"collection":[{"href":"https:\/\/akdenizolaygazetesi.com\/index.php?rest_route=\/wp\/v2\/posts"}],"about":[{"href":"https:\/\/akdenizolaygazetesi.com\/index.php?rest_route=\/wp\/v2\/types\/post"}],"author":[{"embeddable":true,"href":"https:\/\/akdenizolaygazetesi.com\/index.php?rest_route=\/wp\/v2\/users\/2"}],"replies":[{"embeddable":true,"href":"https:\/\/akdenizolaygazetesi.com\/index.php?rest_route=%2Fwp%2Fv2%2Fcomments&post=22638"}],"version-history":[{"count":1,"href":"https:\/\/akdenizolaygazetesi.com\/index.php?rest_route=\/wp\/v2\/posts\/22638\/revisions"}],"predecessor-version":[{"id":22641,"href":"https:\/\/akdenizolaygazetesi.com\/index.php?rest_route=\/wp\/v2\/posts\/22638\/revisions\/22641"}],"wp:featuredmedia":[{"embeddable":true,"href":"https:\/\/akdenizolaygazetesi.com\/index.php?rest_route=\/wp\/v2\/media\/22640"}],"wp:attachment":[{"href":"https:\/\/akdenizolaygazetesi.com\/index.php?rest_route=%2Fwp%2Fv2%2Fmedia&parent=22638"}],"wp:term":[{"taxonomy":"category","embeddable":true,"href":"https:\/\/akdenizolaygazetesi.com\/index.php?rest_route=%2Fwp%2Fv2%2Fcategories&post=22638"},{"taxonomy":"post_tag","embeddable":true,"href":"https:\/\/akdenizolaygazetesi.com\/index.php?rest_route=%2Fwp%2Fv2%2Ftags&post=22638"}],"curies":[{"name":"wp","href":"https:\/\/api.w.org\/{rel}","templated":true}]}}