{"id":22642,"date":"2022-12-02T13:31:26","date_gmt":"2022-12-02T10:31:26","guid":{"rendered":"http:\/\/akdenizolaygazetesi.com\/?p=22642"},"modified":"2022-12-02T13:31:26","modified_gmt":"2022-12-02T10:31:26","slug":"yanan-sahalari-hep-birlikte-yesertiyoruz","status":"publish","type":"post","link":"https:\/\/akdenizolaygazetesi.com\/?p=22642","title":{"rendered":"Yanan Sahalar\u0131 Hep Birlikte Ye\u015fertiyoruz"},"content":{"rendered":"<p>Mersin\u2019de 09.09.2022 tarihinde Akdeniz \u0130l\u00e7esi, I\u011fd\u0131r Mahallesinde \u00e7\u0131kan yang\u0131n sonucu 4 hektarl\u0131k ormanl\u0131k alan yang\u0131ndan etkilendi. <\/p>\n<p>Cumhuriyetimizin 100. Y\u0131l\u0131 an\u0131s\u0131na, fidan dikim etkinli\u011fi ger\u00e7ekle\u015ftirildi. Yang\u0131ndan etkilenen sahada 1200 adet f\u0131st\u0131k \u00e7am\u0131 ve 400 adet harnup fidan\u0131, toprakla bulu\u015fturuldu.<\/p>\n<p>Etkinli\u011fe, Mersin Orman B\u00f6lge M\u00fcd\u00fcr Yard\u0131mc\u0131s\u0131 Mehmet Fulin, \u0130\u015fletme M\u00fcd\u00fcr\u00fc Adnan Zorlukan Aber, \u0130\u015fletme M\u00fcd\u00fcr Yard\u0131mc\u0131s\u0131 Fahri Uzlar, Merkez \u0130\u015fletme \u015eefi \u0130smail Yetim, \u015eefler, Orman Muhafaza Memurlar\u0131 ve Mersin Sahil G\u00fcvenlik Akdeniz B\u00f6lge Komutanl\u0131\u011f\u0131 personelleri kat\u0131ld\u0131.<\/p>\n<p>Gelecek nesillere daha ye\u015fil bir \u00e7evre b\u0131rakmak i\u00e7in eme\u011fi ge\u00e7en herkese te\u015fekk\u00fcr ederiz.<\/p>\n","protected":false},"excerpt":{"rendered":"<p>Mersin\u2019de 09.09.2022 tarihinde Akdeniz \u0130l\u00e7esi, I\u011fd\u0131r Mahallesinde \u00e7\u0131kan yang\u0131n sonucu 4 hektarl\u0131k ormanl\u0131k alan yang\u0131ndan etkilendi. Cumhuriyetimizin 100. Y\u0131l\u0131 an\u0131s\u0131na, fidan dikim etkinli\u011fi ger\u00e7ekle\u015ftirildi. Yang\u0131ndan etkilenen sahada 1200 adet f\u0131st\u0131k &hellip; <a href=\"https:\/\/akdenizolaygazetesi.com\/?p=22642\" class=\"more-link\">Devam\u0131n\u0131 Oku&#8230;<\/a><\/p>\n","protected":false},"author":2,"featured_media":22643,"comment_status":"open","ping_status":"open","sticky":false,"template":"","format":"standard","meta":[],"categories":[3],"tags":[],"_links":{"self":[{"href":"https:\/\/akdenizolaygazetesi.com\/index.php?rest_route=\/wp\/v2\/posts\/22642"}],"collection":[{"href":"https:\/\/akdenizolaygazetesi.com\/index.php?rest_route=\/wp\/v2\/posts"}],"about":[{"href":"https:\/\/akdenizolaygazetesi.com\/index.php?rest_route=\/wp\/v2\/types\/post"}],"author":[{"embeddable":true,"href":"https:\/\/akdenizolaygazetesi.com\/index.php?rest_route=\/wp\/v2\/users\/2"}],"replies":[{"embeddable":true,"href":"https:\/\/akdenizolaygazetesi.com\/index.php?rest_route=%2Fwp%2Fv2%2Fcomments&post=22642"}],"version-history":[{"count":1,"href":"https:\/\/akdenizolaygazetesi.com\/index.php?rest_route=\/wp\/v2\/posts\/22642\/revisions"}],"predecessor-version":[{"id":22644,"href":"https:\/\/akdenizolaygazetesi.com\/index.php?rest_route=\/wp\/v2\/posts\/22642\/revisions\/22644"}],"wp:featuredmedia":[{"embeddable":true,"href":"https:\/\/akdenizolaygazetesi.com\/index.php?rest_route=\/wp\/v2\/media\/22643"}],"wp:attachment":[{"href":"https:\/\/akdenizolaygazetesi.com\/index.php?rest_route=%2Fwp%2Fv2%2Fmedia&parent=22642"}],"wp:term":[{"taxonomy":"category","embeddable":true,"href":"https:\/\/akdenizolaygazetesi.com\/index.php?rest_route=%2Fwp%2Fv2%2Fcategories&post=22642"},{"taxonomy":"post_tag","embeddable":true,"href":"https:\/\/akdenizolaygazetesi.com\/index.php?rest_route=%2Fwp%2Fv2%2Ftags&post=22642"}],"curies":[{"name":"wp","href":"https:\/\/api.w.org\/{rel}","templated":true}]}}