{"id":22645,"date":"2022-12-02T13:32:48","date_gmt":"2022-12-02T10:32:48","guid":{"rendered":"http:\/\/akdenizolaygazetesi.com\/?p=22645"},"modified":"2022-12-02T13:32:48","modified_gmt":"2022-12-02T10:32:48","slug":"ogrenci-abonmani-artik-tum-hatlarda-1-tl","status":"publish","type":"post","link":"https:\/\/akdenizolaygazetesi.com\/?p=22645","title":{"rendered":"\u00d6\u011eRENC\u0130 ABONMANI ARTIK T\u00dcM HATLARDA 1 TL"},"content":{"rendered":"<p>Mersin B\u00fcy\u00fck\u015fehir Belediye Ba\u015fkan\u0131 Vahap Se\u00e7er&#8217;in, Mersin&#8217;de e\u011fitim-\u00f6\u011fretim g\u00f6ren t\u00fcm \u00f6\u011frencilere y\u00f6nelik hayata ge\u00e7irdi\u011fi birbirinden g\u00fczel projelere, bir yenisi daha eklendi. Ba\u015fkan Se\u00e7er&#8217;in giri\u015fimleri \u00fczerine, \u00e7ok tarifeli toplu ta\u015f\u0131ma ara\u00e7lar\u0131nda 3 TL&#8217;ye yolculuk yapan \u00f6\u011frenciler, d\u00fczenleme sonucu il genelindeki b\u00fct\u00fcn hatlarda 1 TL&#8217;ye seyahat edebilecekler.<\/p>\n<p>\u00dcnal: &#8220;\u00d6\u011frenci abonman\u0131 2 milyona yak\u0131n kullan\u0131ld\u0131&#8221;<\/p>\n<p>Uygulama hakk\u0131nda bilgi veren Ula\u015f\u0131m Dairesi Ba\u015fkanl\u0131\u011f\u0131 Toplu Ta\u015f\u0131ma M\u00fcd\u00fcrl\u00fc\u011f\u00fc Elektronik \u00dccret Toplama Sistemi Sorumlusu \u00dcnsal \u00dcnal, abonman uygulamas\u0131n\u0131n \u00e7ok yeni bir sistem olmas\u0131na kar\u015f\u0131n, \u015fu ana kadar yakla\u015f\u0131k 2 milyon kullan\u0131m ger\u00e7ekle\u015fti\u011fini s\u00f6yledi. Uygulaman\u0131n yak\u0131n s\u00fcre \u00f6ncesine kadar sadece \u015fehir i\u00e7i hatlarda ge\u00e7erli oldu\u011funu belirten \u00dcnal, d\u00fczenleme ile \u00e7ok tarifeli hatlar\u0131 kullanan ve 3 TL \u00f6deyen \u00f6\u011frencilerin de, art\u0131k t\u00fcm hatlarda 1 TL&#8217;ye yolculuk yapacaklar\u0131n\u0131 s\u00f6yledi.<\/p>\n<p>&#8220;Art\u0131k abonman kart kullanan her \u00f6\u011frenci 1 TL \u00f6deyecek&#8221;<\/p>\n<p>Bu yeni uygulama ile sadece \u015fehir i\u00e7i hatlar\u0131nda de\u011fil, Mersin B\u00fcy\u00fck\u015fehir Belediyesi b\u00fcnyesinde hizmet veren il genelindeki t\u00fcm toplu ta\u015f\u0131ma ara\u00e7lar\u0131nda abonman \u00f6\u011frenci kart\u0131 kullan\u0131m\u0131n\u0131n devreye girdi\u011fini belirten \u00dcnal, &#8220;\u00d6\u011frenci arkada\u015flar\u0131m\u0131z tek tarifeli hatlar\u0131n yan\u0131 s\u0131ra, \u00e7ok tarifeli hatlar\u0131n \u015fehir i\u00e7i tarifelerine, bu t\u00fcr abonman bini\u015fleri ger\u00e7ekle\u015ftirebilecek. \u00d6zetle daha \u00f6nce 3 TL&#8217;ye bindikleri otob\u00fcslerimize, art\u0131k abonman kart kullanmak suretiyle 1 TL&#8217;ye binmeleri m\u00fcmk\u00fcn&#8221; dedi.<\/p>\n<p>&#8220;Yeni uygulama, aile ekonomimize b\u00fcy\u00fck katk\u0131 sa\u011fl\u0131yor&#8221;<\/p>\n<p>Yeni uygulamadan \u00e7ok memnun oldu\u011funu s\u00f6yleyen Zehra Ortak isimli \u00f6\u011frenci, &#8220;Ben uygulamadan \u00e7ok memnunum. \u015eu an abonman oldu\u011fu i\u00e7in bas\u0131yoruz, direkt 1 lira \u00e7ekiyor. Aile ekonomimize de katk\u0131 oluyor. Ailem bana ula\u015f\u0131m i\u00e7in ayl\u0131k 100 lira veriyor. Bunun 60 liras\u0131n\u0131 kart\u0131ma y\u00fckl\u00fcyorum, 40 liras\u0131 bana kal\u0131yor&#8221; diye konu\u015ftu.<\/p>\n<p>Abonman uygulamas\u0131n\u0131n 3 TL&#8217;den 1 TL&#8217;ye indirilmesi \u00fczerine, artan paras\u0131n\u0131 daha verimli i\u015flere kulland\u0131\u011f\u0131n\u0131 s\u00f6yleyen Ebru \u00c7\u00f6nd\u00fcr isimli \u00f6\u011frenci, &#8220;Abonman uygulamas\u0131n\u0131 ben de kulland\u0131m. Bu uygulama ile aile b\u00fct\u00e7emize katk\u0131da bulunuyoruz. 3 lira yerine 1 lira bas\u0131yoruz. Ben uygulamay\u0131 arkada\u015flar\u0131mdan \u00f6\u011frendim ve herkese yay\u0131l\u0131yor&#8221; \u015feklinde konu\u015ftu.<\/p>\n<p>Rabia Akyol isimli \u00f6\u011frenci ise, uygulaman\u0131n sayesinde daha az \u00fccret \u00f6dedi\u011fi i\u00e7in mutlu oldu\u011funu belirterek, &#8220;Daha az \u00fccret \u00f6d\u00fcyorsun, daha rahat geliyorsun. \u00d6\u011frenciler d\u00fc\u015f\u00fcn\u00fcld\u00fc\u011f\u00fc i\u00e7in mutluyum&#8221; ifadelerini kulland\u0131.<\/p>\n","protected":false},"excerpt":{"rendered":"<p>Mersin B\u00fcy\u00fck\u015fehir Belediye Ba\u015fkan\u0131 Vahap Se\u00e7er&#8217;in, Mersin&#8217;de e\u011fitim-\u00f6\u011fretim g\u00f6ren t\u00fcm \u00f6\u011frencilere y\u00f6nelik hayata ge\u00e7irdi\u011fi birbirinden g\u00fczel projelere, bir yenisi daha eklendi. Ba\u015fkan Se\u00e7er&#8217;in giri\u015fimleri \u00fczerine, \u00e7ok tarifeli toplu ta\u015f\u0131ma ara\u00e7lar\u0131nda &hellip; <a href=\"https:\/\/akdenizolaygazetesi.com\/?p=22645\" class=\"more-link\">Devam\u0131n\u0131 Oku&#8230;<\/a><\/p>\n","protected":false},"author":2,"featured_media":22646,"comment_status":"open","ping_status":"open","sticky":false,"template":"","format":"standard","meta":[],"categories":[2,3,5],"tags":[],"_links":{"self":[{"href":"https:\/\/akdenizolaygazetesi.com\/index.php?rest_route=\/wp\/v2\/posts\/22645"}],"collection":[{"href":"https:\/\/akdenizolaygazetesi.com\/index.php?rest_route=\/wp\/v2\/posts"}],"about":[{"href":"https:\/\/akdenizolaygazetesi.com\/index.php?rest_route=\/wp\/v2\/types\/post"}],"author":[{"embeddable":true,"href":"https:\/\/akdenizolaygazetesi.com\/index.php?rest_route=\/wp\/v2\/users\/2"}],"replies":[{"embeddable":true,"href":"https:\/\/akdenizolaygazetesi.com\/index.php?rest_route=%2Fwp%2Fv2%2Fcomments&post=22645"}],"version-history":[{"count":1,"href":"https:\/\/akdenizolaygazetesi.com\/index.php?rest_route=\/wp\/v2\/posts\/22645\/revisions"}],"predecessor-version":[{"id":22647,"href":"https:\/\/akdenizolaygazetesi.com\/index.php?rest_route=\/wp\/v2\/posts\/22645\/revisions\/22647"}],"wp:featuredmedia":[{"embeddable":true,"href":"https:\/\/akdenizolaygazetesi.com\/index.php?rest_route=\/wp\/v2\/media\/22646"}],"wp:attachment":[{"href":"https:\/\/akdenizolaygazetesi.com\/index.php?rest_route=%2Fwp%2Fv2%2Fmedia&parent=22645"}],"wp:term":[{"taxonomy":"category","embeddable":true,"href":"https:\/\/akdenizolaygazetesi.com\/index.php?rest_route=%2Fwp%2Fv2%2Fcategories&post=22645"},{"taxonomy":"post_tag","embeddable":true,"href":"https:\/\/akdenizolaygazetesi.com\/index.php?rest_route=%2Fwp%2Fv2%2Ftags&post=22645"}],"curies":[{"name":"wp","href":"https:\/\/api.w.org\/{rel}","templated":true}]}}