{"id":22648,"date":"2022-12-02T13:34:45","date_gmt":"2022-12-02T10:34:45","guid":{"rendered":"http:\/\/akdenizolaygazetesi.com\/?p=22648"},"modified":"2022-12-02T13:34:45","modified_gmt":"2022-12-02T10:34:45","slug":"baskan-secer-erdemlide-bal-sagim-cadiri-ve-ceviz-fidani-dagitimi-gerceklestirdi","status":"publish","type":"post","link":"https:\/\/akdenizolaygazetesi.com\/?p=22648","title":{"rendered":"BA\u015eKAN SE\u00c7ER, ERDEML\u0130&#8217;DE BAL SA\u011eIM \u00c7ADIRI VE CEV\u0130Z F\u0130DANI DA\u011eITIMI GER\u00c7EKLE\u015eT\u0130RD\u0130"},"content":{"rendered":"<p>Mersin B\u00fcy\u00fck\u015fehir Belediyesi&#8217;nin \u00fcreticilere y\u00f6nelik destekleri s\u00fcr\u00fcyor.<br \/>\nBa\u015fkan Vahap Se\u00e7er, Erdemli&#8217;de &#8220;Bal Sa\u011f\u0131m \u00c7ad\u0131r\u0131 ve Ceviz Fidan\u0131 Da\u011f\u0131t\u0131m T\u00f6reni&#8217;ne kat\u0131ld\u0131. T\u00f6rene; Ba\u015fkan Se\u00e7er&#8217;in yan\u0131 s\u0131ra, Mersin Dam\u0131zl\u0131k S\u0131\u011f\u0131r Yeti\u015ftiricileri Birli\u011fi Ba\u015fkan\u0131 Nuri Demirba\u015f, Ar\u0131 Yeti\u015ftiricileri Birli\u011fi Ba\u015fkan\u0131 Adem Kurt, Ordu Ar\u0131 Yeti\u015ftiricileri Birli\u011fi Y\u00f6netim Kurulu Ba\u015fkan\u0131 Ak\u0131n \u00c7ift\u00e7i, CHP Erdemli \u0130l\u00e7e Ba\u015fkan\u0131 Ahmet Dursen \u015eahin, Meclis \u00fcyeleri, siyasi parti temsilcileri, muhtarlar, b\u00fcrokratlar ve \u00fcreticiler kat\u0131ld\u0131.<br \/>\nBa\u015fkan Se\u00e7er: &#8220;\u00c7ift\u00e7ilerimiz ve \u00fcreticilerimiz zor g\u00fcnler ya\u015f\u0131yor&#8221;<br \/>\nEkonominin k\u00f6t\u00fc gidi\u015finden, her zaman en fazla \u00fcreticinin etkilendi\u011fini belirterek konu\u015fmas\u0131na ba\u015flayan Ba\u015fkan Se\u00e7er, \u015fu anda da \u00fcretici ve \u00e7ift\u00e7inin ekonomik anlamda zor bir s\u00fcre\u00e7ten ge\u00e7ti\u011fini ifade etti. Bu zor ko\u015fullara ra\u011fmen \u00fcreticinin \u00fcretime devam etti\u011fini s\u00f6yleyen Se\u00e7er, \u00e7ift\u00e7inin bir\u00e7ok \u015feyden fedakarl\u0131k yaparak, r\u0131zk\u0131n\u0131 \u00e7ok zor \u015fartlar alt\u0131nda kazand\u0131\u011f\u0131n\u0131 belirtti.<br \/>\nTam da bu noktada B\u00fcy\u00fck\u015fehir Belediyesi olarak, \u00fcretime katk\u0131da bulunmak ve \u00fcreticiye destek olmak anlam\u0131nda \u00e7ok \u00f6nemli projeleri hayata ge\u00e7irdiklerini s\u00f6yleyen Se\u00e7er, &#8220;B\u00fcy\u00fck\u015fehir Belediyesi&#8217;nin, \u00e7al\u0131\u015fmalar\u0131nda en ba\u015far\u0131l\u0131 oldu\u011fu sahalardan biri de Mersin tar\u0131m\u0131na ve hayvanc\u0131l\u0131\u011f\u0131na yapt\u0131\u011f\u0131 katk\u0131d\u0131r. Mesela, Bakanl\u0131k seviyesinde bir proje olan &#8220;Haydi Gel K\u00f6y\u00fcm\u00fcze Destek Verelim&#8221; projesi, Mersin&#8217;in k\u00fc\u00e7\u00fckba\u015f hayvan pop\u00fclasyonunda dam\u0131zl\u0131k hayvan pop\u00fclasyonunu geli\u015ftiren bir projedir. S\u00f6z konusu projeyle, her y\u0131l 60 \u00fcreticiye 25&#8217;er adet k\u00fc\u00e7\u00fckba\u015f hayvan veriyoruz&#8221; dedi.<br \/>\n&#8220;B\u00f6lgemiz bal \u00fcretimine uygun bir b\u00f6lge&#8221;<br \/>\nBal Sa\u011f\u0131m \u00c7ad\u0131r\u0131 ve Ceviz Fidan\u0131 Da\u011f\u0131t\u0131m Projelerinden 300 \u00fcreticinin bal sa\u011f\u0131m \u00e7ad\u0131r\u0131, 520 \u00fcreticinin ise 15 bin 143 adet ceviz fidan\u0131 alacaklar\u0131n\u0131 hat\u0131rlatan Se\u00e7er, &#8220;Bug\u00fcn Erdemli&#8217;den ceviz fidan\u0131 talebinde bulunan 149 \u00fcreticimize, 4 bin 399 adet ceviz fidan\u0131 veriyoruz. B\u00f6lgemiz bal \u00fcretimine de uygun bir b\u00f6lge. Toroslar bizim i\u00e7in \u00e7ok b\u00fcy\u00fck bir nimet&#8221; diye konu\u015ftu.<br \/>\nBal \u00fcreticilerinin girdi maliyetleri konusunda \u00e7ok s\u0131k\u0131nt\u0131 \u00e7ektiklerini ve deste\u011fe ihtiya\u00e7lar\u0131 oldu\u011funu s\u00f6yleyen Se\u00e7er, en \u00f6nemli hususlardan bir tanesinin de bu \u00fcr\u00fcn\u00fc pazarlamak oldu\u011funu kaydetti. Bu konuda yak\u0131n zaman i\u00e7erisinde Yeni\u015fehir Mente\u015f&#8217;te a\u00e7\u0131lacak Kooperatif Pazar\u0131&#8217;ndaki sat\u0131\u015f noktas\u0131nda \u00fcreticilerin \u00fcr\u00fcnlerini pazarlayabileceklerini belirten Se\u00e7er, &#8220;Kooperatiflerin, \u00fcr\u00fcnlerini pazarlama noktas\u0131nda faydaland\u0131\u011f\u0131 elektronik al\u0131\u015fveri\u015f deste\u011fi, bal \u00fcreticilerimiz i\u00e7in de verilebilir&#8221; diye konu\u015ftu.<br \/>\n&#8220;\u00dcretmezsek ba\u015fka \u00fclkelere ba\u011f\u0131ml\u0131 oluruz&#8221;<br \/>\n\u00c7ift\u00e7inin \u00fcretiminin ne kadar \u00f6nemli oldu\u011funun, pandemi d\u00f6neminde t\u00fcm y\u00f6nleriyle anla\u015f\u0131ld\u0131\u011f\u0131n\u0131 vurgulayan Se\u00e7er, T\u00fcrkiye&#8217;nin tar\u0131m k\u00f6kenli bir \u00fclke oldu\u011funu, ancak tam anlamda tar\u0131m \u00fclkesi denilemeyece\u011fini de ifade ederek, &#8220;Her ne kadar \u00fcretti\u011fimiz \u00fcr\u00fcnler tart\u0131da a\u011f\u0131r, pahada hafif olsa da, hayatta kalabilmemiz i\u00e7in \u00fcretimin olmas\u0131 laz\u0131m. \u00c7\u00fcnk\u00fc, \u00fcretmezsek a\u00e7 kal\u0131r\u0131z ve ba\u015fka \u00fclkelere ba\u011f\u0131ml\u0131 oluruz&#8221; dedi.<br \/>\nT\u00fcrkiye&#8217;de her 4 ki\u015fiden birisinin tar\u0131mda \u00e7al\u0131\u015ft\u0131\u011f\u0131n\u0131, her 3 ki\u015fiden birisinin ise direkt veya dolayl\u0131 olarak tar\u0131mdan ge\u00e7indi\u011fini ve hem belediyelerin, hem de merkezi h\u00fck\u00fcmetin tar\u0131ma bu anlamda destek olmas\u0131 gerekti\u011finin alt\u0131n\u0131 \u00e7izen Se\u00e7er, &#8220;Ben belediye ba\u015fkan\u0131y\u0131m, ama meslek itibar\u0131yla Ziraat M\u00fchendisiyim. T\u00fcrkiye&#8217;nin, 10-20-30-50 y\u0131ll\u0131k bir program \u00e7er\u00e7evesinde, do\u011fru tar\u0131m politikalar\u0131na ge\u00e7mesi gerekir. Do\u011fru politikalar uyguland\u0131\u011f\u0131 zaman, bunun tabi ki ilk ba\u015fta baz\u0131 s\u0131k\u0131nt\u0131lar\u0131 olabilir, ama bu s\u0131k\u0131nt\u0131lar halka d\u00fczg\u00fcn bir \u015fekilde anlat\u0131l\u0131rsa, kar\u015f\u0131l\u0131\u011f\u0131n\u0131 mutlaka bulursunuz&#8221; ifadelerini kulland\u0131.<br \/>\n&#8220;Erdemli&#8217;ye \u00e7ok \u00f6nemli hizmetler yapt\u0131k ve yapmaya da devam ediyoruz&#8221;<br \/>\nErdemli&#8217;yi ve Erdemli halk\u0131n\u0131 \u00e7ok sevdi\u011fini dile getiren Se\u00e7er, bunun sebebinin ise b\u00f6lge halk\u0131n\u0131n \u00e7al\u0131\u015fkanl\u0131\u011f\u0131ndan kaynakland\u0131\u011f\u0131n\u0131 vurgulad\u0131. G\u00f6reve gelmeden \u00f6nce Erdemli ile ilgili s\u00f6yledi\u011fi ba\u015fta yol projeleri olmak \u00fczere, t\u00fcm projeleri uygulamaya ald\u0131klar\u0131n\u0131 ve \u00f6nemli bir k\u0131sm\u0131n\u0131 yerine getirdiklerini kaydeden Se\u00e7er, yine \u00fcreticiler i\u00e7in b\u00fcy\u00fck \u00f6nem ta\u015f\u0131yan Mergin ve Lamos K\u00f6pr\u00fcleri&#8217;ni hizmete sunduklar\u0131n\u0131 belirtti.<br \/>\nY\u0131llar \u00f6nce temeli at\u0131lmas\u0131na kar\u015f\u0131n, in\u015faat\u0131 duran Erdemli Hali i\u00e7in yeniden \u00e7al\u0131\u015fma ba\u015flatt\u0131klar\u0131n\u0131 ve art\u0131k tesisin bitme a\u015famas\u0131na geldi\u011fini anlatan Ba\u015fkan Se\u00e7er, Hal&#8217;in y\u0131lba\u015f\u0131na kadar orada faaliyet g\u00f6steren esnaflara teslim edilece\u011finin m\u00fcjdesini de verdi. Se\u00e7er,  Erdemli Otogar\u0131&#8217;n\u0131 yapmay\u0131 \u00e7ok istediklerini, ancak yer temininde ya\u015fanan s\u0131k\u0131nt\u0131 dolay\u0131s\u0131yla bir t\u00fcrl\u00fc yapamad\u0131klar\u0131n\u0131 aktard\u0131.<br \/>\nErdemli&#8217;de otogar i\u00e7in uygun Kocahasanl\u0131&#8217;da bir yer oldu\u011funu ifade eden Se\u00e7er, &#8220;Burada Milli Emlak&#8217;\u0131n bir yeri var, yan\u0131nda da bizim yerimiz var. Uzun s\u00fcredir oraya otogar yapmak i\u00e7in, bu yerin tahsisini Milli Emlak&#8217;tan istiyoruz. Tahsis yaparlarsa, biz de talebiniz olan otogar\u0131 yapar\u0131z&#8221; diye konu\u015ftu.<br \/>\nT\u00f6m\u00fck ve Limonlu b\u00f6lgesinde uzun y\u0131llard\u0131r kanalizasyonla ilgili s\u0131k\u0131nt\u0131lar oldu\u011funu ve vatanda\u015flardan yo\u011fun \u015fik\u00e2yet ald\u0131\u011f\u0131n\u0131 belirten Ba\u015fkan Se\u00e7er; Limonlu&#8217;daki problemin \u00e7\u00f6z\u00fcme ula\u015ft\u0131r\u0131ld\u0131\u011f\u0131n\u0131, T\u00f6m\u00fck&#8217;teki problemin ise k\u0131sa s\u00fcre i\u00e7erisinde \u00e7\u00f6z\u00fclece\u011fini s\u00f6yledi. Ba\u015fkan Se\u00e7er, halk\u0131n ihtiyac\u0131 olan hizmetlerin, bundan sonraki s\u00fcre\u00e7te de devam edece\u011fini kaydetti.<br \/>\n&#8220;Herkesin belediye ba\u015fkan\u0131y\u0131m&#8221;<br \/>\nHizmetleri yaparken hi\u00e7bir \u015fekilde ayr\u0131mc\u0131l\u0131k yapmad\u0131klar\u0131na dikkat \u00e7eken Se\u00e7er, &#8220;Ben belediye ba\u015fkan\u0131y\u0131m, herkesin belediye ba\u015fkan\u0131y\u0131m. Oy verenin vermeyenin, b\u00fct\u00fcn sosyal s\u0131n\u0131flar\u0131n, b\u00fct\u00fcn renklerin belediye ba\u015fkan\u0131y\u0131m. Bug\u00fcne kadar oldu\u011fu gibi, bundan sonra da duru\u015fumuzu bu \u015fekilde devam ettirece\u011fiz&#8221; \u015feklinde konu\u015ftu.<br \/>\nBir\u00e7ok konuda engellemelerle ve haks\u0131zl\u0131klarla kar\u015f\u0131la\u015fsalar da, bu s\u0131k\u0131nt\u0131lar\u0131, halk\u0131n ihtiyac\u0131 olan hizmetleri yapmamak i\u00e7in bir gerek\u00e7e olarak g\u00f6stermediklerini vurgulayan Se\u00e7er, &#8220;Fakat, ya\u015fat\u0131lan s\u0131k\u0131nt\u0131lar\u0131 da, vatanda\u015f\u0131n bilmesi en do\u011fal hakk\u0131. Her \u015feye ra\u011fmen Mersin g\u00fc\u00e7l\u00fc bir kent, Mersin B\u00fcy\u00fck\u015fehir Belediyesi g\u00fc\u00e7l\u00fc bir belediye, Mersin&#8217;i y\u00f6neten de g\u00fc\u00e7l\u00fc bir belediye ba\u015fkan\u0131d\u0131r. Kadrosu, g\u00fc\u00e7l\u00fc ve bilgili insanlardan olu\u015fmaktad\u0131r&#8221; diye konu\u015ftu.<br \/>\nAdem Kurt: &#8220;Ba\u015fkan\u0131m\u0131z\u0131 her zaman \u00fcreticinin yan\u0131nda g\u00f6rmekten mutluyuz&#8221;<br \/>\nMersin Ar\u0131 Yeti\u015ftiricileri Birli\u011fi Ba\u015fkan\u0131 Adem Kurt, her daim \u00fcreticinin yan\u0131nda oldu\u011fu i\u00e7in Ba\u015fkan Se\u00e7er&#8217;e te\u015fekk\u00fcr ederek, &#8220;Vahap Ba\u015fkan\u0131m\u0131 g\u00f6reve ilk geldi\u011fi g\u00fcnden beri; sahada, k\u0131rsalda, k\u00f6yl\u00fcn\u00fcn, \u00e7ift\u00e7inin, ar\u0131c\u0131n\u0131n, hayvanc\u0131n\u0131n yan\u0131nda g\u00f6rmekten mutluyuz. Daha \u00f6nce ar\u0131c\u0131lar\u0131m\u0131za bir ekipman deste\u011fi vermi\u015fti. \u0130kinci deste\u011fi bal sa\u011f\u0131m \u00e7ad\u0131r\u0131 oldu. Deste\u011fin devam edece\u011fi konusunda kendisinden s\u00f6z\u00fc de ald\u0131k&#8221; dedi.<br \/>\nKendi \u00fcrettikleri hakiki bal\u0131 t\u00fcketiciye ula\u015ft\u0131rmak i\u00e7in B\u00fcy\u00fck\u015fehir Belediyesi&#8217;nin destekleriyle Yeni\u015fehir&#8217;de, Mezitli&#8217;de ve Tarsus&#8217;ta Bal Evleri a\u00e7t\u0131klar\u0131n\u0131 kaydeden Kurt, &#8220;\u00dcretti\u011fimiz ballar\u0131m\u0131z\u0131, polenlerimizi, ar\u0131 s\u00fct\u00fcm\u00fcz\u00fc in\u015fallah \u00f6nce T\u00fcrkiye&#8217;ye, sonra da d\u00fcnyaya ula\u015ft\u0131rmak i\u00e7in beraber yol alaca\u011f\u0131z&#8221; diye belirtti.<br \/>\n\u00dcreticiler, verilen destekten memnun<br \/>\nHayalini ger\u00e7ekle\u015fti\u011fi i\u00e7in olduk\u00e7a mutlu olan ceviz \u00fcreticisi Hayriye Ak\u00e7a, &#8220;Say\u0131n Ba\u015fkan\u0131ma, \u00e7ift\u00e7ilik hayalimi ger\u00e7ekle\u015ftirmemde yard\u0131mc\u0131 oldu\u011fu i\u00e7in, \u00f6n \u0131\u015f\u0131k oldu\u011fu i\u00e7in te\u015fekk\u00fcr ediyorum&#8221; dedi.<br \/>\nBal sa\u011f\u0131m \u00e7ad\u0131r\u0131 alan \u015eadiye \u00c7elik isimli \u00fcretici ise, ar\u0131c\u0131l\u0131\u011f\u0131 tek ba\u015f\u0131na s\u00fcrd\u00fcrd\u00fc\u011f\u00fcn\u00fc belirterek &#8220;Sizlerin yard\u0131m\u0131yla ben ayakta durmaya \u00e7al\u0131\u015f\u0131yorum, ama bu yard\u0131mlar\u0131n artarak devam etmesini diliyorum. \u00d6zellikle biz bal\u0131m\u0131z\u0131 \u00fcretiyoruz, ama satmakta s\u0131k\u0131nt\u0131lar \u00e7ekiyoruz. \u00c7\u00fcnk\u00fc toplu sat\u0131\u015flar\u0131m\u0131z c\u00fczi fiyatlarda oluyor. G\u00fcncel fiyatlara biraz daha yak\u0131n olursa biz \u00fcr\u00fcnlerimizi daha g\u00fczel de\u011ferlendirece\u011fiz ve daha \u00e7ok ilerleyece\u011fiz&#8221; ifadelerini kulland\u0131.<br \/>\nBa\u015fkan Se\u00e7er Karg\u0131p\u0131nar\u0131&#8217;nda esnaf ve vatanda\u015flarla sohbet etti<br \/>\nBa\u015fkan Vahap Se\u00e7er, da\u011f\u0131t\u0131m t\u00f6reninin ard\u0131ndan Karg\u0131p\u0131nar\u0131  Mahallesi&#8217;nde esnaf ziyareti yapt\u0131. \u0130lk olarak Mahalle Mutfa\u011f\u0131&#8217;nda s\u0131raya giren vatanda\u015flarla sohbet eden Ba\u015fkan Se\u00e7er, ard\u0131ndan 50. Y\u0131l Caddesi boyunca esnaf ziyareti yapt\u0131.<br \/>\n50.Y\u0131l ve \u00c7akmak Caddesi&#8217;nde Mersin B\u00fcy\u00fck\u015fehir Belediyesi taraf\u0131ndan yap\u0131lan s\u0131cak asfalt \u00e7al\u0131\u015fmalar\u0131n\u0131 da yerinde inceleyen Ba\u015fkan Se\u00e7er, esnaf ve mahalle halk\u0131n\u0131n yo\u011fun sevgisi ile kar\u015f\u0131land\u0131.<\/p>\n","protected":false},"excerpt":{"rendered":"<p>Mersin B\u00fcy\u00fck\u015fehir Belediyesi&#8217;nin \u00fcreticilere y\u00f6nelik destekleri s\u00fcr\u00fcyor. Ba\u015fkan Vahap Se\u00e7er, Erdemli&#8217;de &#8220;Bal Sa\u011f\u0131m \u00c7ad\u0131r\u0131 ve Ceviz Fidan\u0131 Da\u011f\u0131t\u0131m T\u00f6reni&#8217;ne kat\u0131ld\u0131. T\u00f6rene; Ba\u015fkan Se\u00e7er&#8217;in yan\u0131 s\u0131ra, Mersin Dam\u0131zl\u0131k S\u0131\u011f\u0131r Yeti\u015ftiricileri Birli\u011fi &hellip; <a href=\"https:\/\/akdenizolaygazetesi.com\/?p=22648\" class=\"more-link\">Devam\u0131n\u0131 Oku&#8230;<\/a><\/p>\n","protected":false},"author":2,"featured_media":22649,"comment_status":"open","ping_status":"open","sticky":false,"template":"","format":"standard","meta":[],"categories":[8,1,2,3,5],"tags":[],"_links":{"self":[{"href":"https:\/\/akdenizolaygazetesi.com\/index.php?rest_route=\/wp\/v2\/posts\/22648"}],"collection":[{"href":"https:\/\/akdenizolaygazetesi.com\/index.php?rest_route=\/wp\/v2\/posts"}],"about":[{"href":"https:\/\/akdenizolaygazetesi.com\/index.php?rest_route=\/wp\/v2\/types\/post"}],"author":[{"embeddable":true,"href":"https:\/\/akdenizolaygazetesi.com\/index.php?rest_route=\/wp\/v2\/users\/2"}],"replies":[{"embeddable":true,"href":"https:\/\/akdenizolaygazetesi.com\/index.php?rest_route=%2Fwp%2Fv2%2Fcomments&post=22648"}],"version-history":[{"count":1,"href":"https:\/\/akdenizolaygazetesi.com\/index.php?rest_route=\/wp\/v2\/posts\/22648\/revisions"}],"predecessor-version":[{"id":22650,"href":"https:\/\/akdenizolaygazetesi.com\/index.php?rest_route=\/wp\/v2\/posts\/22648\/revisions\/22650"}],"wp:featuredmedia":[{"embeddable":true,"href":"https:\/\/akdenizolaygazetesi.com\/index.php?rest_route=\/wp\/v2\/media\/22649"}],"wp:attachment":[{"href":"https:\/\/akdenizolaygazetesi.com\/index.php?rest_route=%2Fwp%2Fv2%2Fmedia&parent=22648"}],"wp:term":[{"taxonomy":"category","embeddable":true,"href":"https:\/\/akdenizolaygazetesi.com\/index.php?rest_route=%2Fwp%2Fv2%2Fcategories&post=22648"},{"taxonomy":"post_tag","embeddable":true,"href":"https:\/\/akdenizolaygazetesi.com\/index.php?rest_route=%2Fwp%2Fv2%2Ftags&post=22648"}],"curies":[{"name":"wp","href":"https:\/\/api.w.org\/{rel}","templated":true}]}}