{"id":2265,"date":"2020-11-04T18:22:47","date_gmt":"2020-11-04T15:22:47","guid":{"rendered":"http:\/\/mersinekonomipolitikagazetesi.com\/?p=2265"},"modified":"2020-11-04T18:22:47","modified_gmt":"2020-11-04T15:22:47","slug":"katledilen-universite-ogrencisi-feray-icin-adalet-istiyorlar","status":"publish","type":"post","link":"https:\/\/akdenizolaygazetesi.com\/?p=2265","title":{"rendered":"Katledilen \u00fcniversite \u00f6\u011frencisi Feray i\u00e7in adalet istiyorlar"},"content":{"rendered":"<p>Mersin&#8217;de \u00fcniversite son s\u0131n\u0131f \u00f6\u011frencisi Feray \u015eahin&#8217;i kasten \u00f6ld\u00fcrmekten tutuklu bulunan polis memurunun yarg\u0131lanmas\u0131na devam edilirken, per\u015fembe g\u00fcn\u00fc g\u00f6r\u00fclecek duru\u015fma \u00f6ncesi gen\u00e7 k\u0131z\u0131n ac\u0131l\u0131 anne babas\u0131 adalet istedi.<\/p>\n<p>Mersin&#8217;de \u00fcniversite son s\u0131n\u0131f \u00f6\u011frencisi Feray \u015eahin&#8217;i kasten \u00f6ld\u00fcrmekten tutuklu bulunan polis memuru Fatih Burak A.&#8217;n\u0131n yarg\u0131lanmas\u0131na per\u015fembe g\u00fcn\u00fc devam edilecek. \u0130stanbul Adli T\u0131p Kurumundan olayla ilgili gelen raporda, \u00fcniversite \u00f6\u011frencisi Feray&#8217;\u0131n cinayete kurban gitti\u011fi kesinle\u015fmi\u015f, tutuklu yarg\u0131lanan polis memurunun gen\u00e7 k\u0131z\u0131 uzaktan vurdu\u011fu ortaya \u00e7\u0131km\u0131\u015ft\u0131.<br \/>\n\u00a0<br \/>\nMersin 5. A\u011f\u0131r Ceza Mahkemesinde g\u00f6r\u00fclen davaya 19 Temmuz Per\u015fembe g\u00fcn\u00fc devam edilecek. Cinayeti b\u00fcy\u00fck \u00f6l\u00e7\u00fcde ayd\u0131nlatan rapor ge\u00e7ti\u011fimiz ay \u0130stanbul Adli T\u0131p Kurumundan mahkemeye ula\u015ft\u0131. Mahkeme savc\u0131s\u0131n\u0131n izinde olmas\u0131 ve baz\u0131 eksiklerin giderilmesi i\u00e7in mahkeme heyeti duru\u015fmay\u0131 19 Temmuz&#8217;a erteledi.\u00a0<br \/>\nHaziran ay\u0131nda yap\u0131lan duru\u015fmada maktul Feray \u015eahin&#8217;in avukat\u0131 \u00d6zg\u00fcr Akda\u011f, gelen son rapor ile san\u0131\u011f\u0131n, davan\u0131n ba\u015f\u0131ndan beri yalan s\u00f6yledi\u011finin ve delilleri karartt\u0131\u011f\u0131n\u0131n bir kez daha kan\u0131tland\u0131\u011f\u0131n\u0131, uzaktan at\u0131\u015f ile Feray\u2019\u0131n \u00f6ld\u00fcr\u00fcld\u00fc\u011f\u00fcn\u00fcn belirlendi\u011fini s\u00f6yledi. Avukat Akda\u011f, \u201cRapor bizim daha \u00f6nceki savunmalar\u0131m\u0131z\u0131 destekler mahiyettedir. S\u00f6z konusu at\u0131\u015f\u0131n uzak mesafeden at\u0131\u015f oldu\u011fu raporla belirtilmektedir. Bu da san\u0131\u011f\u0131n silah\u0131 kurtarmak i\u00e7in hareket etti\u011fi y\u00f6n\u00fcndeki savunmas\u0131n\u0131 \u00e7\u00fcr\u00fctmektedir. Ayr\u0131ca maktulenin yap\u0131lan t\u0131rnak aras\u0131 incelemesinde san\u0131\u011fa ait DNA bulundu\u011fu belirtilmi\u015ftir. San\u0131\u011f\u0131n savunmalar\u0131nda maktule ile herhangi bir fiziki temastan bahsedilmedi\u011fi halde t\u0131rnak aras\u0131nda DNA bulunmas\u0131 savunmas\u0131n\u0131 \u00e7\u00fcr\u00fctm\u00fc\u015ft\u00fcr. Bu da Feray\u2019\u0131n direndi\u011fini g\u00f6stermektedir&#8221; dedi.\u00a0<br \/>\nFeray\u2019\u0131n avukatlar\u0131ndan Okan \u015eahin, san\u0131\u011f\u0131n en a\u011f\u0131r \u015fekilde cezaland\u0131r\u0131lmas\u0131n\u0131 ve tutukluluk halinin devam\u0131n\u0131 talep ederken, Avukat Sevim K\u00fc\u00e7\u00fck de san\u0131\u011f\u0131n hem cinsel sald\u0131r\u0131 hem de adam \u00f6ld\u00fcrme su\u00e7lar\u0131ndan en a\u011f\u0131r \u015fekilde cezaland\u0131r\u0131lmas\u0131n\u0131 ve tutukluluk halinin devam\u0131na karar verilmesini talep etmi\u015fti.\u00a0<br \/>\nTutuklu yarg\u0131lanan polis memuru Fatih Burak A.&#8217;n\u0131n avukat\u0131 ise aleyhte olan hususlar\u0131 kabul etmediklerini ifade ettikten sonra, mahkeme heyeti san\u0131\u011f\u0131n tutukluluk halinin devam\u0131na karar vererek, dosyadaki eksikliklerin giderilmesi i\u00e7in duru\u015fmay\u0131 19 Temmuz 2018 Per\u015fembe g\u00fcn\u00fcne erteledi.\u00a0<br \/>\nFeray \u015eahin\u2019in babas\u0131 gazeteci Bekir \u015eahin ve annesi Aysel \u015eahin, \u00fcniversite son s\u0131n\u0131f \u00f6\u011frencisi mimar aday\u0131 k\u0131zlar\u0131n\u0131 katleden katilin en a\u011f\u0131r \u015fekilde cezaland\u0131r\u0131lmas\u0131n\u0131 istedi. K\u0131zlar\u0131n\u0131n kan\u0131n\u0131n yerde kalmamas\u0131n\u0131 isteyen aile, bu nedenle Feray i\u00e7in adalet istediklerini s\u00f6yledi. \u015eahin ailesi, verilecek cezan\u0131n \u00f6rnek olmas\u0131n\u0131, ba\u015fka katliamlar\u0131n \u00f6n\u00fcne ge\u00e7mesini arzu ettiklerini s\u00f6yledi.\u00a0<\/p>\n<p>Olay\u0131n ge\u00e7mi\u015fi<br \/>\n\u00a0<br \/>\nMersin&#8217;in merkez Mezitli il\u00e7esinde 19 Eyl\u00fcl&#8217;de \u00fcniversite son s\u0131n\u0131f \u00f6\u011frencisi Feray \u015eahin evinde silahla vurularak hayat\u0131n\u0131 kaybetmi\u015f, olay yerine giden polis ekiplerince katil zanl\u0131s\u0131 polis memuru Fatih Burak A., sevk edildi\u011fi mahkemece tutuklanm\u0131\u015ft\u0131. Katil zanl\u0131s\u0131 kasten \u00f6ld\u00fcrmek su\u00e7undan tutuklu yarg\u0131lan\u0131yor. \u00a0<\/p>\n","protected":false},"excerpt":{"rendered":"<p>Mersin&#8217;de \u00fcniversite son s\u0131n\u0131f \u00f6\u011frencisi Feray \u015eahin&#8217;i kasten \u00f6ld\u00fcrmekten tutuklu bulunan polis memurunun yarg\u0131lanmas\u0131na devam edilirken, per\u015fembe g\u00fcn\u00fc g\u00f6r\u00fclecek duru\u015fma \u00f6ncesi gen\u00e7 k\u0131z\u0131n ac\u0131l\u0131 anne babas\u0131 adalet istedi. Mersin&#8217;de \u00fcniversite &hellip; <a href=\"https:\/\/akdenizolaygazetesi.com\/?p=2265\" class=\"more-link\">Devam\u0131n\u0131 Oku&#8230;<\/a><\/p>\n","protected":false},"author":1,"featured_media":0,"comment_status":"open","ping_status":"open","sticky":false,"template":"","format":"standard","meta":[],"categories":[],"tags":[],"_links":{"self":[{"href":"https:\/\/akdenizolaygazetesi.com\/index.php?rest_route=\/wp\/v2\/posts\/2265"}],"collection":[{"href":"https:\/\/akdenizolaygazetesi.com\/index.php?rest_route=\/wp\/v2\/posts"}],"about":[{"href":"https:\/\/akdenizolaygazetesi.com\/index.php?rest_route=\/wp\/v2\/types\/post"}],"author":[{"embeddable":true,"href":"https:\/\/akdenizolaygazetesi.com\/index.php?rest_route=\/wp\/v2\/users\/1"}],"replies":[{"embeddable":true,"href":"https:\/\/akdenizolaygazetesi.com\/index.php?rest_route=%2Fwp%2Fv2%2Fcomments&post=2265"}],"version-history":[{"count":0,"href":"https:\/\/akdenizolaygazetesi.com\/index.php?rest_route=\/wp\/v2\/posts\/2265\/revisions"}],"wp:attachment":[{"href":"https:\/\/akdenizolaygazetesi.com\/index.php?rest_route=%2Fwp%2Fv2%2Fmedia&parent=2265"}],"wp:term":[{"taxonomy":"category","embeddable":true,"href":"https:\/\/akdenizolaygazetesi.com\/index.php?rest_route=%2Fwp%2Fv2%2Fcategories&post=2265"},{"taxonomy":"post_tag","embeddable":true,"href":"https:\/\/akdenizolaygazetesi.com\/index.php?rest_route=%2Fwp%2Fv2%2Ftags&post=2265"}],"curies":[{"name":"wp","href":"https:\/\/api.w.org\/{rel}","templated":true}]}}