{"id":22651,"date":"2022-12-02T17:24:46","date_gmt":"2022-12-02T14:24:46","guid":{"rendered":"http:\/\/akdenizolaygazetesi.com\/?p=22651"},"modified":"2022-12-02T17:24:46","modified_gmt":"2022-12-02T14:24:46","slug":"akdeniz-belediyesinden-engelli-vatandaslara-is-kulubu-egitimi","status":"publish","type":"post","link":"https:\/\/akdenizolaygazetesi.com\/?p=22651","title":{"rendered":"AKDEN\u0130Z BELED\u0130YES\u0130\u2019NDEN ENGELL\u0130 VATANDA\u015eLARA \u201c\u0130\u015e KUL\u00dcB\u00dc E\u011e\u0130T\u0130M\u0130\u201d"},"content":{"rendered":"<p>Akdeniz Belediyesi ile Mersin \u00c7al\u0131\u015fma ve \u0130\u015f Kurumu \u0130l M\u00fcd\u00fcrl\u00fc\u011f\u00fc (\u0130\u015e-KUR) i\u015fbirli\u011finde engelli bireylere y\u00f6nelik, \u2018proje haz\u0131rlama, hibe ba\u015fvurusu, i\u015f g\u00fcc\u00fc piyasas\u0131, \u00f6zge\u00e7mi\u015f haz\u0131rlama ve m\u00fclakat teknikleri\u2019 konular\u0131nda \u0130\u015f Kul\u00fcb\u00fc E\u011fitimi\u201d verildi.<br \/>\nAkdeniz Belediyesi, engelli bireylere pozitif ayr\u0131mc\u0131l\u0131k ilkesiyle hizmet ve projelerini s\u00fcrd\u00fcrmeye ve bu konuda resmi kurumlarla da i\u015fbirli\u011fine devam ediyor. Bu ama\u00e7la son olarak Akdeniz Belediyesi ile \u0130\u015e-KUR \u0130l M\u00fcd\u00fcrl\u00fc\u011f\u00fc i\u015fbirli\u011finde, \u201c3 Aral\u0131k D\u00fcnya Engelliler G\u00fcn\u00fc\u201d etkinlikleri kapsam\u0131nda kendi i\u015fini kurmak veya b\u00fcy\u00fctmek isteyen engelli vatanda\u015flara \u201c\u0130\u015f Kul\u00fcb\u00fc E\u011fitimi\u201d verildi.<br \/>\nE\u011fitimde verilen konular\u2026<br \/>\nK\u00fclt\u00fcr ve Sosyal \u0130\u015fler M\u00fcd\u00fcrl\u00fc\u011f\u00fc taraf\u0131ndan ger\u00e7ekle\u015fen e\u011fitimde kat\u0131l\u0131mc\u0131lara, \u201cProje Haz\u0131rlama, Hibe Ba\u015fvurusu, \u0130\u015f Arama Becerileri, \u0130\u015f G\u00fcc\u00fc Piyasas\u0131, \u00d6zge\u00e7mi\u015f Haz\u0131rlama ve M\u00fclakat Teknikleri\u201d konular\u0131nda \u0130\u015e-KUR uzmanlar\u0131 taraf\u0131ndan sunumlar yap\u0131ld\u0131. Uzmanlar, e\u011fitime kat\u0131lan engelli vatanda\u015flar\u0131n farkl\u0131 konulardaki sorular\u0131n\u0131 da yan\u0131tlay\u0131p onlar\u0131 ayd\u0131nlatt\u0131.<br \/>\nE\u011fitime kat\u0131l\u0131m sertifikalar\u0131n\u0131 ald\u0131lar<br \/>\nVerilen e\u011fitim, engelli bireylerin i\u015f g\u00fcc\u00fc piyasas\u0131nda istihdam edilmeleri veya kendi i\u015flerini kurup b\u00fcy\u00fctmeleri a\u00e7\u0131s\u0131ndan b\u00fcy\u00fck \u00f6nem ta\u015f\u0131yor. \u0130\u015f Kul\u00fcb\u00fc E\u011fitimi\u2019nin sonunda kat\u0131l\u0131mc\u0131lara sertifikalar\u0131 da teslim edilirken, e\u011fitime kat\u0131lan engelli vatanda\u015flar, ald\u0131klar\u0131 bilgilerin kendileri i\u00e7in b\u00fcy\u00fck \u00f6nem ta\u015f\u0131d\u0131\u011f\u0131n\u0131 ve \u00e7ok faydalanacaklar\u0131n\u0131 dile getirerek Akdeniz Belediyesi ve \u0130\u015e-KUR yetkililerine te\u015fekk\u00fcr etti.<br \/>\n\u201cBu kursu alanlar daha sistemli ve bilin\u00e7li \u015fekilde i\u015f ar\u0131yor\u201d<br \/>\nE\u011fitime kat\u0131lan vatanda\u015flara te\u015fekk\u00fcr eden K\u00fclt\u00fcr ve Sosyal \u0130\u015fler M\u00fcd\u00fcr\u00fc Ali U\u00e7ar; Akdeniz Belediyesi olarak \u0130\u015e-KUR ile d\u00fczenledikleri i\u015f kul\u00fcb\u00fc e\u011fitimlerine b\u00fcy\u00fck \u00f6nem verdiklerini vurgulad\u0131. Daha \u00f6nce meslek edindirme kurslar\u0131nda da bu e\u011fitimi verdiklerini hat\u0131rlatan U\u00e7ar; \u201cBuraya gelen kursiyer arkada\u015flar\u0131m\u0131z bu e\u011fitimi ald\u0131ktan sonra \u00e7ok daha sistemli, bilin\u00e7li bir \u015fekilde i\u015f aray\u0131\u015flar\u0131na devam ettiler. Ve bu nitelikli belgeden sonra i\u015f aray\u0131\u015f\u0131nda daha da g\u00fc\u00e7lendiler. 3 Aral\u0131k D\u00fcnya Engelliler G\u00fcn\u00fc m\u00fcnasebetiyle, sizlerin de bu e\u011fitimi alman\u0131z\u0131 istedik. Bu e\u011fitime kat\u0131lman\u0131z bizleri \u00e7ok mutlu etti. Hepinize bundan sonraki hayat\u0131n\u0131zda mutluluk ve ba\u015far\u0131 diliyorum\u201d dedi.<\/p>\n","protected":false},"excerpt":{"rendered":"<p>Akdeniz Belediyesi ile Mersin \u00c7al\u0131\u015fma ve \u0130\u015f Kurumu \u0130l M\u00fcd\u00fcrl\u00fc\u011f\u00fc (\u0130\u015e-KUR) i\u015fbirli\u011finde engelli bireylere y\u00f6nelik, \u2018proje haz\u0131rlama, hibe ba\u015fvurusu, i\u015f g\u00fcc\u00fc piyasas\u0131, \u00f6zge\u00e7mi\u015f haz\u0131rlama ve m\u00fclakat teknikleri\u2019 konular\u0131nda \u0130\u015f Kul\u00fcb\u00fc &hellip; <a href=\"https:\/\/akdenizolaygazetesi.com\/?p=22651\" class=\"more-link\">Devam\u0131n\u0131 Oku&#8230;<\/a><\/p>\n","protected":false},"author":2,"featured_media":22652,"comment_status":"open","ping_status":"open","sticky":false,"template":"","format":"standard","meta":[],"categories":[2,3,5],"tags":[],"_links":{"self":[{"href":"https:\/\/akdenizolaygazetesi.com\/index.php?rest_route=\/wp\/v2\/posts\/22651"}],"collection":[{"href":"https:\/\/akdenizolaygazetesi.com\/index.php?rest_route=\/wp\/v2\/posts"}],"about":[{"href":"https:\/\/akdenizolaygazetesi.com\/index.php?rest_route=\/wp\/v2\/types\/post"}],"author":[{"embeddable":true,"href":"https:\/\/akdenizolaygazetesi.com\/index.php?rest_route=\/wp\/v2\/users\/2"}],"replies":[{"embeddable":true,"href":"https:\/\/akdenizolaygazetesi.com\/index.php?rest_route=%2Fwp%2Fv2%2Fcomments&post=22651"}],"version-history":[{"count":1,"href":"https:\/\/akdenizolaygazetesi.com\/index.php?rest_route=\/wp\/v2\/posts\/22651\/revisions"}],"predecessor-version":[{"id":22653,"href":"https:\/\/akdenizolaygazetesi.com\/index.php?rest_route=\/wp\/v2\/posts\/22651\/revisions\/22653"}],"wp:featuredmedia":[{"embeddable":true,"href":"https:\/\/akdenizolaygazetesi.com\/index.php?rest_route=\/wp\/v2\/media\/22652"}],"wp:attachment":[{"href":"https:\/\/akdenizolaygazetesi.com\/index.php?rest_route=%2Fwp%2Fv2%2Fmedia&parent=22651"}],"wp:term":[{"taxonomy":"category","embeddable":true,"href":"https:\/\/akdenizolaygazetesi.com\/index.php?rest_route=%2Fwp%2Fv2%2Fcategories&post=22651"},{"taxonomy":"post_tag","embeddable":true,"href":"https:\/\/akdenizolaygazetesi.com\/index.php?rest_route=%2Fwp%2Fv2%2Ftags&post=22651"}],"curies":[{"name":"wp","href":"https:\/\/api.w.org\/{rel}","templated":true}]}}