{"id":22654,"date":"2022-12-02T17:26:23","date_gmt":"2022-12-02T14:26:23","guid":{"rendered":"http:\/\/akdenizolaygazetesi.com\/?p=22654"},"modified":"2022-12-02T17:26:23","modified_gmt":"2022-12-02T14:26:23","slug":"baskan-secer-3-aralik-kapsaminda-ozel-bireylerle-bir-araya-geldi","status":"publish","type":"post","link":"https:\/\/akdenizolaygazetesi.com\/?p=22654","title":{"rendered":"BA\u015eKAN SE\u00c7ER, 3 ARALIK KAPSAMINDA \u00d6ZEL B\u0130REYLERLE B\u0130R ARAYA GELD\u0130"},"content":{"rendered":"<p>Mersin B\u00fcy\u00fck\u015fehir Belediye Ba\u015fkan\u0131 Vahap Se\u00e7er,  Mersin B\u00fcy\u00fck\u015fehir Belediyesi Sa\u011fl\u0131k \u0130\u015fleri Dairesi Ba\u015fkanl\u0131\u011f\u0131 Engelliler \u015eube M\u00fcd\u00fcrl\u00fc\u011f\u00fc ile \u0130l Milli E\u011fitim M\u00fcd\u00fcrl\u00fc\u011f\u00fc i\u015fbirli\u011finde, Toroslar \u00c7ankaya \u00d6zel E\u011fitim Meslek Okulu&#8217;nun bah\u00e7esinde d\u00fczenlenen &#8216;3 Aral\u0131k D\u00fcnya Engelliler G\u00fcn\u00fc Fark\u0131ndal\u0131k Etkinli\u011fi&#8217;ne kat\u0131larak, \u00f6zel gereksinimli \u00f6\u011frencilerle ve aileleriyle bir araya geldi.<br \/>\nEtkinlikte; Toroslar \u00c7ankaya \u00d6zel E\u011fitim Meslek Okulu, Yunus Emre \u0130\u015fitme Engelliler \u0130lk-Orta Okulu, \u0130bni Sina \u00d6zel E\u011fitim Meslek Lisesi ve Mersin B\u00fcy\u00fck\u015fehir Belediyesi \u00d6zel E\u011fitim Uygulama Okulu \u00f6\u011frencileri yer ald\u0131.<br \/>\nBa\u015fkan Se\u00e7er: &#8220;Sizlerin hayat\u0131na biraz daha kalite sunman\u0131n gayreti i\u00e7erisindeyiz&#8221;<br \/>\nEtkinlikte yapt\u0131\u011f\u0131 konu\u015fmada; sosyal devletin, yurtta\u015flar\u0131 aras\u0131nda ayr\u0131m yapmadan, adaletli ve e\u015fit hizmet g\u00f6t\u00fcren devlet anlay\u0131\u015f\u0131 oldu\u011funu belirten Ba\u015fkan Se\u00e7er, ayn\u0131 anlay\u0131\u015f\u0131n yerel y\u00f6netimlerde de olmas\u0131 gerekti\u011fini ifade ederek,  &#8220;\u00d6zel \u00e7ocuklar\u0131yla birlikte, kendi k\u0131s\u0131tl\u0131 imk\u00e2nlar\u0131 i\u00e7inde hayatla m\u00fccadele eden ailelerimizin yan\u0131nda olma gayreti i\u00e7erisindeyiz. \u00d6zel \u00e7ocuklara sahip ailelerimizin \u015fartlar\u0131n\u0131n, durumlar\u0131n\u0131n, onlar\u0131n ya\u015fad\u0131klar\u0131 zorluklar\u0131n fark\u0131nda olarak, onlar\u0131n ya\u015fam\u0131na biraz daha kalite sunman\u0131n \u00e7al\u0131\u015fmas\u0131 i\u00e7erisindeyiz. B\u00fcnyemizde yer alan Engelliler \u015eube M\u00fcd\u00fcrl\u00fc\u011f\u00fc&#8217;nde, sizlerin talepleri do\u011frultusunda projeler geli\u015ftiriliyor. Ben de Ba\u015fkan\u0131n\u0131z olarak, bu konuda her zaman yan\u0131n\u0131zday\u0131m ve destek\u00e7inizim&#8221; dedi.<br \/>\n&#8220;Birlik ve beraberlik i\u00e7erisinde a\u015famayaca\u011f\u0131m\u0131z hi\u00e7bir engel yok&#8221;<br \/>\nB\u00fcy\u00fck\u015fehir&#8217;in Engelsiz Ya\u015fam Merkezi ve Engelsiz Ya\u015fam Park\u0131 hizmetlerinden de bahseden Se\u00e7er, bu merkezlerde yap\u0131lan \u00e7al\u0131\u015fmalarla \u00f6zel bireylerin hem sosyalle\u015fmelerinin, hem de fiziksel aktivitelerde bulunmalar\u0131n\u0131n sa\u011fland\u0131\u011f\u0131n\u0131 anlatarak, yak\u0131n zamanda a\u00e7\u0131lacak Otizm Merkezi&#8217;ni de duyurdu. Akkent&#8217;te Ocak ay\u0131n\u0131n sonunda hizmete girecek bir Otizm Merkezi \u00e7al\u0131\u015fmas\u0131 y\u00fcr\u00fctt\u00fcklerini kaydeden Se\u00e7er, &#8220;0-6 ya\u015f aras\u0131 \u00e7ocuklar\u0131m\u0131z\u0131n e\u011fitilece\u011fi, terapiye tabi tutulaca\u011f\u0131 bir merkez olarak dizayn ediliyor. Bu \u00e7ocuklar\u0131m\u0131z i\u00e7in her t\u00fcrl\u00fc fedakarl\u0131kta bulunan anne babalar\u0131m\u0131za, m\u00fcte\u015fekkir oldu\u011fumuzu belirtmek istiyorum. \u00c7ocuklar\u0131m\u0131za, hep beraber iyi bakal\u0131m. Birlik beraberlik i\u00e7erisinde a\u015famayaca\u011f\u0131m\u0131z hi\u00e7bir zorluk ve engel yok&#8221; ifadelerini kulland\u0131.<br \/>\n\u00d6zel gereksinimli bireyler etkinlikte doyas\u0131ya e\u011flendi<br \/>\nBa\u015fkan Se\u00e7er&#8217;in konu\u015fmas\u0131n\u0131n ard\u0131ndan, \u00c7ankaya \u00d6zel E\u011fitim Meslek Okulu M\u00fcd\u00fcr\u00fc Serdar Utma ve \u00f6\u011frenciler taraf\u0131ndan Ba\u015fkan Se\u00e7er&#8217;e hediye takdimi yap\u0131ld\u0131. Mersin B\u00fcy\u00fck\u015fehir Belediyesi \u00d6zel E\u011fitim Uygulama Okulu&#8217;nun dans g\u00f6sterisinin ard\u0131ndan, Yunus Emre \u0130\u015fitme Engelliler Orta Okulu Halk Oyunlar\u0131&#8217;n\u0131n g\u00f6sterileri b\u00fcy\u00fck be\u011feni toplad\u0131. \u00c7ankaya \u00d6zel E\u011fitim Meslek Okulu Korosu ve Mersin B\u00fcy\u00fck\u015fehir Belediyesi Engelsiz Ya\u015fam Park\u0131 \u00f6\u011frencilerinin halk oyunlar\u0131 g\u00f6sterisi ise etkinli\u011fi izleyenlerden alk\u0131\u015f ald\u0131.<br \/>\n\u00d6zel bireylerden Ba\u015fkan Se\u00e7er&#8217;e ziyaret<br \/>\n\u00d6te yandan Mersin B\u00fcy\u00fck\u015fehir Belediyesi Engelsiz Ya\u015fam Park\u0131 \u00f6\u011frencileri ve \u00f6\u011fretmenleri, &#8216;3 Aral\u0131k D\u00fcnya Engelliler G\u00fcn\u00fc&#8217; kapsam\u0131nda, Mersin B\u00fcy\u00fck\u015fehir Belediyesi Sa\u011fl\u0131k \u0130\u015fleri Dairesi Ba\u015fkan\u0131 H\u00fclya Atila ile birlikte Ba\u015fkan Se\u00e7er&#8217;i makam\u0131nda ziyaret etti.<br \/>\n\u00d6zel \u00f6\u011frencilerle bir araya gelen Ba\u015fkan Se\u00e7er, sabahki t\u00f6rende sergiledikleri performans\u0131 \u00e7ok be\u011fendi\u011fini ifade etti.<br \/>\nB\u00fcy\u00fck\u015fehir Belediyesi&#8217;nin &#8216;3 Aral\u0131k D\u00fcnya Engelliler G\u00fcn\u00fc Fark\u0131ndal\u0131k Etkinlikleri&#8217;, 1 hafta boyunca kentin de\u011fi\u015fik noktalar\u0131nda devam edecek.<br \/>\n\u00d6te yandan Zihinsel Yetersiz \u00c7ocuklar\u0131 Yeti\u015ftirme ve Koruma Vakf\u0131 (Z\u0130\u00c7EV) Mersin \u015eubesi Y\u00f6netim Kurulu Ba\u015fkan\u0131 Dr. Zekiye Kahveci ve y\u00f6netim kurulu \u00fcyeleri de 3 Aral\u0131k D\u00fcnya Engelliler G\u00fcn\u00fc kapsam\u0131nda Ba\u015fkan Se\u00e7er&#8217;e nezaket ve te\u015fekk\u00fcr ziyaretinde bulundu. Ziyarette B\u00fcy\u00fck\u015fehir Belediyesi Sa\u011fl\u0131k \u0130\u015fleri Dairesi Ba\u015fkan\u0131 H\u00fclya Atila da yer ald\u0131.<\/p>\n","protected":false},"excerpt":{"rendered":"<p>Mersin B\u00fcy\u00fck\u015fehir Belediye Ba\u015fkan\u0131 Vahap Se\u00e7er, Mersin B\u00fcy\u00fck\u015fehir Belediyesi Sa\u011fl\u0131k \u0130\u015fleri Dairesi Ba\u015fkanl\u0131\u011f\u0131 Engelliler \u015eube M\u00fcd\u00fcrl\u00fc\u011f\u00fc ile \u0130l Milli E\u011fitim M\u00fcd\u00fcrl\u00fc\u011f\u00fc i\u015fbirli\u011finde, Toroslar \u00c7ankaya \u00d6zel E\u011fitim Meslek Okulu&#8217;nun bah\u00e7esinde d\u00fczenlenen &hellip; <a href=\"https:\/\/akdenizolaygazetesi.com\/?p=22654\" class=\"more-link\">Devam\u0131n\u0131 Oku&#8230;<\/a><\/p>\n","protected":false},"author":2,"featured_media":22655,"comment_status":"open","ping_status":"open","sticky":false,"template":"","format":"standard","meta":[],"categories":[3,5],"tags":[],"_links":{"self":[{"href":"https:\/\/akdenizolaygazetesi.com\/index.php?rest_route=\/wp\/v2\/posts\/22654"}],"collection":[{"href":"https:\/\/akdenizolaygazetesi.com\/index.php?rest_route=\/wp\/v2\/posts"}],"about":[{"href":"https:\/\/akdenizolaygazetesi.com\/index.php?rest_route=\/wp\/v2\/types\/post"}],"author":[{"embeddable":true,"href":"https:\/\/akdenizolaygazetesi.com\/index.php?rest_route=\/wp\/v2\/users\/2"}],"replies":[{"embeddable":true,"href":"https:\/\/akdenizolaygazetesi.com\/index.php?rest_route=%2Fwp%2Fv2%2Fcomments&post=22654"}],"version-history":[{"count":1,"href":"https:\/\/akdenizolaygazetesi.com\/index.php?rest_route=\/wp\/v2\/posts\/22654\/revisions"}],"predecessor-version":[{"id":22656,"href":"https:\/\/akdenizolaygazetesi.com\/index.php?rest_route=\/wp\/v2\/posts\/22654\/revisions\/22656"}],"wp:featuredmedia":[{"embeddable":true,"href":"https:\/\/akdenizolaygazetesi.com\/index.php?rest_route=\/wp\/v2\/media\/22655"}],"wp:attachment":[{"href":"https:\/\/akdenizolaygazetesi.com\/index.php?rest_route=%2Fwp%2Fv2%2Fmedia&parent=22654"}],"wp:term":[{"taxonomy":"category","embeddable":true,"href":"https:\/\/akdenizolaygazetesi.com\/index.php?rest_route=%2Fwp%2Fv2%2Fcategories&post=22654"},{"taxonomy":"post_tag","embeddable":true,"href":"https:\/\/akdenizolaygazetesi.com\/index.php?rest_route=%2Fwp%2Fv2%2Ftags&post=22654"}],"curies":[{"name":"wp","href":"https:\/\/api.w.org\/{rel}","templated":true}]}}