{"id":22660,"date":"2022-12-02T17:29:21","date_gmt":"2022-12-02T14:29:21","guid":{"rendered":"http:\/\/akdenizolaygazetesi.com\/?p=22660"},"modified":"2022-12-02T17:29:21","modified_gmt":"2022-12-02T14:29:21","slug":"toroslarda-aralik-ayi-meclisinin-birinci-birlesimi-yapildi","status":"publish","type":"post","link":"https:\/\/akdenizolaygazetesi.com\/?p=22660","title":{"rendered":"TOROSLAR&#8217;DA ARALIK AYI MECL\u0130S\u0130N\u0130N B\u0130R\u0130NC\u0130 B\u0130RLE\u015e\u0130M\u0130 YAPILDI"},"content":{"rendered":"<p>Toroslar Belediyesinin Aral\u0131k Ay\u0131 Meclis Toplant\u0131s\u0131, Belediye Ba\u015fkan\u0131 Ats\u0131z Af\u015f\u0131n Y\u0131lmaz Ba\u015fkanl\u0131\u011f\u0131nda ger\u00e7ekle\u015fti.<\/p>\n<p>Yunus Emre K\u00fclt\u00fcr Merkezi&#8217;nde, Sayg\u0131 duru\u015fu ve \u0130stiklal Mar\u015f\u0131&#8217;n\u0131n okunmas\u0131yla ba\u015flayan toplant\u0131da g\u00fcndem maddeleri g\u00f6r\u00fc\u015f\u00fclerek karara ba\u011fland\u0131.<\/p>\n<p>\u0130l\u00e7e genelinde devam eden ve yap\u0131lmas\u0131 planlanan \u00e7al\u0131\u015fmalar hakk\u0131nda meclis \u00fcyelerini bilgilerinden Toroslar Belediye Ba\u015fkan\u0131 Ats\u0131z Af\u015f\u0131n Y\u0131lmaz; &#8220;Toroslar\u0131m\u0131z i\u00e7in \u00e7al\u0131\u015fmaya ve vatanda\u015flar\u0131m\u0131z\u0131n hayat\u0131na dokunan projelerimizi bir bir hayata ge\u00e7irmeye devam edece\u011fiz&#8221; dedi.<\/p>\n<p>Belediye Meclisi \u00c7al\u0131\u015fma Y\u00f6netmeli\u011finin 22. maddesi h\u00fck\u00fcmlerine g\u00f6re, 2023 y\u0131l\u0131n\u0131n Ocak ay\u0131nda olu\u015fturulacak Denetim Komisyonu \u00fcye say\u0131s\u0131n\u0131n 5 olarak belirlenmesi oy birli\u011fiyle kabul edildi.<\/p>\n<p>Toroslar Belediyesi&#8217;nin 2023 mali y\u0131l\u0131 vergi, har\u00e7 ve \u00fccret tarifesinin g\u00f6r\u00fc\u015f\u00fclerek oy birli\u011fiyle Plan ve B\u00fct\u00e7e ile \u0130mar ve Bay\u0131nd\u0131rl\u0131k Komisyonlar\u0131&#8217;na havale edildi\u011fi toplant\u0131da; 2023 y\u0131l\u0131 i\u00e7in meclis ba\u015fkan ve \u00fcyelerine, meclis ve komisyon toplant\u0131lar\u0131na kat\u0131ld\u0131klar\u0131 her g\u00fcn i\u00e7in verilecek olan huzur hakk\u0131n\u0131n belirlenmesi oy birli\u011fiyle kabul edildi.<\/p>\n<p>Belediye s\u0131n\u0131rlar\u0131 i\u00e7erisinde yer alan Toroslar \u0130l\u00e7esi, \u00c7a\u011fda\u015fkent Mahallesi, do\u011fuda 68&#8217;liler Orman\u0131, bat\u0131da 3 Ocak Spor Kompleksi, g\u00fcneyde 232. Cadde ile s\u0131n\u0131rl\u0131 alanda yap\u0131lacak olan plan de\u011fi\u015fikli\u011fi teklifi g\u00f6r\u00fc\u015f\u00fclerek oy birli\u011fiyle \u0130mar ve Bay\u0131nd\u0131rl\u0131k ile \u00c7evre ve Sa\u011fl\u0131k Komisyonlar\u0131&#8217;na sevk edildi.<\/p>\n<p>1\/5000 \u00d6l\u00e7ekli \u0130lave ve Revizyon Naz\u0131m \u0130mar Plan\u0131 kararlar\u0131 do\u011frultusunda; Toroslar Belediyesi b\u00fcnyesinde, do\u011fuda 207. Cadde, bat\u0131da Akbelen Bulvar\u0131, g\u00fcneyde Milli M\u00fccahit R\u0131fat Uslu Caddesi ve kuzeyde Mimar Sinan Bulvar\u0131 ile s\u0131n\u0131rl\u0131 alan\u0131 kapsayan b\u00f6lgeye y\u00f6nelik haz\u0131rlanan &#8220;Toroslar 4. Etap 1\/1000 \u00d6l\u00e7ekli Revizyon Uygulama \u0130mar Plan\u0131 g\u00f6r\u00fc\u015f\u00fclerek t\u00fcm komisyonlara havale edildi.<\/p>\n<p>Toroslar Belediye Meclisi Aral\u0131k Ay\u0131 ikinci oturumunu yapmak \u00fczere 7 Aral\u0131k 2022 \u00c7ar\u015famba g\u00fcn\u00fc saat 14.00&#8217;da yeniden toplanacak. 2023 y\u0131l\u0131n\u0131n Ocak ay\u0131nda yap\u0131lacak olan meclis toplant\u0131 g\u00fcn\u00fc ise 5 Ocak 2023 Per\u015fembe g\u00fcn\u00fc saat 14.00 olarak belirlendi. <\/p>\n","protected":false},"excerpt":{"rendered":"<p>Toroslar Belediyesinin Aral\u0131k Ay\u0131 Meclis Toplant\u0131s\u0131, Belediye Ba\u015fkan\u0131 Ats\u0131z Af\u015f\u0131n Y\u0131lmaz Ba\u015fkanl\u0131\u011f\u0131nda ger\u00e7ekle\u015fti. Yunus Emre K\u00fclt\u00fcr Merkezi&#8217;nde, Sayg\u0131 duru\u015fu ve \u0130stiklal Mar\u015f\u0131&#8217;n\u0131n okunmas\u0131yla ba\u015flayan toplant\u0131da g\u00fcndem maddeleri g\u00f6r\u00fc\u015f\u00fclerek karara ba\u011fland\u0131. &hellip; <a href=\"https:\/\/akdenizolaygazetesi.com\/?p=22660\" class=\"more-link\">Devam\u0131n\u0131 Oku&#8230;<\/a><\/p>\n","protected":false},"author":2,"featured_media":22661,"comment_status":"open","ping_status":"open","sticky":false,"template":"","format":"standard","meta":[],"categories":[2,3,5],"tags":[],"_links":{"self":[{"href":"https:\/\/akdenizolaygazetesi.com\/index.php?rest_route=\/wp\/v2\/posts\/22660"}],"collection":[{"href":"https:\/\/akdenizolaygazetesi.com\/index.php?rest_route=\/wp\/v2\/posts"}],"about":[{"href":"https:\/\/akdenizolaygazetesi.com\/index.php?rest_route=\/wp\/v2\/types\/post"}],"author":[{"embeddable":true,"href":"https:\/\/akdenizolaygazetesi.com\/index.php?rest_route=\/wp\/v2\/users\/2"}],"replies":[{"embeddable":true,"href":"https:\/\/akdenizolaygazetesi.com\/index.php?rest_route=%2Fwp%2Fv2%2Fcomments&post=22660"}],"version-history":[{"count":1,"href":"https:\/\/akdenizolaygazetesi.com\/index.php?rest_route=\/wp\/v2\/posts\/22660\/revisions"}],"predecessor-version":[{"id":22662,"href":"https:\/\/akdenizolaygazetesi.com\/index.php?rest_route=\/wp\/v2\/posts\/22660\/revisions\/22662"}],"wp:featuredmedia":[{"embeddable":true,"href":"https:\/\/akdenizolaygazetesi.com\/index.php?rest_route=\/wp\/v2\/media\/22661"}],"wp:attachment":[{"href":"https:\/\/akdenizolaygazetesi.com\/index.php?rest_route=%2Fwp%2Fv2%2Fmedia&parent=22660"}],"wp:term":[{"taxonomy":"category","embeddable":true,"href":"https:\/\/akdenizolaygazetesi.com\/index.php?rest_route=%2Fwp%2Fv2%2Fcategories&post=22660"},{"taxonomy":"post_tag","embeddable":true,"href":"https:\/\/akdenizolaygazetesi.com\/index.php?rest_route=%2Fwp%2Fv2%2Ftags&post=22660"}],"curies":[{"name":"wp","href":"https:\/\/api.w.org\/{rel}","templated":true}]}}